{"id":79220,"date":"2025-10-15T13:05:39","date_gmt":"2025-10-15T16:05:39","guid":{"rendered":"http:\/\/sol.fm.br\/radio\/?p=79220"},"modified":"2025-10-15T13:05:41","modified_gmt":"2025-10-15T16:05:41","slug":"sicredi-caminho-das-aguas-e-premiada-na-primeira-edicao-do-somoscoop-melhores-do-ano-rs","status":"publish","type":"post","link":"http:\/\/sol.fm.br\/radio\/sicredi-caminho-das-aguas-e-premiada-na-primeira-edicao-do-somoscoop-melhores-do-ano-rs\/","title":{"rendered":"Sicredi Caminho das \u00c1guas \u00e9 premiada na primeira edi\u00e7\u00e3o do SomosCoop Melhores do Ano RS"},"content":{"rendered":"<div id=\"dslc-theme-content\"><div id=\"dslc-theme-content-inner\"><p style=\"text-align: center;\"><i data-olk-copy-source=\"MessageBody\">Com o projeto ExpoCoopera, a cooperativa conquistou o trof\u00e9u de segundo lugar na categoria comunica\u00e7\u00e3o<\/i><\/p>\n<div>\n<p>A Sicredi Caminho das \u00c1guas foi premiada na noite desta segunda-feira (13) com a segunda coloca\u00e7\u00e3o na categoria comunica\u00e7\u00e3o do\u00a0<strong>Pr\u00eamio SomosCoop Melhores do Ano RS<\/strong>, promovido pelo Sistema da Organiza\u00e7\u00e3o das Cooperativas do Estado do Rio Grande do Sul (Ocergs). A cerim\u00f4nia de entrega foi realizada na Associa\u00e7\u00e3o Leopoldina Juvenil, em Porto Alegre (RS), com a presen\u00e7a de lideran\u00e7as cooperativistas, jornalistas e autoridades.<\/p>\n<p>A Sicredi Caminho das \u00c1guas concorreu com o projeto\u00a0<strong>ExpoCoopera<\/strong>, evento regional gratuito que reuniu especialistas, lideran\u00e7as e o p\u00fablico interessado no cooperativismo para debater temas estrat\u00e9gicos, compartilhar conhecimentos e impulsionar conex\u00f5es. Em 2025, na sua primeira edi\u00e7\u00e3o, foi realizado em abril, em Taquara (RS). Premiado, atendeu aos crit\u00e9rios de promover os valores cooperativistas e gerar impacto positivo, de forma a conectar, transformar e inspirar.<\/p>\n<p>De acordo com a assessora de comunica\u00e7\u00e3o e marketing da Sicredi Caminho das \u00c1guas, Gabriela Kich, esta \u00e9 uma conquista de muitas pessoas. \u201c<em>Acredito que fomos reconhecidos por sermos inovadores, criativos e engajados com o cooperativismo ao realizar o ExpoCoopera, pois levamos conte\u00fado para os nossos associados, comunidades e colaboradores, mostrando como o cooperativismo impacta a vida das pessoas e gera transforma\u00e7\u00e3o. Fizemos esse projeto com o cora\u00e7\u00e3o e alma<\/em>\u201d, destaca.<\/p>\n<p>Para o presidente da Sicredi Caminho das \u00c1guas, \u00c1lvaro Link, estar entre os tr\u00eas finalistas, entre tantos cases inspiradores do estado, \u00e9 motivo de orgulho para os 94 mil associados. <em>\u201cEssa conquista simboliza que estamos avan\u00e7ando de forma consistente, como uma cooperativa que sabe conciliar prosperidade e prop\u00f3sito, guiada pelos princ\u00edpios cooperativistas que nos movem. Agora, j\u00e1 programamos o segundo ExpoCoopera, em novembro de 2026, quando novamente estaremos reverberando as possibilidades que o modelo cooperativo tem de transformar realidades em nossas comunidades<\/em>\u201d, conclui.<\/p>\n<p>\u00a0<\/p>\n<p><strong>Pr\u00eamio SomosCoop Melhores do Ano RS<\/strong><\/p>\n<p>Na sua primeira edi\u00e7\u00e3o, o Pr\u00eamio SomosCoop Melhores do Ano RS tem como objetivo reconhecer a criatividade, a vis\u00e3o e os resultados alcan\u00e7ados por um seleto grupo de cooperativas, al\u00e9m de destacar as melhores pr\u00e1ticas, fortalecer o cooperativismo ga\u00facho e incentivar a dissemina\u00e7\u00e3o de iniciativas de sucesso, ao destacar o trabalho de cooperativas que agregam benef\u00edcios concretos aos seus cooperados e \u00e0 sociedade.<\/p>\n<p>\u00a0<\/p>\n<p><strong>Sobre a Sicredi Caminho das \u00c1guas<\/strong><\/p>\n<p>Constitu\u00edda em 1923, a Sicredi Caminho das \u00c1guas integra o Sistema Sicredi \u2013 composto por mais de 100 cooperativas em todo o Brasil. A institui\u00e7\u00e3o oferece um portf\u00f3lio completo com mais de 300 solu\u00e7\u00f5es financeiras para liberar o potencial de pessoas e neg\u00f3cios. Com sede em Rolante (RS), re\u00fane mais de 90 mil associados em uma \u00e1rea de atua\u00e7\u00e3o que abrange 33 munic\u00edpios do Vale do Paranhana e do Litoral Norte ga\u00facho, como Igrejinha, Sapiranga, Taquara, Cap\u00e3o da Canoa, Torres, Os\u00f3rio, Tramanda\u00ed, entre outros.<\/p>\n<hr \/>\n<h6 aria-hidden=\"true\"><strong>Sublinha! Comunica\u00e7\u00e3o | Assessoria de Imprensa - Sicredi Caminho das \u00c1guas | Foto: Arquivo Sicredi Caminho das \u00c1guas<\/strong><\/h6>\n<\/div>\n\n\n<center><iframe loading=\"lazy\" class=\"jmvplayer\" src=\"https:\/\/player.jmvstream.com\/lvw\/YYGWo5wfZuZ8fEW7Qoq1ISwhLSEDhU\" allowfullscreen allow=\"autoplay; fullscreen\" frameborder=\"0\" width=\"640\" height=\"360\" ><\/iframe><\/center>\n<\/div><\/div>","protected":false},"excerpt":{"rendered":"<p>Com o projeto ExpoCoopera, a cooperativa conquistou o trof\u00e9u de segundo lugar na categoria comunica\u00e7\u00e3o A Sicredi Caminho das \u00c1guas foi premiada na noite desta segunda-feira (13) com a segunda coloca\u00e7\u00e3o na categoria comunica\u00e7\u00e3o do\u00a0Pr\u00eamio SomosCoop Melhores do Ano RS, promovido pelo Sistema da Organiza\u00e7\u00e3o das Cooperativas do Estado do Rio Grande do Sul (Ocergs). [&hellip;]<\/p>\n","protected":false},"author":4,"featured_media":79221,"comment_status":"open","ping_status":"open","sticky":false,"template":"","format":"standard","meta":{"footnotes":""},"categories":[1],"tags":[],"class_list":["post-79220","post","type-post","status-publish","format-standard","has-post-thumbnail","hentry","category-sem-categoria"],"_links":{"self":[{"href":"http:\/\/sol.fm.br\/radio\/wp-json\/wp\/v2\/posts\/79220","targetHints":{"allow":["GET"]}}],"collection":[{"href":"http:\/\/sol.fm.br\/radio\/wp-json\/wp\/v2\/posts"}],"about":[{"href":"http:\/\/sol.fm.br\/radio\/wp-json\/wp\/v2\/types\/post"}],"author":[{"embeddable":true,"href":"http:\/\/sol.fm.br\/radio\/wp-json\/wp\/v2\/users\/4"}],"replies":[{"embeddable":true,"href":"http:\/\/sol.fm.br\/radio\/wp-json\/wp\/v2\/comments?post=79220"}],"version-history":[{"count":1,"href":"http:\/\/sol.fm.br\/radio\/wp-json\/wp\/v2\/posts\/79220\/revisions"}],"predecessor-version":[{"id":79222,"href":"http:\/\/sol.fm.br\/radio\/wp-json\/wp\/v2\/posts\/79220\/revisions\/79222"}],"wp:featuredmedia":[{"embeddable":true,"href":"http:\/\/sol.fm.br\/radio\/wp-json\/wp\/v2\/media\/79221"}],"wp:attachment":[{"href":"http:\/\/sol.fm.br\/radio\/wp-json\/wp\/v2\/media?parent=79220"}],"wp:term":[{"taxonomy":"category","embeddable":true,"href":"http:\/\/sol.fm.br\/radio\/wp-json\/wp\/v2\/categories?post=79220"},{"taxonomy":"post_tag","embeddable":true,"href":"http:\/\/sol.fm.br\/radio\/wp-json\/wp\/v2\/tags?post=79220"}],"curies":[{"name":"wp","href":"https:\/\/api.w.org\/{rel}","templated":true}]}}