{"id":79224,"date":"2025-10-15T16:21:33","date_gmt":"2025-10-15T19:21:33","guid":{"rendered":"http:\/\/sol.fm.br\/radio\/?p=79224"},"modified":"2025-10-15T16:21:34","modified_gmt":"2025-10-15T19:21:34","slug":"feitech-2025-reune-grandes-nomes-da-inovacao-tecnologia-e-empreendedorismo-em-passo-fundo-rs","status":"publish","type":"post","link":"http:\/\/sol.fm.br\/radio\/feitech-2025-reune-grandes-nomes-da-inovacao-tecnologia-e-empreendedorismo-em-passo-fundo-rs\/","title":{"rendered":"FeiTech 2025 re\u00fane grandes nomes da inova\u00e7\u00e3o, tecnologia e empreendedorismo em Passo Fundo\/RS"},"content":{"rendered":"<div id=\"dslc-theme-content\"><div id=\"dslc-theme-content-inner\"><p style=\"text-align: center;\"><em>De 23 a 25 de outubro, evento trar\u00e1 palestras, pain\u00e9is e experi\u00eancias transformadoras no Gran Palazzo<\/em><\/p>\n<p>\u00a0<\/p>\n<p>Passo Fundo ser\u00e1 palco da FeiTech 2025 \u2013 Feira de Inova\u00e7\u00e3o, Tecnologia, Neg\u00f3cios e Conte\u00fado, que acontece de 23 a 25 de outubro, no Gran Palazzo. O evento reunir\u00e1, durante tr\u00eas dias, mentes inovadoras, empresas, startups, universidades e institui\u00e7\u00f5es p\u00fablicas, em um ambiente voltado \u00e0 troca de experi\u00eancias e \u00e0 constru\u00e7\u00e3o de solu\u00e7\u00f5es para os desafios do futuro<\/p>\n<p>A programa\u00e7\u00e3o da FeiTech \u00e9 marcada por palestras inspiradoras, workshops, pain\u00e9is tem\u00e1ticos, exposi\u00e7\u00f5es tecnol\u00f3gicas e rodadas de neg\u00f3cios, consolidando o evento como um dos principais espa\u00e7os de debate sobre inova\u00e7\u00e3o e empreendedorismo no Sul do pa\u00eds.<\/p>\n<p>No dia 23 de outubro, a abertura ter\u00e1 como destaque os cientistas Luiz e Carmen Donaduzzi, cofundadores da Prati-Donaduzzi e do Biopark, refer\u00eancia nacional em pesquisa, biotecnologia e desenvolvimento cient\u00edfico no Paran\u00e1. O casal trar\u00e1 ao p\u00fablico um olhar sobre como ci\u00eancia, ind\u00fastria e inova\u00e7\u00e3o podem caminhar juntas para transformar realidades<\/p>\n<p>J\u00e1 no dia 24, o palco da FeiTech recebe Guilherme Benchimol, fundador da XP Investimentos, que compartilhar\u00e1 sua trajet\u00f3ria de lideran\u00e7a e inova\u00e7\u00e3o no mercado financeiro brasileiro. O dia tamb\u00e9m contar\u00e1 com Cassyano Correr, farmac\u00eautico e refer\u00eancia em inova\u00e7\u00e3o na \u00e1rea da sa\u00fade, e com o m\u00e9dico Ricardo Kobayashi, da USP, que abordar\u00e1 os avan\u00e7os e desafios na intersec\u00e7\u00e3o entre medicina e tecnologia.<\/p>\n<p>Encerrando a programa\u00e7\u00e3o, no dia 25, os campe\u00f5es mundiais Dunga e Cafu prometem inspirar o p\u00fablico com hist\u00f3rias de supera\u00e7\u00e3o, lideran\u00e7a e empreendedorismo social, mostrando como valores do esporte podem ser aplicados \u00e0 vida e aos neg\u00f3cios.<\/p>\n<p>Com o tema \u201cInova\u00e7\u00e3o \u00e9 construir um novo futuro\u201d, a FeiTech 2025 refor\u00e7a o papel de Passo Fundo como polo de desenvolvimento e conhecimento. A entrada \u00e9 franca e a feira promete uma imers\u00e3o \u00fanica em tecnologia, neg\u00f3cios e conex\u00f5es humanas.<\/p>\n<p><strong>Servi\u00e7o<\/strong><\/p>\n<p><strong>FeiTech 2025 \u2013 Inova\u00e7\u00e3o \u00e9 construir um novo futuro.<\/strong><\/p>\n<p><strong>&#x1f4cd; De 23 a 25 de outubro, no Gran Palazzo, em Passo Fundo (RS).<\/strong><\/p>\n<p><strong>&#x1f39f;&#xfe0f; Entrada gratuita.<\/strong><\/p>\n<p style=\"text-align: center;\"><img loading=\"lazy\" decoding=\"async\" class=\"alignnone size-medium wp-image-79226\" src=\"http:\/\/sol.fm.br\/radio\/wp-content\/uploads\/2025\/10\/91-1-400x251.jpeg\" alt=\"\" width=\"400\" height=\"251\" srcset=\"http:\/\/sol.fm.br\/radio\/wp-content\/uploads\/2025\/10\/91-1-400x251.jpeg 400w, http:\/\/sol.fm.br\/radio\/wp-content\/uploads\/2025\/10\/91-1-768x482.jpeg 768w, http:\/\/sol.fm.br\/radio\/wp-content\/uploads\/2025\/10\/91-1-1536x964.jpeg 1536w, http:\/\/sol.fm.br\/radio\/wp-content\/uploads\/2025\/10\/91-1.jpeg 1600w\" sizes=\"auto, (max-width: 400px) 100vw, 400px\" \/> <img loading=\"lazy\" decoding=\"async\" class=\"alignnone size-medium wp-image-79227\" src=\"http:\/\/sol.fm.br\/radio\/wp-content\/uploads\/2025\/10\/92-1-400x251.jpeg\" alt=\"\" width=\"400\" height=\"251\" srcset=\"http:\/\/sol.fm.br\/radio\/wp-content\/uploads\/2025\/10\/92-1-400x251.jpeg 400w, http:\/\/sol.fm.br\/radio\/wp-content\/uploads\/2025\/10\/92-1-768x482.jpeg 768w, http:\/\/sol.fm.br\/radio\/wp-content\/uploads\/2025\/10\/92-1-1536x964.jpeg 1536w, http:\/\/sol.fm.br\/radio\/wp-content\/uploads\/2025\/10\/92-1.jpeg 1600w\" sizes=\"auto, (max-width: 400px) 100vw, 400px\" \/> <img loading=\"lazy\" decoding=\"async\" class=\"alignnone size-medium wp-image-79228\" src=\"http:\/\/sol.fm.br\/radio\/wp-content\/uploads\/2025\/10\/93-400x251.jpeg\" alt=\"\" width=\"400\" height=\"251\" srcset=\"http:\/\/sol.fm.br\/radio\/wp-content\/uploads\/2025\/10\/93-400x251.jpeg 400w, http:\/\/sol.fm.br\/radio\/wp-content\/uploads\/2025\/10\/93-768x482.jpeg 768w, http:\/\/sol.fm.br\/radio\/wp-content\/uploads\/2025\/10\/93-1536x964.jpeg 1536w, http:\/\/sol.fm.br\/radio\/wp-content\/uploads\/2025\/10\/93.jpeg 1600w\" sizes=\"auto, (max-width: 400px) 100vw, 400px\" \/> <img loading=\"lazy\" decoding=\"async\" class=\"alignnone size-medium wp-image-79229\" src=\"http:\/\/sol.fm.br\/radio\/wp-content\/uploads\/2025\/10\/94-400x251.jpeg\" alt=\"\" width=\"400\" height=\"251\" srcset=\"http:\/\/sol.fm.br\/radio\/wp-content\/uploads\/2025\/10\/94-400x251.jpeg 400w, http:\/\/sol.fm.br\/radio\/wp-content\/uploads\/2025\/10\/94-768x482.jpeg 768w, http:\/\/sol.fm.br\/radio\/wp-content\/uploads\/2025\/10\/94-1536x964.jpeg 1536w, http:\/\/sol.fm.br\/radio\/wp-content\/uploads\/2025\/10\/94.jpeg 1600w\" sizes=\"auto, (max-width: 400px) 100vw, 400px\" \/> <img loading=\"lazy\" decoding=\"async\" class=\"alignnone size-medium wp-image-79230\" src=\"http:\/\/sol.fm.br\/radio\/wp-content\/uploads\/2025\/10\/95-400x251.jpeg\" alt=\"\" width=\"400\" height=\"251\" srcset=\"http:\/\/sol.fm.br\/radio\/wp-content\/uploads\/2025\/10\/95-400x251.jpeg 400w, http:\/\/sol.fm.br\/radio\/wp-content\/uploads\/2025\/10\/95-768x482.jpeg 768w, http:\/\/sol.fm.br\/radio\/wp-content\/uploads\/2025\/10\/95-1536x964.jpeg 1536w, http:\/\/sol.fm.br\/radio\/wp-content\/uploads\/2025\/10\/95.jpeg 1600w\" sizes=\"auto, (max-width: 400px) 100vw, 400px\" \/> <img loading=\"lazy\" decoding=\"async\" class=\"alignnone size-medium wp-image-79231\" src=\"http:\/\/sol.fm.br\/radio\/wp-content\/uploads\/2025\/10\/96-400x251.jpeg\" alt=\"\" width=\"400\" height=\"251\" srcset=\"http:\/\/sol.fm.br\/radio\/wp-content\/uploads\/2025\/10\/96-400x251.jpeg 400w, http:\/\/sol.fm.br\/radio\/wp-content\/uploads\/2025\/10\/96-768x482.jpeg 768w, http:\/\/sol.fm.br\/radio\/wp-content\/uploads\/2025\/10\/96-1536x964.jpeg 1536w, http:\/\/sol.fm.br\/radio\/wp-content\/uploads\/2025\/10\/96.jpeg 1600w\" sizes=\"auto, (max-width: 400px) 100vw, 400px\" \/> <img loading=\"lazy\" decoding=\"async\" class=\"alignnone size-medium wp-image-79232\" src=\"http:\/\/sol.fm.br\/radio\/wp-content\/uploads\/2025\/10\/97-400x251.jpeg\" alt=\"\" width=\"400\" height=\"251\" srcset=\"http:\/\/sol.fm.br\/radio\/wp-content\/uploads\/2025\/10\/97-400x251.jpeg 400w, http:\/\/sol.fm.br\/radio\/wp-content\/uploads\/2025\/10\/97-768x482.jpeg 768w, http:\/\/sol.fm.br\/radio\/wp-content\/uploads\/2025\/10\/97-1536x964.jpeg 1536w, http:\/\/sol.fm.br\/radio\/wp-content\/uploads\/2025\/10\/97.jpeg 1600w\" sizes=\"auto, (max-width: 400px) 100vw, 400px\" \/><\/p>\n<hr \/>\n<h6><strong>Rede de Farm\u00e1cias S\u00e3o Jo\u00e3o<\/strong><\/h6>\n\n\n<center><iframe loading=\"lazy\" class=\"jmvplayer\" src=\"https:\/\/player.jmvstream.com\/lvw\/YYGWo5wfZuZ8fEW7Qoq1ISwhLSEDhU\" allowfullscreen allow=\"autoplay; fullscreen\" frameborder=\"0\" width=\"640\" height=\"360\" ><\/iframe><\/center>\n<\/div><\/div>","protected":false},"excerpt":{"rendered":"<p>De 23 a 25 de outubro, evento trar\u00e1 palestras, pain\u00e9is e experi\u00eancias transformadoras no Gran Palazzo \u00a0 Passo Fundo ser\u00e1 palco da FeiTech 2025 \u2013 Feira de Inova\u00e7\u00e3o, Tecnologia, Neg\u00f3cios e Conte\u00fado, que acontece de 23 a 25 de outubro, no Gran Palazzo. O evento reunir\u00e1, durante tr\u00eas dias, mentes inovadoras, empresas, startups, universidades e [&hellip;]<\/p>\n","protected":false},"author":4,"featured_media":79225,"comment_status":"open","ping_status":"open","sticky":false,"template":"","format":"standard","meta":{"footnotes":""},"categories":[1],"tags":[],"class_list":["post-79224","post","type-post","status-publish","format-standard","has-post-thumbnail","hentry","category-sem-categoria"],"_links":{"self":[{"href":"http:\/\/sol.fm.br\/radio\/wp-json\/wp\/v2\/posts\/79224","targetHints":{"allow":["GET"]}}],"collection":[{"href":"http:\/\/sol.fm.br\/radio\/wp-json\/wp\/v2\/posts"}],"about":[{"href":"http:\/\/sol.fm.br\/radio\/wp-json\/wp\/v2\/types\/post"}],"author":[{"embeddable":true,"href":"http:\/\/sol.fm.br\/radio\/wp-json\/wp\/v2\/users\/4"}],"replies":[{"embeddable":true,"href":"http:\/\/sol.fm.br\/radio\/wp-json\/wp\/v2\/comments?post=79224"}],"version-history":[{"count":1,"href":"http:\/\/sol.fm.br\/radio\/wp-json\/wp\/v2\/posts\/79224\/revisions"}],"predecessor-version":[{"id":79233,"href":"http:\/\/sol.fm.br\/radio\/wp-json\/wp\/v2\/posts\/79224\/revisions\/79233"}],"wp:featuredmedia":[{"embeddable":true,"href":"http:\/\/sol.fm.br\/radio\/wp-json\/wp\/v2\/media\/79225"}],"wp:attachment":[{"href":"http:\/\/sol.fm.br\/radio\/wp-json\/wp\/v2\/media?parent=79224"}],"wp:term":[{"taxonomy":"category","embeddable":true,"href":"http:\/\/sol.fm.br\/radio\/wp-json\/wp\/v2\/categories?post=79224"},{"taxonomy":"post_tag","embeddable":true,"href":"http:\/\/sol.fm.br\/radio\/wp-json\/wp\/v2\/tags?post=79224"}],"curies":[{"name":"wp","href":"https:\/\/api.w.org\/{rel}","templated":true}]}}