{"id":79235,"date":"2025-10-16T09:21:39","date_gmt":"2025-10-16T12:21:39","guid":{"rendered":"http:\/\/sol.fm.br\/radio\/?p=79235"},"modified":"2025-10-16T09:21:42","modified_gmt":"2025-10-16T12:21:42","slug":"carreata-do-chopp-anuncia-a-chegada-da-36a-oktoberfest-de-igrejinha-pelas-cidades-da-regiao","status":"publish","type":"post","link":"http:\/\/sol.fm.br\/radio\/carreata-do-chopp-anuncia-a-chegada-da-36a-oktoberfest-de-igrejinha-pelas-cidades-da-regiao\/","title":{"rendered":"Carreata do Chopp anuncia a chegada da 36\u00aa Oktoberfest de Igrejinha pelas cidades da regi\u00e3o"},"content":{"rendered":"<div id=\"dslc-theme-content\"><div id=\"dslc-theme-content-inner\"><p class=\"x_yiv9310129371ydp81e67d41yiv1239882881MsoNormal\" align=\"center\"><i data-olk-copy-source=\"MessageBody\">Desfile com m\u00fasica, alegria e distribui\u00e7\u00e3o de chopp percorrer\u00e1 seis cidades nesta quinta-feira (16), celebrando o in\u00edcio da 36\u00aa edi\u00e7\u00e3o da festa<\/i><\/p>\n<p class=\"x_yiv9310129371ydp81e67d41yiv1239882881MsoNormal\" aria-hidden=\"true\">\u00a0<\/p>\n<p class=\"x_yiv9310129371ydp81e67d41yiv1239882881MsoNormal\">A expectativa para a 36\u00aa Oktoberfest de Igrejinha se intensifica nesta quinta-feira (16), com a tradicional Carreata do Chopp, que percorrer\u00e1 diversas cidades do Vale dos Sinos e do Vale do Paranhana. Levando m\u00fasica, alegria e o esp\u00edrito volunt\u00e1rio que marca o evento, o cortejo tem in\u00edcio previsto para o meio-dia em Novo Hamburgo e encerramento em Igrejinha por volta das 20 horas.<\/p>\n<p class=\"x_yiv9310129371ydp81e67d41yiv1239882881MsoNormal\">A tradicional atividade simboliza o in\u00edcio da festa e contar\u00e1 com a presen\u00e7a da diretoria da Amifest (Associa\u00e7\u00e3o de Amigos da Oktoberfest de Igrejinha), o trio de soberanas e volunt\u00e1rios da Oktober. A a\u00e7\u00e3o reunir\u00e1 ainda o trio el\u00e9trico e o Bierwagen (Carro da Cerveja), com a distribui\u00e7\u00e3o gratuita de copos de chopp, apenas em Parob\u00e9, Taquara e na pra\u00e7a de Igrejinha.<\/p>\n<p><img loading=\"lazy\" decoding=\"async\" class=\"alignnone size-medium wp-image-79237 aligncenter\" src=\"http:\/\/sol.fm.br\/radio\/wp-content\/uploads\/2025\/10\/01-3-400x267.jpg\" alt=\"\" width=\"400\" height=\"267\" srcset=\"http:\/\/sol.fm.br\/radio\/wp-content\/uploads\/2025\/10\/01-3-400x267.jpg 400w, http:\/\/sol.fm.br\/radio\/wp-content\/uploads\/2025\/10\/01-3-768x512.jpg 768w, http:\/\/sol.fm.br\/radio\/wp-content\/uploads\/2025\/10\/01-3-600x400.jpg 600w, http:\/\/sol.fm.br\/radio\/wp-content\/uploads\/2025\/10\/01-3-1536x1024.jpg 1536w, http:\/\/sol.fm.br\/radio\/wp-content\/uploads\/2025\/10\/01-3.jpg 2048w\" sizes=\"auto, (max-width: 400px) 100vw, 400px\" \/><\/p>\n<p class=\"x_yiv9310129371ydp81e67d41yiv1239882881MsoNormal\"><em>\u201cA Carreata do Chopp \u00e9 um s\u00edmbolo da integra\u00e7\u00e3o entre as cidades da regi\u00e3o, uma forma de levar um pouco da energia da nossa Oktoberfest aos munic\u00edpios, celebrando a uni\u00e3o, a alegria e o esp\u00edrito comunit\u00e1rio que fazem parte da nossa festa<\/em>\u201d, explica Falcon Jost, presidente da Amifest.<\/p>\n<p class=\"x_yiv9310129371ydp81e67d41yiv1239882881MsoNormal\" aria-hidden=\"true\">\u00a0<\/p>\n<p class=\"x_yiv9310129371ydp81e67d41yiv1239882881MsoNormal\"><b>Confira o itiner\u00e1rio da Carreata do Chopp<\/b><\/p>\n<p class=\"x_yiv9310129371ydp81e67d41yiv1239882881MsoNormal\">O percurso inicia em\u00a0<b>Novo Hamburgo<\/b>, ao meio-dia, na Avenida Vereador Ad\u00e3o Rodrigues de Oliveira, pr\u00f3ximo ao viaduto da BR-116, seguindo pela Rua Pedro Adams Filho, Avenida Nicolau Becker e Avenida Victor Hugo Kunst at\u00e9 Campo Bom.<\/p>\n<p class=\"x_yiv9310129371ydp81e67d41yiv1239882881MsoNormal\">Em\u00a0<b>Campo Bom<\/b>, o trajeto come\u00e7a \u00e0s 13h15, na divisa Com Novo Hamburgo, na r\u00f3tula do Morro de Canudos, percorrendo a Avenida Victor Hugo Kunst at\u00e9 o centro, pela Avenida Brasil, e seguindo pela Avenida dos Munic\u00edpios at\u00e9 os fundos da Pol\u00edcia Rodovi\u00e1ria, com sa\u00edda pela ERS-239 \u00e0s 14 horas.<\/p>\n<p class=\"x_yiv9310129371ydp81e67d41yiv1239882881MsoNormal\">A carreata entra em\u00a0<b>Sapiranga<\/b>\u00a0\u00e0s 14h15, partindo da Pol\u00edcia Rodovi\u00e1ria e passando pelo centro da cidade pelas Rua S\u00e3o Miguel, Av. Jo\u00e3o Corr\u00eaa e Rua Presidente Kennedy, retornando \u00e0 ERS-239 no sentido Araric\u00e1.<\/p>\n<p class=\"x_yiv9310129371ydp81e67d41yiv1239882881MsoNormal\">J\u00e1 em\u00a0<b>Parob\u00e9<\/b>, o grupo chega por volta das 16 horas, ingressando na cidade pela ERS-239. O trajeto inclui passagens pelas ruas Djalmo Haack, Alfredo Haack, Princesa Isabel, Arthu\u00edno Arsand, Odorico Mosmann, Jo\u00e3o Mosmann, Avelino Ohlweiller e Jacobs Willerm, retornando \u00e0 ERS-239.<\/p>\n<p class=\"x_yiv9310129371ydp81e67d41yiv1239882881MsoNormal\">Em\u00a0<b>Taquara<\/b>, o desfile tem in\u00edcio \u00e0s 17h15 na esquina da Rua Carlos Sander com a Rua Federa\u00e7\u00e3o, seguindo para as ruas Coronel Evaristo, J\u00falio de Castilhos, Av. Marechal Teodoro e Ruas Trist\u00e3o Monteiro, antes de seguir pela ERS-115 em dire\u00e7\u00e3o a Igrejinha.<\/p>\n<p><img loading=\"lazy\" decoding=\"async\" class=\"alignnone size-medium wp-image-79238 aligncenter\" src=\"http:\/\/sol.fm.br\/radio\/wp-content\/uploads\/2025\/10\/02-1-400x267.jpg\" alt=\"\" width=\"400\" height=\"267\" srcset=\"http:\/\/sol.fm.br\/radio\/wp-content\/uploads\/2025\/10\/02-1-400x267.jpg 400w, http:\/\/sol.fm.br\/radio\/wp-content\/uploads\/2025\/10\/02-1-768x512.jpg 768w, http:\/\/sol.fm.br\/radio\/wp-content\/uploads\/2025\/10\/02-1-600x400.jpg 600w, http:\/\/sol.fm.br\/radio\/wp-content\/uploads\/2025\/10\/02-1-1536x1024.jpg 1536w, http:\/\/sol.fm.br\/radio\/wp-content\/uploads\/2025\/10\/02-1.jpg 1560w\" sizes=\"auto, (max-width: 400px) 100vw, 400px\" \/><\/p>\n<p class=\"x_yiv9310129371ydp81e67d41yiv1239882881MsoNormal\">O ponto final da carreata \u00e9 em\u00a0<b>Igrejinha<\/b>, onde o cortejo chega por volta das 19 horas. O percurso dentro do munic\u00edpio inclui as ruas Herbert Evald M\u00fcller, Anita Garibaldi, Sete de Julho, Imigra\u00e7\u00e3o, Nove de Fevereiro, Santa Catarina, Theodoro Bischoff, Felipe dos Santos e Arnoldo Osvaldo Mentz, al\u00e9m da Travessa Pontal (Ponte do Bairro XV de Novembro) e avenidas Ildo Meneghetti e Presidente Castelo Branco, finalizando na Pra\u00e7a Dona Lu\u00edsa.<\/p>\n<p class=\"x_yiv9310129371ydp81e67d41yiv1239882881MsoNormal\" aria-hidden=\"true\">\u00a0<\/p>\n<p class=\"x_yiv9310129371ydp81e67d41yiv1239882881MsoNormal\"><b>SERVI\u00c7O<\/b><\/p>\n<p class=\"x_yiv9310129371ydp81e67d41yiv1239882881MsoNormal\"><b>Evento:<\/b>\u00a036\u00aa Oktoberfest de Igrejinha<\/p>\n<p class=\"x_yiv9310129371ydp81e67d41yiv1239882881MsoNormal\"><b>Data:<\/b>\u00a017 a 26 de outubro de 2025<\/p>\n<p class=\"x_yiv9310129371ydp81e67d41yiv1239882881MsoNormal\"><b>Local:\u00a0<\/b>Parque de Eventos Almiro Grings (<i>Rua<\/i>\u00a0<i>Arlindo<\/i>\u00a0<i>Geis 255,<\/i>\u00a0<i>Igrejinha\/RS)<\/i><\/p>\n<p class=\"x_yiv9310129371ydp81e67d41yiv1239882881MsoNormal\"><b>Ingressos:\u00a0<\/b>dispon\u00edveis atrav\u00e9s do site oficial\u00a0<a title=\"http:\/\/www.oktoberfest.org.br\/\" href=\"http:\/\/www.oktoberfest.org.br\/\" target=\"_blank\" rel=\"nofollow noopener noreferrer\" shape=\"rect\" data-auth=\"NotApplicable\" data-linkindex=\"0\">www.oktoberfest.org.br<\/a>. Ingresso de acesso individual, v\u00e1lido para um \u00fanico dia. Lotes sujeitos a disponibilidade de ingressos.<\/p>\n<p class=\"x_yiv9310129371ydp81e67d41yiv1239882881MsoNormal\"><b>\u00a0\u00a0\u00a0\u00a0\u00a0\u00a0 2\u00ba lote Arena:\u00a0<\/b>Sextas-feiras (17 e 24\/10) \u2013 R$ 47,00 | S\u00e1bados (18 e 25\/10) \u2013 R$ 34,00 | Domingos (19 e 26\/10) \u2013 R$ 47,00<\/p>\n<p class=\"x_yiv9310129371ydp81e67d41yiv1239882881MsoNormal\"><b>\u00a0\u00a0\u00a0\u00a0\u00a0\u00a0 3\u00ba lote Arena:\u00a0<\/b>Sextas-feiras (17 e 24\/10) \u2013 R$ 58,00 | S\u00e1bados (18 e 25\/10) \u2013 R$ 42,00 | Domingos (19 e 26\/10) \u2013 R$ 58,00<\/p>\n<p class=\"x_yiv9310129371ydp81e67d41yiv1239882881MsoNormal\"><b>Patroc\u00ednio:\u00a0<\/b>Eisenbahn, Coca-Cola, Piccadilly, Cal\u00e7ados Beira Rio, Usaflex, Sicoob, Ambiente Verde, Bebec\u00ea, Voltec, A\u00e7oriana Alimentos, Bibi, Construarte, Madeireira Status, Tacosola,\u00a0 Tintas Killing e Banrisul Cons\u00f3rcio.<\/p>\n<p class=\"x_yiv9310129371ydp81e67d41yiv1239882881MsoNormal\"><b>Patroc\u00ednio Institucional:<\/b>\u00a0SECOM<\/p>\n<p class=\"x_yiv9310129371ydp81e67d41yiv1239882881MsoNormal\"><b>Mais informa\u00e7\u00f5es:\u00a0<\/b>atrav\u00e9s do site oficial<a title=\"http:\/\/www.oktoberfest.org.br\/\" href=\"http:\/\/www.oktoberfest.org.br\/\" target=\"_blank\" rel=\"nofollow noopener noreferrer\" shape=\"rect\" data-auth=\"NotApplicable\" data-linkindex=\"1\">\u00a0www.oktoberfest.org.br<\/a>\u00a0e das redes sociais.<\/p>\n<hr \/>\n<h6><strong>Assessoria de Imprensa - Talenttare | Fotos: Cleiton Miguel<\/strong><\/h6>\n\n\n<center><iframe loading=\"lazy\" class=\"jmvplayer\" src=\"https:\/\/player.jmvstream.com\/lvw\/YYGWo5wfZuZ8fEW7Qoq1ISwhLSEDhU\" allowfullscreen allow=\"autoplay; fullscreen\" frameborder=\"0\" width=\"640\" height=\"360\" ><\/iframe><\/center>\n<\/div><\/div>","protected":false},"excerpt":{"rendered":"<p>Desfile com m\u00fasica, alegria e distribui\u00e7\u00e3o de chopp percorrer\u00e1 seis cidades nesta quinta-feira (16), celebrando o in\u00edcio da 36\u00aa edi\u00e7\u00e3o da festa \u00a0 A expectativa para a 36\u00aa Oktoberfest de Igrejinha se intensifica nesta quinta-feira (16), com a tradicional Carreata do Chopp, que percorrer\u00e1 diversas cidades do Vale dos Sinos e do Vale do Paranhana. [&hellip;]<\/p>\n","protected":false},"author":4,"featured_media":79236,"comment_status":"open","ping_status":"open","sticky":false,"template":"","format":"standard","meta":{"footnotes":""},"categories":[1],"tags":[],"class_list":["post-79235","post","type-post","status-publish","format-standard","has-post-thumbnail","hentry","category-sem-categoria"],"_links":{"self":[{"href":"http:\/\/sol.fm.br\/radio\/wp-json\/wp\/v2\/posts\/79235","targetHints":{"allow":["GET"]}}],"collection":[{"href":"http:\/\/sol.fm.br\/radio\/wp-json\/wp\/v2\/posts"}],"about":[{"href":"http:\/\/sol.fm.br\/radio\/wp-json\/wp\/v2\/types\/post"}],"author":[{"embeddable":true,"href":"http:\/\/sol.fm.br\/radio\/wp-json\/wp\/v2\/users\/4"}],"replies":[{"embeddable":true,"href":"http:\/\/sol.fm.br\/radio\/wp-json\/wp\/v2\/comments?post=79235"}],"version-history":[{"count":1,"href":"http:\/\/sol.fm.br\/radio\/wp-json\/wp\/v2\/posts\/79235\/revisions"}],"predecessor-version":[{"id":79239,"href":"http:\/\/sol.fm.br\/radio\/wp-json\/wp\/v2\/posts\/79235\/revisions\/79239"}],"wp:featuredmedia":[{"embeddable":true,"href":"http:\/\/sol.fm.br\/radio\/wp-json\/wp\/v2\/media\/79236"}],"wp:attachment":[{"href":"http:\/\/sol.fm.br\/radio\/wp-json\/wp\/v2\/media?parent=79235"}],"wp:term":[{"taxonomy":"category","embeddable":true,"href":"http:\/\/sol.fm.br\/radio\/wp-json\/wp\/v2\/categories?post=79235"},{"taxonomy":"post_tag","embeddable":true,"href":"http:\/\/sol.fm.br\/radio\/wp-json\/wp\/v2\/tags?post=79235"}],"curies":[{"name":"wp","href":"https:\/\/api.w.org\/{rel}","templated":true}]}}