{"id":79247,"date":"2025-10-16T10:58:42","date_gmt":"2025-10-16T13:58:42","guid":{"rendered":"http:\/\/sol.fm.br\/radio\/?p=79247"},"modified":"2025-10-16T10:58:45","modified_gmt":"2025-10-16T13:58:45","slug":"com-foco-na-viticultura-8o-encontro-enoconexao-chega-ao-terceiro-dia","status":"publish","type":"post","link":"http:\/\/sol.fm.br\/radio\/com-foco-na-viticultura-8o-encontro-enoconexao-chega-ao-terceiro-dia\/","title":{"rendered":"Com foco na viticultura, 8\u00ba Encontro Enoconex\u00e3o chega ao terceiro dia"},"content":{"rendered":"<div id=\"dslc-theme-content\"><div id=\"dslc-theme-content-inner\"><p style=\"text-align: center;\"><i data-olk-copy-source=\"MessageBody\">Entre os destaques da programa\u00e7\u00e3o est\u00e1 a apresenta\u00e7\u00e3o sobre a diversifica\u00e7\u00e3o da propriedade rural: agregando valor com novas atividades e culturas, tema que ser\u00e1 discutido em uma mesa redonda<\/i><\/p>\n<div>\n<p><em>A\u00a0<\/em>programa\u00e7\u00e3o t\u00e9cnica da 8\u00ba edi\u00e7\u00e3o do Encontro Enoconex\u00e3o, iniciada ontem (15), no Sal\u00e3o de Cultura e Eventos de Louveira\/SP, chega ao seu \u00faltimo dia com palestras focadas na viticultura. O encontro inicia-se \u00e0s 13h com a apresenta\u00e7\u00e3o do engenheiro agr\u00f4nomo e consultor chileno, especialista em vitivinicultura, Pedro Izquierdo, que abordar\u00e1 o tema: Produtividade e qualidade no vinhedo: Qual o equil\u00edbrio?<\/p>\n<p>Na sequ\u00eancia, \u00e0s 14h, come\u00e7a o painel: \u201cDiversifica\u00e7\u00e3o da propriedade rural: agregando valor com novas atividades e culturas\u201d. Rodrigo Baccan, chefe de divis\u00e3o da CATI Regional Campinas, apresentar\u00e1 o projeto de frutas vermelhas da CATI, que vem estimulando produtores a investirem em culturas como amora, framboesa e mirtilo.<\/p>\n<p>Na sequ\u00eancia, o produtor Ricardo Paulino, do S\u00edtio Fragole e o casal Graziela e Rafael Michelin, do Villagio\u00a0Michelin, contar\u00e3o um pouco de suas experi\u00eancias ao transformarem suas propriedades rurais e a economia de suas fam\u00edlias atrav\u00e9s da implementa\u00e7\u00e3o do turismo rural. A agr\u00f4noma e especialista em cultivo\u00a0indoor, Carla Campanaro, tamb\u00e9m participa da conversa. Ela vai dar dicas de como montar estufas; quais culturas v\u00e3o bem nesse tipo de cultivo; quais s\u00e3o mais lucrativas e que podem ser alternativas a outros produtores.<\/p>\n<p>O objetivo dessa mesa redonda \u00e9 evidenciar como a diversifica\u00e7\u00e3o produtiva contribui para fortalecer a sustentabilidade econ\u00f4mica das propriedades rurais, al\u00e9m de abrir caminhos para novos mercados e agregar competitividade ao agroneg\u00f3cio paulista e brasileiro. \u201c<em>S\u00e3o alternativas de grande potencial, pois exigem \u00e1reas relativamente pequenas para o cultivo, oferecem alto valor agregado e representam novas oportunidades de renda para a agricultura familiar e para propriedades de diferentes portes<\/em>\u201d, destaca, Rafael Vicchini, s\u00f3cio-diretor da Enoconex\u00e3o, empresa que atua no segmento vitivin\u00edcola de S\u00e3o Paulo e um dos respons\u00e1veis pela organiza\u00e7\u00e3o do evento.<\/p>\n<p style=\"text-align: center;\"><img loading=\"lazy\" decoding=\"async\" class=\"alignnone size-medium wp-image-79249\" src=\"http:\/\/sol.fm.br\/radio\/wp-content\/uploads\/2025\/10\/31-5-400x267.jpg\" alt=\"\" width=\"400\" height=\"267\" srcset=\"http:\/\/sol.fm.br\/radio\/wp-content\/uploads\/2025\/10\/31-5-400x267.jpg 400w, http:\/\/sol.fm.br\/radio\/wp-content\/uploads\/2025\/10\/31-5-768x512.jpg 768w, http:\/\/sol.fm.br\/radio\/wp-content\/uploads\/2025\/10\/31-5-600x400.jpg 600w, http:\/\/sol.fm.br\/radio\/wp-content\/uploads\/2025\/10\/31-5.jpg 1280w\" sizes=\"auto, (max-width: 400px) 100vw, 400px\" \/> <img loading=\"lazy\" decoding=\"async\" class=\"alignnone size-medium wp-image-79250\" src=\"http:\/\/sol.fm.br\/radio\/wp-content\/uploads\/2025\/10\/32-2-400x267.jpg\" alt=\"\" width=\"400\" height=\"267\" srcset=\"http:\/\/sol.fm.br\/radio\/wp-content\/uploads\/2025\/10\/32-2-400x267.jpg 400w, http:\/\/sol.fm.br\/radio\/wp-content\/uploads\/2025\/10\/32-2-768x512.jpg 768w, http:\/\/sol.fm.br\/radio\/wp-content\/uploads\/2025\/10\/32-2-600x400.jpg 600w, http:\/\/sol.fm.br\/radio\/wp-content\/uploads\/2025\/10\/32-2.jpg 1280w\" sizes=\"auto, (max-width: 400px) 100vw, 400px\" \/><\/p>\n<p><strong>Mais destaques<\/strong><\/p>\n<p>Na sequ\u00eancia da programa\u00e7\u00e3o da 8\u00ba edi\u00e7\u00e3o do Encontro Enoconex\u00e3o, o assunto ser\u00e1 tecnologia com o tema: O universo el\u00e9trico chegando no agro com a demonstra\u00e7\u00e3o do trator el\u00e9trico agro 2572 4x4, da LF Tratpres El\u00e9tricos e Implementos e YAK.<\/p>\n<p>Retorna para encerrar o ciclo de palestras o consultor chileno Pedro Izquierdo que vai falar sobre Sustentabilidade nos vinhedos: Case de cultivo da variedade Pinot Noir em parceria com a comunidade Mapuche no sul do Chile. Haver\u00e1 ainda degusta\u00e7\u00e3o guiada.<\/p>\n<p>\u00a0<\/p>\n<p><strong>Organiza\u00e7\u00e3o<\/strong><\/p>\n<p>O 8\u00ba Encontro Enoconex\u00e3o conta com a organiza\u00e7\u00e3o da empresa Enoconex\u00e3o. Dentre suas atividades est\u00e3o: assessoria de vin\u00edcolas para regulariza\u00e7\u00e3o perante o MAPA; consultoria na \u00e1rea de vinifica\u00e7\u00e3o e desenvolvimento de produtos; comercializa\u00e7\u00e3o de uvas de diferentes regi\u00f5es do pa\u00eds; cursos r\u00e1pidos de vinifica\u00e7\u00e3o, auxiliando na capacita\u00e7\u00e3o de produtores e cantineiros.<\/p>\n<p>A\u00a0coorganiza\u00e7\u00e3o\u00a0\u00e9 realizada pelo Polo Tur\u00edstico do Circuito das Frutas. A regi\u00e3o \u00e9 formada pelos munic\u00edpios de: Atibaia, Indaiatuba, Itatiba, Itupeva, Jarinu, Jundia\u00ed, Louveira, Morungaba, Valinhos e Vinhedo. Destacam-se, a cultura da uva, morango, p\u00eassego, goiaba, ameixa, caqui, acerola e figo. A regi\u00e3o tamb\u00e9m \u00e9 conhecida nacionalmente pelos in\u00fameros eventos ligados \u00e0 tem\u00e1tica das frutas, que valorizam o produtor rural dos munic\u00edpios.<\/p>\n<p>Essa edi\u00e7\u00e3o do evento tem ainda o apoio da Frente Parlamentar de Apoio \u00e0 Vitivinicultura e ao Desenvolvimento do Enoturismo Paulista. Coordenada pelo Deputado Estadual Lucas Bove. Mais informa\u00e7\u00f5es via e-mail: \u00a0enoconexo@gmail.com<\/p>\n<hr \/>\n<h6><strong>RuralPress | Fotos: Divulga\u00e7\u00e3o<\/strong><\/h6>\n<\/div>\n\n\n<center><iframe loading=\"lazy\" class=\"jmvplayer\" src=\"https:\/\/player.jmvstream.com\/lvw\/YYGWo5wfZuZ8fEW7Qoq1ISwhLSEDhU\" allowfullscreen allow=\"autoplay; fullscreen\" frameborder=\"0\" width=\"640\" height=\"360\" ><\/iframe><\/center>\n<\/div><\/div>","protected":false},"excerpt":{"rendered":"<p>Entre os destaques da programa\u00e7\u00e3o est\u00e1 a apresenta\u00e7\u00e3o sobre a diversifica\u00e7\u00e3o da propriedade rural: agregando valor com novas atividades e culturas, tema que ser\u00e1 discutido em uma mesa redonda A\u00a0programa\u00e7\u00e3o t\u00e9cnica da 8\u00ba edi\u00e7\u00e3o do Encontro Enoconex\u00e3o, iniciada ontem (15), no Sal\u00e3o de Cultura e Eventos de Louveira\/SP, chega ao seu \u00faltimo dia com palestras [&hellip;]<\/p>\n","protected":false},"author":4,"featured_media":79248,"comment_status":"open","ping_status":"open","sticky":false,"template":"","format":"standard","meta":{"footnotes":""},"categories":[1],"tags":[],"class_list":["post-79247","post","type-post","status-publish","format-standard","has-post-thumbnail","hentry","category-sem-categoria"],"_links":{"self":[{"href":"http:\/\/sol.fm.br\/radio\/wp-json\/wp\/v2\/posts\/79247","targetHints":{"allow":["GET"]}}],"collection":[{"href":"http:\/\/sol.fm.br\/radio\/wp-json\/wp\/v2\/posts"}],"about":[{"href":"http:\/\/sol.fm.br\/radio\/wp-json\/wp\/v2\/types\/post"}],"author":[{"embeddable":true,"href":"http:\/\/sol.fm.br\/radio\/wp-json\/wp\/v2\/users\/4"}],"replies":[{"embeddable":true,"href":"http:\/\/sol.fm.br\/radio\/wp-json\/wp\/v2\/comments?post=79247"}],"version-history":[{"count":1,"href":"http:\/\/sol.fm.br\/radio\/wp-json\/wp\/v2\/posts\/79247\/revisions"}],"predecessor-version":[{"id":79251,"href":"http:\/\/sol.fm.br\/radio\/wp-json\/wp\/v2\/posts\/79247\/revisions\/79251"}],"wp:featuredmedia":[{"embeddable":true,"href":"http:\/\/sol.fm.br\/radio\/wp-json\/wp\/v2\/media\/79248"}],"wp:attachment":[{"href":"http:\/\/sol.fm.br\/radio\/wp-json\/wp\/v2\/media?parent=79247"}],"wp:term":[{"taxonomy":"category","embeddable":true,"href":"http:\/\/sol.fm.br\/radio\/wp-json\/wp\/v2\/categories?post=79247"},{"taxonomy":"post_tag","embeddable":true,"href":"http:\/\/sol.fm.br\/radio\/wp-json\/wp\/v2\/tags?post=79247"}],"curies":[{"name":"wp","href":"https:\/\/api.w.org\/{rel}","templated":true}]}}