{"id":79263,"date":"2025-10-16T11:29:05","date_gmt":"2025-10-16T14:29:05","guid":{"rendered":"http:\/\/sol.fm.br\/radio\/?p=79263"},"modified":"2025-10-16T11:29:07","modified_gmt":"2025-10-16T14:29:07","slug":"safra-de-soja-2025-26-deve-bater-recorde-mas-exige-atencao-redobrada-no-manejo-fitossanitario","status":"publish","type":"post","link":"http:\/\/sol.fm.br\/radio\/safra-de-soja-2025-26-deve-bater-recorde-mas-exige-atencao-redobrada-no-manejo-fitossanitario\/","title":{"rendered":"Safra de soja 2025\/26 deve bater recorde, mas exige aten\u00e7\u00e3o redobrada no manejo fitossanit\u00e1rio"},"content":{"rendered":"<div id=\"dslc-theme-content\"><div id=\"dslc-theme-content-inner\"><p style=\"text-align: center;\"><i data-olk-copy-source=\"MessageBody\">Com o avan\u00e7o da \u00e1rea cultivada e a expectativa de uma safra hist\u00f3rica no Brasil, pragas e plantas daninhas continuam entre os principais desafios do sojicultor<\/i><\/p>\n<div>\u00a0<\/div>\n<div>\n<p data-olk-copy-source=\"MessageBody\">A safra brasileira de soja cujo plantio est\u00e1 a todo vapor, deve registrar produ\u00e7\u00e3o recorde neste ciclo 25\/26. De acordo com estimativas da consultoria Safras &amp; Mercado, a \u00e1rea cultivada deve atingir 48,2 milh\u00f5es de hectares, um crescimento de 1,2% em rela\u00e7\u00e3o ao ciclo anterior, impulsionado principalmente pelas regi\u00f5es do Centro-Oeste e Nordeste.<\/p>\n<p>Com esse avan\u00e7o e a previs\u00e3o de aumento na produtividade m\u00e9dia nacional, de 3.627 kg para 3.749 kg por hectare, a produ\u00e7\u00e3o poder\u00e1 atingir 179,9 milh\u00f5es de toneladas, representando alta de 4,6% acima das 171,9 milh\u00f5es colhidas em 2024\/25.<\/p>\n<p>Apesar do cen\u00e1rio positivo, especialistas alertam para os desafios econ\u00f4micos e t\u00e9cnicos. <em>\u201cCom juros ainda elevados e aumento nos custos operacionais, muitos agricultores podem reduzir investimentos em tecnologia. Esta a\u00e7\u00e3o pode limitar o potencial produtivo, especialmente em regi\u00f5es onde as condi\u00e7\u00f5es clim\u00e1ticas demandam maior suporte t\u00e9cnico\u201d<\/em>, explica o gerente de Marketing Regional da IHARA, Gustavo Corsini.<\/p>\n<p>\u00a0<\/p>\n<p><strong>Perspectiva positiva exige aten\u00e7\u00e3o no manejo<\/strong><\/p>\n<p>O sucesso da safra depender\u00e1 da capacidade de adapta\u00e7\u00e3o dos produtores \u00e0s condi\u00e7\u00f5es clim\u00e1ticas e aos desafios t\u00e9cnicos e de mercado. Investir em inova\u00e7\u00e3o, planejamento e boas pr\u00e1ticas de manejo ser\u00e1 decisivo para alcan\u00e7ar produtividade e rentabilidade em 2025\/26.<\/p>\n<p>Entre os principais pontos de aten\u00e7\u00e3o est\u00e3o pragas, doen\u00e7as e plantas daninhas, cujo controle deve ser feito por meio de estrat\u00e9gias integradas. Al\u00e9m do uso de defensivos, especialistas recomendam pr\u00e1ticas complementares, como rota\u00e7\u00e3o de culturas, escolha de cultivares resistentes, ajuste no espa\u00e7amento, uso de sementes de qualidade, irriga\u00e7\u00e3o adequada e elimina\u00e7\u00e3o de restos culturais que servem de abrigo para pat\u00f3genos e insetos.<\/p>\n<p>\u00a0<\/p>\n<p><strong>Plantas daninhas: preocupa\u00e7\u00e3o inicial nas lavouras<\/strong><\/p>\n<p>Na soja, as plantas daninhas impactam a produtividade principalmente no in\u00edcio do ciclo. \u00c9 nesse per\u00edodo que ocorre a maior competi\u00e7\u00e3o por luz, \u00e1gua e nutrientes, e, se o controle n\u00e3o for feito as perdas podem ser irrevers\u00edveis.<\/p>\n<p>Para enfrentar esse cen\u00e1rio, a IHARA disponibiliza o herbicida\u00a0<a title=\"https:\/\/ihara.com.br\/produtos\/yamato-sc-soja\/\" href=\"https:\/\/ihara.com.br\/produtos\/yamato-sc-soja\/\" target=\"_blank\" rel=\"noreferrer noopener\" shape=\"rect\" data-auth=\"NotApplicable\" data-linkindex=\"0\">YAMATO SC<\/a>, um pr\u00e9-emergente seletivo e de longo residual, capaz de manter o solo livre da infesta\u00e7\u00e3o por mais tempo, garantindo maior seguran\u00e7a produtiva, sem impactos sobre a cultura subsequente.<\/p>\n<p>Para o professor de Agronomia da Universidade Estadual de Maring\u00e1 - UEM, Rubem Oliveira, explica que, ao longo dos ensaios, foram trabalhadas pelo menos tr\u00eas variedades a cada ano, em diferentes tipos de solo e n\u00edveis de cobertura. Em todas essas condi\u00e7\u00f5es, n\u00e3o foi observado nenhum sinal de fitotoxicidade ou efeito negativo na produtividade, o que demonstra a alta seletividade do produto para a cultura. Outro diferencial destacado \u00e9 que o YAMATO \u00e9 um herbicida de pr\u00e9-emerg\u00eancia, ou seja, aplicado antes da germina\u00e7\u00e3o das plantas daninhas, prevenindo sua emerg\u00eancia e, consequentemente, a competi\u00e7\u00e3o com a soja.<\/p>\n<p>De acordo com o professor associado da Universidade Federal de Santa Maria - UFSM, Sylvio Henrique Dornelles, os ensaios mostraram resultados consistentes no controle do capim-amargoso e do capim-p\u00e9-de-galinha, esp\u00e9cies cuja presen\u00e7a tem aumentado nas lavouras, com efic\u00e1cia superior a 90% em compara\u00e7\u00e3o aos tratamentos padr\u00e3o de pr\u00e9-emerg\u00eancia.<\/p>\n<p>Por fim, o professor de P\u00f3s-Gradua\u00e7\u00e3o em Agronomia da Universidade Estadual de Maring\u00e1 - \u00a0UEM, Jamil Constantin, ressalta que o espectro de controle do YAMATO \u00e9 bastante abrangente, sendo uma ferramenta importante tanto no manejo de plantas daninhas resistentes e tolerantes quanto na preserva\u00e7\u00e3o da produtividade da cultura.<\/p>\n<p>\u00a0<\/p>\n<p><strong>Desafio crescente: mancha-alvo exige a\u00e7\u00e3o estrat\u00e9gica no campo<\/strong><\/p>\n<p>A mancha-alvo, causada pelo fungo Corynespora cassiicola, tem se consolidado como uma das doen\u00e7as mais prejudiciais \u00e0 cultura da soja no Brasil. Nos \u00faltimos seis anos, sua incid\u00eancia cresceu 33%, impactando uma \u00e1rea tratada superior a 145 milh\u00f5es de hectares. O avan\u00e7o do pat\u00f3geno \u00e9 favorecido por per\u00edodos de chuva bem distribu\u00edda, e em cultivares suscet\u00edveis, pode causar desfolha severa, resultando em perdas de produtividade de at\u00e9 40%.<\/p>\n<p>Para enfrentar esse desafio, a IHARA acaba de anunciar o lan\u00e7amento de\u00a0<a title=\"https:\/\/ihara.com.br\/produtos\/seiv\/\" href=\"https:\/\/ihara.com.br\/produtos\/seiv\/\" target=\"_blank\" rel=\"noreferrer noopener\" shape=\"rect\" data-auth=\"NotApplicable\" data-linkindex=\"1\">SEIV<\/a>, um fungicida eficaz para o manejo da mancha-alvo. Com formula\u00e7\u00e3o exclusiva, SEIV combina dois ingredientes ativos de alta performance - protioconazol e metominostrobina -, composi\u00e7\u00e3o que o diferencia dos produtos dispon\u00edveis atualmente no mercado. Sua formula\u00e7\u00e3o em suspens\u00e3o concentrada (SC) maior seletividade, proporciona efeito fisiol\u00f3gico de folhas mais verdes e saud\u00e1veis e oferece alta capacidade de absor\u00e7\u00e3o, ampliando o espectro de prote\u00e7\u00e3o.<\/p>\n<p>Segundo o gerente de Marketing Regional da IHARA, em testes conduzidos por renomados institutos de pesquisa, SEIV demonstrou desempenho superior em rela\u00e7\u00e3o aos concorrentes, alcan\u00e7ando 95% de efic\u00e1cia no controle da mancha-alvo e proporcionando um aumento de at\u00e9 tr\u00eas sacas por hectare na produtividade. <em>\u201cO produto tamb\u00e9m possui registro para o controle da ferrugem asi\u00e1tica da soja, com efic\u00e1cia comprovada de 80% nesse alvo. J\u00e1 no combate \u00e0s DFCs (Doen\u00e7as F\u00fangicas de Final de Ciclo), o novo fungicida da IHARA apresentou efic\u00e1cia de 70%<\/em>\u201d, enfatiza Corsini.<\/p>\n<p><img loading=\"lazy\" decoding=\"async\" class=\"aligncenter wp-image-79265 size-medium\" src=\"http:\/\/sol.fm.br\/radio\/wp-content\/uploads\/2025\/10\/51-1-400x251.jpg\" alt=\"\" width=\"400\" height=\"251\" srcset=\"http:\/\/sol.fm.br\/radio\/wp-content\/uploads\/2025\/10\/51-1-400x251.jpg 400w, http:\/\/sol.fm.br\/radio\/wp-content\/uploads\/2025\/10\/51-1-768x482.jpg 768w, http:\/\/sol.fm.br\/radio\/wp-content\/uploads\/2025\/10\/51-1-1536x964.jpg 1536w, http:\/\/sol.fm.br\/radio\/wp-content\/uploads\/2025\/10\/51-1-2048x1286.jpg 2048w\" sizes=\"auto, (max-width: 400px) 100vw, 400px\" \/><\/p>\n<p><strong>Controle de pragas como fator decisivo<\/strong><\/p>\n<p>O manejo eficiente de pragas exige conhecimento sobre seu comportamento, danos e resist\u00eancia. Os percevejos, por exemplo, afetam a qualidade dos gr\u00e3os, causando deforma\u00e7\u00f5es nas sementes e queda de rendimento. Segundo o pesquisador em entomologia, Cl\u00e9rison Perini, o percevejo-marrom se reproduz mais intensamente no desenvolvimento do cultivo, momento em que a praga tem alimento de qualidade. \u201c<em>\u00c9 importante que o agricultor fa\u00e7a o monitoramento nesse per\u00edodo cr\u00edtico para um melhor controle, pois essa praga causa danos significativos, com perdas de produtividade de mais de uma saca por hectare a cada inseto por m\u00b2, reduzindo a qualidade das sementes e dos gr\u00e3os<\/em>\u201d, explica.<\/p>\n<p>Para esse desafio, a IHARA trouxe ao Brasil o inseticida\u00a0<a title=\"https:\/\/ihara.com.br\/produtos\/zeus\/\" href=\"https:\/\/ihara.com.br\/produtos\/zeus\/\" target=\"_blank\" rel=\"noreferrer noopener\" shape=\"rect\" data-auth=\"NotApplicable\" data-linkindex=\"2\">ZEUS<\/a>, desenvolvido com tecnologia in\u00e9dita, alta sistemicidade e a\u00e7\u00e3o translaminar. O produto garante prote\u00e7\u00e3o completa \u00e0s plantas, combinando r\u00e1pido efeito de choque, especialmente sobre as ninfas, com residual prolongado, assegurando resultados consistentes nas lavouras.<em> \u201cA efic\u00e1cia de ZEUS no controle do percevejo-marrom chegou a 95% da popula\u00e7\u00e3o na lavoura\u201d<\/em>, destaca o gerente de Marketing Regional.<\/p>\n<p>Na pr\u00e1tica, os resultados t\u00eam surpreendido produtores. O agricultor Celso Flores, de S\u00e3o Jo\u00e3o (PR), relata que utilizou o produto j\u00e1 na primeira aplica\u00e7\u00e3o e obteve excelente desempenho. <em>\u201cNa segunda aplica\u00e7\u00e3o, fiquei ainda mais impressionado com a quantidade de percevejos controlados. Minha \u00e1rea estava muito infestada, com tr\u00eas a quatro insetos por planta, uma situa\u00e7\u00e3o ca\u00f3tica<\/em>\u201d, afirma.<\/p>\n<p>\u00a0<\/p>\n<p><strong>SOBRE A IHARA<\/strong><\/p>\n<p>A IHARA \u00e9 uma empresa de pesquisa e desenvolvimento que h\u00e1 60 anos leva solu\u00e7\u00f5es para a agricultura brasileira, setor no qual \u00e9 reconhecida como fonte de inova\u00e7\u00e3o e tecnologia japonesa como uma marca que tem a credibilidade e a confian\u00e7a dos seus clientes. A empresa conta com um portf\u00f3lio completo de fungicidas, herbicidas, inseticidas, biol\u00f3gicos, acaricidas e produtos especiais somando mais de 80 solu\u00e7\u00f5es que contribuem para a prote\u00e7\u00e3o de mais de 100 diferentes tipos de cultivos, colaborando para que os agricultores possam produzir cada vez mais alimentos, com mais qualidade e de forma sustent\u00e1vel. Em 2022, a IHARA ingressou no segmento de pastagem, oferecendo solu\u00e7\u00f5es inovadoras para o pecuarista brasileiro. Para mais informa\u00e7\u00f5es, acesse o site da\u00a0<a title=\"http:\/\/www.ihara.com.br\" href=\"http:\/\/www.ihara.com.br\/\" target=\"_blank\" rel=\"noreferrer noopener\" shape=\"rect\" data-auth=\"NotApplicable\" data-linkindex=\"3\">IHARA.<\/a><\/p>\n<hr \/>\n<h6><strong>Attuale Comunica\u00e7\u00e3o<\/strong><\/h6>\n<\/div>\n\n\n<center><iframe loading=\"lazy\" class=\"jmvplayer\" src=\"https:\/\/player.jmvstream.com\/lvw\/YYGWo5wfZuZ8fEW7Qoq1ISwhLSEDhU\" allowfullscreen allow=\"autoplay; fullscreen\" frameborder=\"0\" width=\"640\" height=\"360\" ><\/iframe><\/center>\n<\/div><\/div>","protected":false},"excerpt":{"rendered":"<p>Com o avan\u00e7o da \u00e1rea cultivada e a expectativa de uma safra hist\u00f3rica no Brasil, pragas e plantas daninhas continuam entre os principais desafios do sojicultor \u00a0 A safra brasileira de soja cujo plantio est\u00e1 a todo vapor, deve registrar produ\u00e7\u00e3o recorde neste ciclo 25\/26. De acordo com estimativas da consultoria Safras &amp; Mercado, a [&hellip;]<\/p>\n","protected":false},"author":4,"featured_media":79264,"comment_status":"open","ping_status":"open","sticky":false,"template":"","format":"standard","meta":{"footnotes":""},"categories":[1],"tags":[],"class_list":["post-79263","post","type-post","status-publish","format-standard","has-post-thumbnail","hentry","category-sem-categoria"],"_links":{"self":[{"href":"http:\/\/sol.fm.br\/radio\/wp-json\/wp\/v2\/posts\/79263","targetHints":{"allow":["GET"]}}],"collection":[{"href":"http:\/\/sol.fm.br\/radio\/wp-json\/wp\/v2\/posts"}],"about":[{"href":"http:\/\/sol.fm.br\/radio\/wp-json\/wp\/v2\/types\/post"}],"author":[{"embeddable":true,"href":"http:\/\/sol.fm.br\/radio\/wp-json\/wp\/v2\/users\/4"}],"replies":[{"embeddable":true,"href":"http:\/\/sol.fm.br\/radio\/wp-json\/wp\/v2\/comments?post=79263"}],"version-history":[{"count":1,"href":"http:\/\/sol.fm.br\/radio\/wp-json\/wp\/v2\/posts\/79263\/revisions"}],"predecessor-version":[{"id":79266,"href":"http:\/\/sol.fm.br\/radio\/wp-json\/wp\/v2\/posts\/79263\/revisions\/79266"}],"wp:featuredmedia":[{"embeddable":true,"href":"http:\/\/sol.fm.br\/radio\/wp-json\/wp\/v2\/media\/79264"}],"wp:attachment":[{"href":"http:\/\/sol.fm.br\/radio\/wp-json\/wp\/v2\/media?parent=79263"}],"wp:term":[{"taxonomy":"category","embeddable":true,"href":"http:\/\/sol.fm.br\/radio\/wp-json\/wp\/v2\/categories?post=79263"},{"taxonomy":"post_tag","embeddable":true,"href":"http:\/\/sol.fm.br\/radio\/wp-json\/wp\/v2\/tags?post=79263"}],"curies":[{"name":"wp","href":"https:\/\/api.w.org\/{rel}","templated":true}]}}