{"id":79271,"date":"2025-10-16T14:34:20","date_gmt":"2025-10-16T17:34:20","guid":{"rendered":"http:\/\/sol.fm.br\/radio\/?p=79271"},"modified":"2025-10-16T14:34:22","modified_gmt":"2025-10-16T17:34:22","slug":"36a-oktoberfest-de-igrejinha-comeca-nesta-sexta-feira-17-com-a-expectativa-de-reunir-200-mil-visitantes","status":"publish","type":"post","link":"http:\/\/sol.fm.br\/radio\/36a-oktoberfest-de-igrejinha-comeca-nesta-sexta-feira-17-com-a-expectativa-de-reunir-200-mil-visitantes\/","title":{"rendered":"36\u00aa Oktoberfest de Igrejinha come\u00e7a nesta sexta-feira (17) com a expectativa de reunir 200 mil visitantes"},"content":{"rendered":"<div id=\"dslc-theme-content\"><div id=\"dslc-theme-content-inner\"><p class=\"x_yiv2213859453ydpb69b8054yiv5300471514MsoNormal\" align=\"center\"><i data-olk-copy-source=\"MessageBody\">At\u00e9 o dia 26 de outubro, maior festa comunit\u00e1ria do Brasil re\u00fane divers\u00e3o para toda a fam\u00edlia no Parque de Eventos Almiro Grings. Lauana Prado, Z\u00e9 Neto &amp; Cristiano, Israel &amp; Rodolffo, Menos \u00e9 Mais, Rea\u00e7\u00e3o em Cadeia e Nenhum de N\u00f3s est\u00e3o entre as atra\u00e7\u00f5es confirmadas<\/i><\/p>\n<p class=\"x_yiv2213859453ydpb69b8054yiv5300471514MsoNormal\" aria-hidden=\"true\">\u00a0<\/p>\n<p class=\"x_yiv2213859453ydpb69b8054yiv5300471514MsoNormal\">Chegou a hora de vestir o traje t\u00edpico e celebrar os dias mais alegres do ano. A partir das 19h desta sexta-feira (17), a\u00a0<b>36\u00aa Oktoberfest de Igrejinha<\/b>\u00a0abre oficialmente os port\u00f5es para nove dias de divers\u00e3o, tradi\u00e7\u00e3o e chopp gelado. At\u00e9 o dia 26 de outubro, a festa reunir\u00e1 mais de 70 atra\u00e7\u00f5es e 120 apresenta\u00e7\u00f5es, com uma programa\u00e7\u00e3o que combina cultura, gastronomia, lazer e solidariedade. Entre os shows nacionais, nomes como Lauana Prado, Z\u00e9 Neto &amp; Cristiano, Israel &amp; Rodolffo, Menos \u00e9 Mais, Rea\u00e7\u00e3o em Cadeia e Nenhum de N\u00f3s prometem animar o p\u00fablico com sucessos que v\u00e3o do sertanejo ao pop rock.<\/p>\n<p class=\"x_yiv2213859453ydpb69b8054yiv5300471514MsoNormal\">Com o mote \u201cLegado de amor e tradi\u00e7\u00e3o\u201d, a Oktoberfest de Igrejinha deve receber mais de 200 mil visitantes nesta edi\u00e7\u00e3o. Organizada por mais de tr\u00eas mil volunt\u00e1rios, a festa envolve toda a comunidade e tem todo o seu resultado financeiro revertido para entidades da regi\u00e3o. Desde 1988, j\u00e1 foram repassados mais de R$ 33 milh\u00f5es a escolas, hospitais, Brigada Militar, Bombeiros e outras organiza\u00e7\u00f5es, fortalecendo \u00e1reas como sa\u00fade, educa\u00e7\u00e3o, seguran\u00e7a e cultura. Por conta disso, \u00e9 considerada s\u00edmbolo de solidariedade no Brasil e consolidou Igrejinha como a Capital Nacional do Voluntariado.<\/p>\n<div id=\"attachment_79273\" style=\"width: 410px\" class=\"wp-caption alignleft\"><img loading=\"lazy\" decoding=\"async\" aria-describedby=\"caption-attachment-79273\" class=\"wp-image-79273 size-medium\" src=\"http:\/\/sol.fm.br\/radio\/wp-content\/uploads\/2025\/10\/71-5-400x267.jpg\" alt=\"\" width=\"400\" height=\"267\" srcset=\"http:\/\/sol.fm.br\/radio\/wp-content\/uploads\/2025\/10\/71-5-400x267.jpg 400w, http:\/\/sol.fm.br\/radio\/wp-content\/uploads\/2025\/10\/71-5-768x512.jpg 768w, http:\/\/sol.fm.br\/radio\/wp-content\/uploads\/2025\/10\/71-5-600x400.jpg 600w, http:\/\/sol.fm.br\/radio\/wp-content\/uploads\/2025\/10\/71-5-1536x1023.jpg 1536w, http:\/\/sol.fm.br\/radio\/wp-content\/uploads\/2025\/10\/71-5.jpg 1750w\" sizes=\"auto, (max-width: 400px) 100vw, 400px\" \/><p id=\"caption-attachment-79273\" class=\"wp-caption-text\">Foto: Siete Audiovisual<\/p><\/div>\n<p class=\"x_yiv2213859453ydpb69b8054yiv5300471514MsoNormal\">Entre os destaques do evento para 2025 est\u00e3o melhorias em infraestrutura e experi\u00eancia do p\u00fablico. O\u00a0<b>Multipalco<\/b>\u00a0\u00e9 um novo espa\u00e7o de conviv\u00eancia que amplia as op\u00e7\u00f5es de entretenimento, enquanto o\u00a0<b>Biergarten<\/b>\u00a0foi reformulado, refor\u00e7ando o ambiente arborizado e acolhedor que j\u00e1 \u00e9 um dos preferidos entre os visitantes. J\u00e1 o tradicional\u00a0<b>Bierplatz<\/b>\u00a0ganhou um toque moderno: chopeiras automatizadas oferecer\u00e3o ainda mais praticidade.<\/p>\n<p class=\"x_yiv2213859453ydpb69b8054yiv5300471514MsoNormal\">O Parque oferece op\u00e7\u00f5es para todas as idades, com \u00e1reas dedicadas \u00e0s crian\u00e7as, espa\u00e7os de descanso e atividades culturais durante todo o dia. Na\u00a0<b>gastronomia<\/b>, mais de 40 opera\u00e7\u00f5es oferecem uma imers\u00e3o na culin\u00e1ria regional, com pratos t\u00edpicos da tradi\u00e7\u00e3o germ\u00e2nica e lanches variados. Os pre\u00e7os v\u00e3o de R$5,00 a R$106,00, abrangendo desde petiscos at\u00e9 refei\u00e7\u00f5es completas.<\/p>\n<p><img loading=\"lazy\" decoding=\"async\" class=\"size-medium wp-image-79274 alignleft\" src=\"http:\/\/sol.fm.br\/radio\/wp-content\/uploads\/2025\/10\/72-4-400x267.jpg\" alt=\"\" width=\"400\" height=\"267\" srcset=\"http:\/\/sol.fm.br\/radio\/wp-content\/uploads\/2025\/10\/72-4-400x267.jpg 400w, http:\/\/sol.fm.br\/radio\/wp-content\/uploads\/2025\/10\/72-4-768x512.jpg 768w, http:\/\/sol.fm.br\/radio\/wp-content\/uploads\/2025\/10\/72-4-600x400.jpg 600w, http:\/\/sol.fm.br\/radio\/wp-content\/uploads\/2025\/10\/72-4-1536x1024.jpg 1536w, http:\/\/sol.fm.br\/radio\/wp-content\/uploads\/2025\/10\/72-4.jpg 2048w\" sizes=\"auto, (max-width: 400px) 100vw, 400px\" \/><\/p>\n<p class=\"x_yiv2213859453ydpb69b8054yiv5300471514MsoNormal\">Al\u00e9m disso, a festa busca valorizar a hist\u00f3ria e a identidade local atrav\u00e9s de pontos tur\u00edsticos, como a Oktoberbaum, a Igreja, o Memorial e a Vila Germ\u00e2nica, que comp\u00f5em uma ambienta\u00e7\u00e3o t\u00edpica com cenografia inspirada nas vilas do interior da Alemanha. Nesta edi\u00e7\u00e3o, a\u00a0<b>Oktoberbaum<\/b>, monumento que simboliza o esfor\u00e7o coletivo da comunidade, ganha nova pintura e identifica\u00e7\u00e3o. A\u00a0<b>Igreja<\/b>\u00a0trar\u00e1 um recorte especial sobre a origem do nome da cidade, enquanto o\u00a0<b>Memorial<\/b>\u00a0abrigar\u00e1 a exposi\u00e7\u00e3o \u201cLegados das Cortes\u201d.<\/p>\n<p class=\"x_yiv2213859453ydpb69b8054yiv5300471514MsoNormal\" aria-hidden=\"true\">\u00a0<\/p>\n<p class=\"x_yiv2213859453ydpb69b8054yiv5300471514MsoNormal\"><b>Cultura e jogos germ\u00e2nicos comp\u00f5em programa\u00e7\u00e3o<\/b><\/p>\n<p class=\"x_yiv2213859453ydpb69b8054yiv5300471514MsoNormal\">Al\u00e9m dos shows nacionais e regionais, a 36\u00aa Oktoberfest de Igrejinha ter\u00e1 uma programa\u00e7\u00e3o cultural extensa. No primeiro s\u00e1bado (18), o tradicional\u00a0<b>Desfile Tem\u00e1tico<\/b>\u00a0tomar\u00e1 as ruas a partir das 14h, com cerca de 2 mil figurantes representando 40 entidades, entre escolas, grupos culturais e organiza\u00e7\u00f5es da sociedade civil. Neste ano, o desfile ser\u00e1 dividido em quatro alas: Abertura, Legado de Tradi\u00e7\u00e3o, Legado de Amor e Legado de Alegria, destacando o papel transformador da Oktober para toda a regi\u00e3o.<\/p>\n<p class=\"x_yiv2213859453ydpb69b8054yiv5300471514MsoNormal\">Outro sucesso da festa, os\u00a0<b>Jogos Germ\u00e2nicos<\/b>\u00a0ganham formato itinerante, ocupando diferentes espa\u00e7os do parque. Inspiradas nas brincadeiras e tarefas dos primeiros colonizadores, as atividades incluem modalidades como Serra de 2 Pontas, Batalha Viking, Nagel Spiel, Bierbrett e Bier Marionet.<\/p>\n<p class=\"x_yiv2213859453ydpb69b8054yiv5300471514MsoNormal\">O\u00a0<b>Concurso de Chopp em Metro<\/b>\u00a0tamb\u00e9m \u00e9 uma atra\u00e7\u00e3o confirmada, aberta a qualquer participante com mais de 18 anos. O desafio \u00e9 simples: beber uma tulipa de 600 ml de chopp sem \u00e1lcool no menor tempo poss\u00edvel. Para participar, basta comparecer ao local indicado com 15 minutos de anteced\u00eancia e documento de identifica\u00e7\u00e3o.<\/p>\n<p class=\"x_yiv2213859453ydpb69b8054yiv5300471514MsoNormal\">A programa\u00e7\u00e3o deste ano refor\u00e7a ainda o car\u00e1ter inclusivo da festa, com o novo\u00a0<b>Stammtisch<\/b>, que valoriza o idioma alem\u00e3o e o dialeto Hunsr\u00fcck, al\u00e9m das apresenta\u00e7\u00f5es culturais que ocorrem diariamente. A agenda musical tamb\u00e9m contempla todos os estilos, com bandas de baile, grupos tradicionais e artistas regionais. Est\u00e3o confirmadas presen\u00e7as como Rainha Musical, Banda 10, Nave Som, Brilha Som, Super Banda Chopp\u00e3o, Super Banda Real, Super Musical Monte Carlo, al\u00e9m de bandinhas t\u00edpicas, DJs e atra\u00e7\u00f5es alternativas. Entre as festas paralelas, o Aquece Oktober, tradicional evento open bar realizado em parceria com a Barca Produtora, oferece 9 horas de chopp Eisenbahn pilsen liberado.<\/p>\n<p class=\"x_yiv2213859453ydpb69b8054yiv5300471514MsoNormal\" aria-hidden=\"true\">\u00a0<\/p>\n<p class=\"x_yiv2213859453ydpb69b8054yiv5300471514MsoNormal\"><b>Lauana Prado, Rea\u00e7\u00e3o em Cadeia e Z\u00e9 Neto &amp; Cristiano animam o primeiro final de semana<\/b><\/p>\n<p class=\"x_yiv2213859453ydpb69b8054yiv5300471514MsoNormal\">A abertura ocorre nesta sexta-feira (17), \u00e0s 19h, com a Solenidade Oficial na Lona, \u00e0s 19h30, e a participa\u00e7\u00e3o da Associa\u00e7\u00e3o Cultural Kirchleinburg e da Orquestra Municipal Huberto Schmitt M\u00fcller, de Tr\u00eas Coroas. Das 21h30 \u00e0s 22h30, haver\u00e1 Chopp em Dobro Eisenbahn Pilsen em todo o Parque. \u00c0 meia-noite, sobe ao palco principal Lauana Prado, uma das vozes femininas mais marcantes do sertanejo atual. A noite segue com a E-Oktober, no Gin\u00e1sio.<\/p>\n<p><img loading=\"lazy\" decoding=\"async\" class=\"size-medium wp-image-79275 alignleft\" src=\"http:\/\/sol.fm.br\/radio\/wp-content\/uploads\/2025\/10\/73-2-400x267.jpg\" alt=\"\" width=\"400\" height=\"267\" srcset=\"http:\/\/sol.fm.br\/radio\/wp-content\/uploads\/2025\/10\/73-2-400x267.jpg 400w, http:\/\/sol.fm.br\/radio\/wp-content\/uploads\/2025\/10\/73-2-768x512.jpg 768w, http:\/\/sol.fm.br\/radio\/wp-content\/uploads\/2025\/10\/73-2-600x400.jpg 600w, http:\/\/sol.fm.br\/radio\/wp-content\/uploads\/2025\/10\/73-2-1536x1024.jpg 1536w, http:\/\/sol.fm.br\/radio\/wp-content\/uploads\/2025\/10\/73-2.jpg 2048w\" sizes=\"auto, (max-width: 400px) 100vw, 400px\" \/><\/p>\n<p class=\"x_yiv2213859453ydpb69b8054yiv5300471514MsoNormal\">No Super S\u00e1bado (18), o Parque abre ao meio-dia, com entrada franca at\u00e9 as 16h. O Agita Oktober acontece na Esplanada, ao lado do Pavilh\u00e3o 2, das 16h \u00e0s 20h, com os DJs Mateus Farias e Guz Zanotto. O dia tamb\u00e9m ter\u00e1 apresenta\u00e7\u00f5es culturais da Associa\u00e7\u00e3o Cultural Kirchleinburg (17h, Pavilh\u00e3o do Kerb) e do Grupo Folcl\u00f3rico Teewald (18h30, Lona). Das 21h30 \u00e0s 22h30, haver\u00e1 Chopp em Dobro Eisenbahn Pilsen em todo o Parque, e \u00e0s 23h30 o palco principal recebe a banda ga\u00facha Rea\u00e7\u00e3o em Cadeia.<\/p>\n<p class=\"x_yiv2213859453ydpb69b8054yiv5300471514MsoNormal\">Encerrando o primeiro fim de semana, no domingo (19), o parque abre \u00e0s 10h, com entrada franca at\u00e9 o meio-dia. A programa\u00e7\u00e3o inclui Jogos Germ\u00e2nicos Escolares (10h30 \u00e0s 13h) e uma s\u00e9rie de apresenta\u00e7\u00f5es culturais, finalizando no show de Z\u00e9 Neto &amp; Cristiano, \u00e0s 20h. A rodada de Chopp em Dobro Eisenbahn Pilsen em todo o Parque acontecer\u00e1 das 15h30 \u00e0s 16h30.<\/p>\n<p class=\"x_yiv2213859453ydpb69b8054yiv5300471514MsoNormal\" aria-hidden=\"true\">\u00a0<\/p>\n<p class=\"x_yiv2213859453ydpb69b8054yiv5300471514MsoNormal\"><b>Besonderertag, Kindertag e Seniorentag oferecem programa\u00e7\u00e3o inclusiva na semana<\/b><\/p>\n<p class=\"x_yiv2213859453ydpb69b8054yiv5300471514MsoNormal\">Na ter\u00e7a (21), ocorre o\u00a0<b>Besonderertag<\/b>, com entrada franca para pessoas com defici\u00eancia e participantes das APAEs da regi\u00e3o. A programa\u00e7\u00e3o ocorre das 9h30 \u00e0s 16h. J\u00e1 na quarta (22), \u00e9 a vez do\u00a0<b>Kindertag<\/b>, dedicado \u00e0s crian\u00e7as, com atra\u00e7\u00f5es das 8h \u00e0s 17h30, brinquedos infl\u00e1veis e apresenta\u00e7\u00f5es de grupos infantis.<\/p>\n<p class=\"x_yiv2213859453ydpb69b8054yiv5300471514MsoNormal\">O Bierplatz tamb\u00e9m abrir\u00e1 na quarta-feira (22), \u00e0s 17h30 e, \u00e0s 19 horas, acontecer\u00e1 a Oktober Tch\u00ea, com apresenta\u00e7\u00f5es do CTG Os Tauras da Colina, CTG Sentinela da Tradi\u00e7\u00e3o, CTG Sangue Nativo e CTG Fog\u00e3o Ga\u00facho, no Pavilh\u00e3o do Kerb. Ainda neste dia, a partir das 20 horas, ser\u00e1 realizado o Stammtisch, encontro para falar alem\u00e3o, no Bierplatz. O parque de divers\u00f5es ficar\u00e1 aberto at\u00e9 as 23 horas.<\/p>\n<p class=\"x_yiv2213859453ydpb69b8054yiv5300471514MsoNormal\">Na quinta (23), o tradicional\u00a0<b>Seniorentag<\/b>\u00a0celebra a terceira idade, com entrada franca mediante doa\u00e7\u00e3o de 1 kg de alimento n\u00e3o perec\u00edvel ou produto de limpeza para o Hospital Bom Pastor. O dia ter\u00e1 Caminhada Festiva \u00e0s 9h30 e, \u00e0 noite, o show \u201cOs causos do Guri de Uruguaiana\u201d, \u00e0s 19h30, no Gin\u00e1sio.<\/p>\n<p class=\"x_yiv2213859453ydpb69b8054yiv5300471514MsoNormal\" aria-hidden=\"true\">\u00a0<\/p>\n<p class=\"x_yiv2213859453ydpb69b8054yiv5300471514MsoNormal\"><b>\u00daltimo final de semana ter\u00e1 Israel &amp; Rodolffo, Nenhum de N\u00f3s e Menos \u00e9 Mais<\/b><\/p>\n<p class=\"x_yiv2213859453ydpb69b8054yiv5300471514MsoNormal\">O segundo fim de semana come\u00e7a na sexta (24), com o Oktober Dan\u00e7a no Gin\u00e1sio, das 20h \u00e0s 22h. Das 21h30 \u00e0s 22h30, haver\u00e1 Chopp em Dobro Eisenbahn Pilsen em todo o Parque. Para finalizar, o show nacional de Israel &amp; Rodolffo promete agitar o p\u00fablico \u00e0 meia-noite.<\/p>\n<p class=\"x_yiv2213859453ydpb69b8054yiv5300471514MsoNormal\">No Super S\u00e1bado (25), o parque abre ao meio-dia, com entrada franca at\u00e9 \u00e0s 16h. Das 13 \u00e0s 17 horas, no Gin\u00e1sio, acontecer\u00e1 o Igrejinha im Tanz 2025 - Encontro de Grupos de Dan\u00e7as Folcl\u00f3ricas Infantis e Juvenis. J\u00e1 das 14h30 \u00e0s 17 horas, o p\u00fablico poder\u00e1 acompanhar os Jogos Germ\u00e2nicos no Pavilh\u00e3o do Kerb. J\u00e1 \u00e0s 16h30 acontecer\u00e1 um dos momentos mais aguardados da edi\u00e7\u00e3o: a apresenta\u00e7\u00e3o do presidente e vice-presidente da 37\u00aa Oktoberfest de Igrejinha, na Lona. Das 21h30 \u00e0s 22h30, haver\u00e1 Chopp em Dobro Eisenbahn Pilsen em todo o Parque e, \u00e0s 23h30, o show principal ser\u00e1 da banda Nenhum de N\u00f3s.<\/p>\n<p class=\"x_yiv2213859453ydpb69b8054yiv5300471514MsoNormal\">Para encerrar a programa\u00e7\u00e3o, no domingo (26), \u00faltimo dia de festa, o parque abrir\u00e1 \u00e0s 10 horas, com entrada franca at\u00e9 o meio-dia. Das 11 \u00e0s 13 horas, a Lona receber\u00e1 um Festival de Ritmos com a apresenta\u00e7\u00e3o da Banda T\u00edpica Real Madrid, Blaskapelle Igrejinha e representantes de bandas marciais de Taquara. O p\u00fablico poder\u00e1 participar da rodada de Chopp em Metro, \u00e0s 14h e \u00e0s 18h30, al\u00e9m do tradicional Chopp em Dobro Eisenbahn Pilsen, marcado para 15h30 \u00e0s 16h30. O encerramento fica por conta do grupo de pagode Menos \u00e9 Mais, \u00e0s 20h.<\/p>\n<p class=\"x_yiv2213859453ydpb69b8054yiv5300471514MsoNormal\" aria-hidden=\"true\">\u00a0<\/p>\n<p class=\"x_yiv2213859453ydpb69b8054yiv5300471514MsoNormal\"><b>Festa para todos os p\u00fablicos<\/b><\/p>\n<p class=\"x_yiv2213859453ydpb69b8054yiv5300471514MsoNormal\">Com 15 mil m\u00b2 de \u00e1rea coberta e p\u00e1tio pavimentado, o Parque de Eventos Almiro Grings est\u00e1 pronto para receber visitantes de todas as idades. O chopp oficial da 36\u00aa edi\u00e7\u00e3o \u00e9 o Eisenbahn, e as bebidas n\u00e3o alco\u00f3licas ficam por conta da Coca-Cola. A festa refor\u00e7a seu compromisso com a inclus\u00e3o: h\u00e1 int\u00e9rpretes de Libras, lugares reservados para pessoas com defici\u00eancia, rampas e banheiros adaptados, sala multissensorial e audiodescri\u00e7\u00e3o. Para ampliar a seguran\u00e7a e a agilidade, o evento tamb\u00e9m implementou biometria facial em alguns setores.<\/p>\n<p class=\"x_yiv2213859453ydpb69b8054yiv5300471514MsoNormal\" aria-hidden=\"true\">\u00a0<\/p>\n<p class=\"x_yiv2213859453ydpb69b8054yiv5300471514MsoNormal\"><b>\u00daltimos ingressos com valor de 2\u00ba lote dispon\u00edveis<\/b><\/p>\n<p class=\"x_yiv2213859453ydpb69b8054yiv5300471514MsoNormal\">Os \u00faltimos ingressos do segundo lote ainda est\u00e3o dispon\u00edveis. As entradas custam R$47,00 nas sextas (17 e 24), R$34,00 nos s\u00e1bados (18 e 25) e R$47,00 nos domingos (19 e 26). A compra antecipada garante acesso aos shows nacionais, \u00e0s atra\u00e7\u00f5es culturais, \u00e0 gastronomia t\u00edpica e \u00e0 estrutura completa do evento. Para saber mais sobre a programa\u00e7\u00e3o e adquirir ingressos, acesse:<u>\u00a0<\/u><a title=\"http:\/\/www.oktoberfest.org.br\/\" href=\"http:\/\/www.oktoberfest.org.br\/\" target=\"_blank\" rel=\"nofollow noopener noreferrer\" shape=\"rect\" data-auth=\"NotApplicable\" data-linkindex=\"0\">www.oktoberfest.org.br<\/a>.<\/p>\n<p class=\"x_yiv2213859453ydpb69b8054yiv5300471514MsoNormal\" aria-hidden=\"true\">\u00a0<\/p>\n<p class=\"x_yiv2213859453ydpb69b8054yiv5300471514MsoNormal\"><b>SERVI\u00c7O<\/b><\/p>\n<p class=\"x_yiv2213859453ydpb69b8054yiv5300471514MsoNormal\"><b>Evento:<\/b>\u00a036\u00aa Oktoberfest de Igrejinha<\/p>\n<p class=\"x_yiv2213859453ydpb69b8054yiv5300471514MsoNormal\"><b>Data:<\/b>\u00a017 a 26 de outubro de 2025<\/p>\n<p class=\"x_yiv2213859453ydpb69b8054yiv5300471514MsoNormal\"><b>Local:\u00a0<\/b>Parque de Eventos Almiro Grings (<i>Rua<\/i>\u00a0<i>Arlindo<\/i>\u00a0<i>Geis 255,<\/i>\u00a0<i>Igrejinha\/RS)<\/i><\/p>\n<p class=\"x_yiv2213859453ydpb69b8054yiv5300471514MsoNormal\"><b>Ingressos:\u00a0<\/b>dispon\u00edveis atrav\u00e9s do site oficial\u00a0<a title=\"http:\/\/www.oktoberfest.org.br\/\" href=\"http:\/\/www.oktoberfest.org.br\/\" target=\"_blank\" rel=\"nofollow noopener noreferrer\" shape=\"rect\" data-auth=\"NotApplicable\" data-linkindex=\"1\">www.oktoberfest.org.br<\/a>. Ingresso de acesso individual, v\u00e1lido para um \u00fanico dia. Lotes sujeitos a disponibilidade de ingressos.<\/p>\n<p class=\"x_yiv2213859453ydpb69b8054yiv5300471514MsoNormal\"><b>\u00a0\u00a0\u00a0\u00a0\u00a0\u00a0 2\u00ba lote Arena:\u00a0<\/b>Sextas-feiras (17 e 24\/10) \u2013 R$ 47,00 | S\u00e1bados (18 e 25\/10) \u2013 R$ 34,00| Domingos (19 e 26\/10) \u2013 R$ 47,00<\/p>\n<p class=\"x_yiv2213859453ydpb69b8054yiv5300471514MsoNormal\"><b>\u00a0\u00a0\u00a0\u00a0\u00a0\u00a0 3\u00ba lote Arena:\u00a0<\/b>Sextas-feiras (17 e 24\/10) \u2013 R$ 58,00 | S\u00e1bados (18 e 25\/10) \u2013 R$ 42,00|\u00a0Domingos (19 e 26\/10) \u2013 R$ 58,00<\/p>\n<p class=\"x_yiv2213859453ydpb69b8054yiv5300471514MsoNormal\"><b>Patroc\u00ednio:\u00a0<\/b>Eisenbahn, Coca-Cola, Piccadilly, Cal\u00e7ados Beira Rio, Usaflex, Sicoob, Ambiente Verde, Bebec\u00ea, Voltec, A\u00e7oriana Alimentos, Bibi, Construarte, Madeireira Status, Tacosola,\u00a0 Tintas Killing e Banrisul Cons\u00f3rcio.<\/p>\n<p class=\"x_yiv2213859453ydpb69b8054yiv5300471514MsoNormal\"><b>Patroc\u00ednio Institucional:<\/b>\u00a0SECOM<\/p>\n<p class=\"x_yiv2213859453ydpb69b8054yiv5300471514MsoNormal\"><b>Mais informa\u00e7\u00f5es:\u00a0<\/b>atrav\u00e9s do site oficial<a title=\"http:\/\/www.oktoberfest.org.br\/\" href=\"http:\/\/www.oktoberfest.org.br\/\" target=\"_blank\" rel=\"nofollow noopener noreferrer\" shape=\"rect\" data-auth=\"NotApplicable\" data-linkindex=\"2\">\u00a0www.oktoberfest.org.br<\/a> e das redes sociais.<\/p>\n<hr \/>\n<h6 class=\"x_yiv2213859453ydpb69b8054yiv5300471514MsoNormal\" aria-hidden=\"true\"><strong>Assessoria de Imprensa - Talenttare | Fotos: Cleiton Miguel<\/strong><\/h6>\n\n\n<center><iframe loading=\"lazy\" class=\"jmvplayer\" src=\"https:\/\/player.jmvstream.com\/lvw\/YYGWo5wfZuZ8fEW7Qoq1ISwhLSEDhU\" allowfullscreen allow=\"autoplay; fullscreen\" frameborder=\"0\" width=\"640\" height=\"360\" ><\/iframe><\/center>\n<\/div><\/div>","protected":false},"excerpt":{"rendered":"<p>At\u00e9 o dia 26 de outubro, maior festa comunit\u00e1ria do Brasil re\u00fane divers\u00e3o para toda a fam\u00edlia no Parque de Eventos Almiro Grings. Lauana Prado, Z\u00e9 Neto &amp; Cristiano, Israel &amp; Rodolffo, Menos \u00e9 Mais, Rea\u00e7\u00e3o em Cadeia e Nenhum de N\u00f3s est\u00e3o entre as atra\u00e7\u00f5es confirmadas \u00a0 Chegou a hora de vestir o traje [&hellip;]<\/p>\n","protected":false},"author":4,"featured_media":79272,"comment_status":"open","ping_status":"open","sticky":false,"template":"","format":"standard","meta":{"footnotes":""},"categories":[1],"tags":[],"class_list":["post-79271","post","type-post","status-publish","format-standard","has-post-thumbnail","hentry","category-sem-categoria"],"_links":{"self":[{"href":"http:\/\/sol.fm.br\/radio\/wp-json\/wp\/v2\/posts\/79271","targetHints":{"allow":["GET"]}}],"collection":[{"href":"http:\/\/sol.fm.br\/radio\/wp-json\/wp\/v2\/posts"}],"about":[{"href":"http:\/\/sol.fm.br\/radio\/wp-json\/wp\/v2\/types\/post"}],"author":[{"embeddable":true,"href":"http:\/\/sol.fm.br\/radio\/wp-json\/wp\/v2\/users\/4"}],"replies":[{"embeddable":true,"href":"http:\/\/sol.fm.br\/radio\/wp-json\/wp\/v2\/comments?post=79271"}],"version-history":[{"count":1,"href":"http:\/\/sol.fm.br\/radio\/wp-json\/wp\/v2\/posts\/79271\/revisions"}],"predecessor-version":[{"id":79276,"href":"http:\/\/sol.fm.br\/radio\/wp-json\/wp\/v2\/posts\/79271\/revisions\/79276"}],"wp:featuredmedia":[{"embeddable":true,"href":"http:\/\/sol.fm.br\/radio\/wp-json\/wp\/v2\/media\/79272"}],"wp:attachment":[{"href":"http:\/\/sol.fm.br\/radio\/wp-json\/wp\/v2\/media?parent=79271"}],"wp:term":[{"taxonomy":"category","embeddable":true,"href":"http:\/\/sol.fm.br\/radio\/wp-json\/wp\/v2\/categories?post=79271"},{"taxonomy":"post_tag","embeddable":true,"href":"http:\/\/sol.fm.br\/radio\/wp-json\/wp\/v2\/tags?post=79271"}],"curies":[{"name":"wp","href":"https:\/\/api.w.org\/{rel}","templated":true}]}}