{"id":79776,"date":"2025-11-04T09:43:42","date_gmt":"2025-11-04T12:43:42","guid":{"rendered":"http:\/\/sol.fm.br\/radio\/?p=79776"},"modified":"2025-11-04T09:43:44","modified_gmt":"2025-11-04T12:43:44","slug":"programa-geracao-consciente-da-secretaria-da-saude-e-destaque-nacional-na-prevencao-ao-hiv-entre-jovens","status":"publish","type":"post","link":"http:\/\/sol.fm.br\/radio\/programa-geracao-consciente-da-secretaria-da-saude-e-destaque-nacional-na-prevencao-ao-hiv-entre-jovens\/","title":{"rendered":"Programa Gera\u00e7\u00e3o Consciente, da Secretaria da Sa\u00fade, \u00e9 destaque nacional na preven\u00e7\u00e3o ao HIV entre jovens"},"content":{"rendered":"<div id=\"dslc-theme-content\"><div id=\"dslc-theme-content-inner\"><p class=\"artigo__subtitulo\" style=\"text-align: center;\"><em>Oito iniciativas do Rio Grande do Sul receberam o reconhecimento do Minist\u00e9rio da Sa\u00fade<\/em><\/p>\n<p>O Programa Gera\u00e7\u00e3o Consciente \u2013 O Cuidado Transforma, desenvolvido pela Secretaria da Sa\u00fade (SES), foi reconhecido pelo Minist\u00e9rio da Sa\u00fade (MS) como uma das experi\u00eancias mais exitosas do pa\u00eds na oferta de a\u00e7\u00f5es de preven\u00e7\u00e3o ao HIV. A iniciativa conquistou o segundo lugar no Estado e o nono lugar nacional, entre dezenas de projetos avaliados.<\/p>\n<p>Voltado \u00e0 promo\u00e7\u00e3o da sa\u00fade integral de adolescentes e jovens, o programa \u00e9 implementado em escolas p\u00fablicas municipais e estaduais, com a\u00e7\u00f5es que v\u00e3o al\u00e9m da abordagem tradicional. A proposta articula educa\u00e7\u00e3o, sa\u00fade e assist\u00eancia social, utilizando metodologias l\u00fadicas e participativas para engajar os estudantes em temas como sa\u00fade sexual e reprodutiva, diversidade, preven\u00e7\u00e3o da viol\u00eancia e do bullying, uso de \u00e1lcool e de outras drogas.<\/p>\n<p>Entre as atividades desenvolvidas est\u00e3o: forma\u00e7\u00f5es on-line para professores e profissionais da sa\u00fade; oficinas com metodologias ativas; gincanas culturais presenciais chamadas de Arena Gera\u00e7\u00e3o; campanhas educativas; e o Canal Escuta Gera\u00e7\u00e3o, voltado ao acolhimento e \u00e0 orienta\u00e7\u00e3o dos participantes.<\/p>\n<p><strong>Alcance e benef\u00edcios do programa<\/strong><\/p>\n<p>Em 2025, o programa alcan\u00e7ou 173 munic\u00edpios e 866 escolas, envolvendo cerca de 50 mil estudantes e 2,5 mil professores. Uma pesquisa realizada no \u00faltimo ano revelou que os alunos se sentiram mais acolhidos e conscientes sobre temas sens\u00edveis, enquanto os professores destacaram a relev\u00e2ncia das atividades frente \u00e0 realidade dos adolescentes.<\/p>\n<p>Al\u00e9m de fortalecer a preven\u00e7\u00e3o combinada, o Gera\u00e7\u00e3o Consciente promove o protagonismo juvenil, aproxima os jovens da rede de aten\u00e7\u00e3o \u00e0 sa\u00fade e contribui para a redu\u00e7\u00e3o de estigmas e desigualdades. A iniciativa refor\u00e7a os princ\u00edpios do Sistema \u00danico de Sa\u00fade (SUS) ao integrar inclus\u00e3o, equidade e respeito \u00e0 diversidade.<\/p>\n<p>Mais informa\u00e7\u00f5es podem ser obtidas na\u00a0<a href=\"https:\/\/atencaoprimaria.rs.gov.br\/geracao-consciente\" target=\"_blank\" rel=\"noopener\"><strong>p\u00e1gina do programa<\/strong><\/a>\u00a0ou no\u00a0<a href=\"https:\/\/www.instagram.com\/geracaoconsciente.rs\/\" target=\"_blank\" rel=\"noopener\"><strong>Instagram<\/strong><\/a>.<\/p>\n<p><strong>Experi\u00eancias do RS t\u00eam destaque nacional<\/strong><\/p>\n<p>A chamada p\u00fablica lan\u00e7ada pelo MS para o mapeamento de experi\u00eancias exitosas na oferta da preven\u00e7\u00e3o combinada ao HIV teve como objetivos identificar, valorizar e dar visibilidade a iniciativas bem-sucedidas desenvolvidas em diferentes territ\u00f3rios do pa\u00eds. A a\u00e7\u00e3o buscou fortalecer o enfrentamento ao HIV por meio de estrat\u00e9gias alinhadas \u00e0s diretrizes nacionais para a elimina\u00e7\u00e3o da aids como problema de sa\u00fade p\u00fablica at\u00e9 2030.<\/p>\n<p>As cinco experi\u00eancias mais bem pontuadas \u2013 uma por regi\u00e3o do Brasil \u2013 participar\u00e3o das atividades oficiais do Dia Mundial de Luta Contra a Aids, em 1\u00ba de dezembro. Representando a Regi\u00e3o Sul, a melhor colocada foi a iniciativa \u201cArte e preven\u00e7\u00e3o sob rodas \u2013 Trailer Testa Santa Maria\u201d, promovida pela Secretaria Municipal de Sa\u00fade de Santa Maria. Al\u00e9m dessas cinco, as demais selecionadas integrar\u00e3o uma publica\u00e7\u00e3o t\u00e9cnica nacional, em formato digital, na plataforma IdeiaSUS Fiocruz.<\/p>\n<p>O Rio Grande do Sul teve forte presen\u00e7a entre os selecionados, com propostas apresentadas por secretarias municipais, servi\u00e7os de sa\u00fade e organiza\u00e7\u00f5es da sociedade civil. Das 94 iniciativas selecionadas em todo o pa\u00eds, oito s\u00e3o do Rio Grande do Sul, incluindo o Programa Gera\u00e7\u00e3o Consciente.<\/p>\n<p><strong>Iniciativas do RS selecionadas<\/strong><\/p>\n<ul>\n<li>Santa Maria (Secretaria Municipal de Sa\u00fade): Arte e preven\u00e7\u00e3o sob rodas \u2013 Trailer Testa Santa Maria<\/li>\n<li>Secretaria da Sa\u00fade do RS: Programa Gera\u00e7\u00e3o Consciente \u2013 O Cuidado Transforma<\/li>\n<li>S\u00e3o Luiz Gonzaga (Secretaria Municipal de Sa\u00fade): Caminhos da Preven\u00e7\u00e3o<\/li>\n<li>S\u00e3o Luiz Gonzaga (Secretaria Municipal de Sa\u00fade): Reconstru\u00e7\u00e3o do Saber \u2013 Permita-se<\/li>\n<li>Rio Grande (Programa Municipal IST\/HIV\/HV): Amplia\u00e7\u00e3o da Profilaxia Pr\u00e9-Exposi\u00e7\u00e3o ao HIV (PrEP) para 100% da Rede de Sa\u00fade<\/li>\n<li>Porto Alegre (Coordena\u00e7\u00e3o de Aten\u00e7\u00e3o \u00e0s ISTs\/HIV\/Aids): Rodas de conversa sobre PrEP e Profilaxia P\u00f3s-Exposi\u00e7\u00e3o (PEP) com profissionais do sexo em Porto Alegre<\/li>\n<li>S\u00e3o Luiz Gonzaga (Secretaria Municipal de Sa\u00fade): Caminhos da Preven\u00e7\u00e3o \u2013 interface do Servi\u00e7o de Atendimento Especializado (SAE) com a micromissioneira<\/li>\n<li>Porto Alegre (Movimento Nacional das Cidad\u00e3s Posithivas e Associa\u00e7\u00e3o de Pessoas Vivendo com HIV): Posithivas na Comunica\u00e7\u00e3o<\/li>\n<\/ul>\n<hr \/>\n<h6><strong>GOV RS | Texto: Ascom SES | Edi\u00e7\u00e3o: Secom | Foto: Arquivo SES<\/strong><\/h6>\n\n\n<center><iframe loading=\"lazy\" class=\"jmvplayer\" src=\"https:\/\/player.jmvstream.com\/lvw\/YYGWo5wfZuZ8fEW7Qoq1ISwhLSEDhU\" allowfullscreen allow=\"autoplay; fullscreen\" frameborder=\"0\" width=\"640\" height=\"360\" ><\/iframe><\/center>\n<\/div><\/div>","protected":false},"excerpt":{"rendered":"<p>Oito iniciativas do Rio Grande do Sul receberam o reconhecimento do Minist\u00e9rio da Sa\u00fade O Programa Gera\u00e7\u00e3o Consciente \u2013 O Cuidado Transforma, desenvolvido pela Secretaria da Sa\u00fade (SES), foi reconhecido pelo Minist\u00e9rio da Sa\u00fade (MS) como uma das experi\u00eancias mais exitosas do pa\u00eds na oferta de a\u00e7\u00f5es de preven\u00e7\u00e3o ao HIV. A iniciativa conquistou o [&hellip;]<\/p>\n","protected":false},"author":4,"featured_media":79777,"comment_status":"open","ping_status":"open","sticky":false,"template":"","format":"standard","meta":{"footnotes":""},"categories":[1],"tags":[],"class_list":["post-79776","post","type-post","status-publish","format-standard","has-post-thumbnail","hentry","category-sem-categoria"],"_links":{"self":[{"href":"http:\/\/sol.fm.br\/radio\/wp-json\/wp\/v2\/posts\/79776","targetHints":{"allow":["GET"]}}],"collection":[{"href":"http:\/\/sol.fm.br\/radio\/wp-json\/wp\/v2\/posts"}],"about":[{"href":"http:\/\/sol.fm.br\/radio\/wp-json\/wp\/v2\/types\/post"}],"author":[{"embeddable":true,"href":"http:\/\/sol.fm.br\/radio\/wp-json\/wp\/v2\/users\/4"}],"replies":[{"embeddable":true,"href":"http:\/\/sol.fm.br\/radio\/wp-json\/wp\/v2\/comments?post=79776"}],"version-history":[{"count":1,"href":"http:\/\/sol.fm.br\/radio\/wp-json\/wp\/v2\/posts\/79776\/revisions"}],"predecessor-version":[{"id":79778,"href":"http:\/\/sol.fm.br\/radio\/wp-json\/wp\/v2\/posts\/79776\/revisions\/79778"}],"wp:featuredmedia":[{"embeddable":true,"href":"http:\/\/sol.fm.br\/radio\/wp-json\/wp\/v2\/media\/79777"}],"wp:attachment":[{"href":"http:\/\/sol.fm.br\/radio\/wp-json\/wp\/v2\/media?parent=79776"}],"wp:term":[{"taxonomy":"category","embeddable":true,"href":"http:\/\/sol.fm.br\/radio\/wp-json\/wp\/v2\/categories?post=79776"},{"taxonomy":"post_tag","embeddable":true,"href":"http:\/\/sol.fm.br\/radio\/wp-json\/wp\/v2\/tags?post=79776"}],"curies":[{"name":"wp","href":"https:\/\/api.w.org\/{rel}","templated":true}]}}