{"id":79879,"date":"2025-11-06T11:11:26","date_gmt":"2025-11-06T14:11:26","guid":{"rendered":"http:\/\/sol.fm.br\/radio\/?p=79879"},"modified":"2025-11-06T11:11:29","modified_gmt":"2025-11-06T14:11:29","slug":"artesanato-que-gera-valor-inspira-ciclo-de-palestras-no-universo-pecuaria","status":"publish","type":"post","link":"http:\/\/sol.fm.br\/radio\/artesanato-que-gera-valor-inspira-ciclo-de-palestras-no-universo-pecuaria\/","title":{"rendered":"Artesanato que gera valor inspira ciclo de palestras no Universo Pecu\u00e1ria"},"content":{"rendered":"<div id=\"dslc-theme-content\"><div id=\"dslc-theme-content-inner\"><p style=\"text-align: center;\"><em>Inova\u00e7\u00e3o, cultura e mercado em cinco momentos exaltaram o artesanato regional durante evento em Lavras do Sul<\/em><\/p>\n<p>A programa\u00e7\u00e3o da 1\u00aa edi\u00e7\u00e3o do F\u00f3rum do Artesanato, realizada na quarta-feira, 5 de novembro, como parte do Universo Pecu\u00e1ria em Lavras do Sul (RS), reuniu artes\u00e3os, empreendedores, especialistas e p\u00fablico interessado em uma imers\u00e3o de criatividade, cultura e mercado. O ciclo contou com cinco momentos distintos: quatro palestras e um bate-papo de experi\u00eancias com artes\u00e3s convidadas.<\/p>\n<p>A abertura esteve a cargo de Gisele Alves, gestora do artesanato do Sebrae Nacional, que apresentou a palestra \u201cArtesanato que Gera Valor: Criatividade, Cultura e Mercado\u201d. Segundo Gisele, quando se fala artesanal, isso n\u00e3o \u00e9 mais pejorativo, pelo contr\u00e1rio, \u00e9 um produto que gera consumo com prop\u00f3sito, um manifesto. Na sequ\u00eancia, Tatiane Alves, s\u00f3cia-propriet\u00e1ria da empresa de design Compassing, ministrou a palestra Mercado do Artesanato e Tend\u00eancias de Consumo. Ela destacou que \u201c<em>olhar para nossa regi\u00e3o, nosso processo criativo e construir novos produtos\u201d<\/em> exige entender o estilo de vida do consumidor e n\u00e3o apenas sua faixa et\u00e1ria.<\/p>\n<p>Encerrando a parte te\u00f3rica, Marcus Tonin, conhecido como \u201cO Marketeiro, Confesso\u201d, apresentou Al\u00e9m do Algoritmo: Marketing Digital como Estrat\u00e9gia de Vendas, oferecendo um passo a passo para artes\u00e3os que desejam ingressar no marketing de seus produtos.<em> \u201cN\u00e3o \u00e9 uma quest\u00e3o de tempo, \u00e9 uma quest\u00e3o de import\u00e2ncia\u201d,<\/em> frisou o profissional, ao enfatizar a necessidade de reservar um per\u00edodo para divulga\u00e7\u00e3o e comunica\u00e7\u00e3o dos produtos artesanais no meio digital a fim de alavancar as vendas.<\/p>\n<p>O quarto momento contou com Karine Faccin, artista pl\u00e1stica e s\u00f3cia-propriet\u00e1ria da Kafaccin, que apresentou seu principal case de sucesso, as Redeiras, projeto em que auxilia mulheres artes\u00e3s que desenvolvem pe\u00e7as com escamas de peixe, redes de pesca e couro de peixe. O encerramento do ciclo foi marcado por um bate-papo com as artes\u00e3s convidadas Marta Teixeira, que trabalha com l\u00e3 e cria suas pr\u00f3prias ovelhas da ra\u00e7a Ideal, e Sue Helen, produtora de velas arom\u00e1ticas personalizadas. Elas compartilharam suas experi\u00eancias, ressaltando como tradi\u00e7\u00e3o, identidade e inova\u00e7\u00e3o podem caminhar lado a lado no artesanato moderno.<\/p>\n<p>O F\u00f3rum do Artesanato, inserido na programa\u00e7\u00e3o do Universo Pecu\u00e1ria, refor\u00e7ou a import\u00e2ncia de reconhecer o artes\u00e3o como agente econ\u00f4mico e cultural, conectando saberes, territ\u00f3rios e mercados. O evento mostrou que, mesmo em um ambiente tradicionalmente voltado \u00e0 pecu\u00e1ria, o artesanato ocupa espa\u00e7o relevante na cadeia produtiva, no turismo e no fortalecimento da identidade regional.<\/p>\n<p>O Universo Pecu\u00e1ria \u00e9 uma realiza\u00e7\u00e3o do Sindicato Rural de Lavras do Sul, com correaliza\u00e7\u00e3o de Cotrisul, Farsul, Senar, Sebrae e Prefeitura Municipal de Lavras do Sul, projeto e execu\u00e7\u00e3o da SIA, e patroc\u00ednio de CEEE Equatorial, Banrisul, Sicredi, BRDE, Badesul e N\u00facleo de Produtores de Terneiros de Corte de Lavras do Sul.<\/p>\n<hr \/>\n<h6><strong>AgroEffective | Assessoria de Comunica\u00e7\u00e3o do Servi\u00e7o de Intelig\u00eancia em Agroneg\u00f3cios (SIA Brasil) | <span style=\"font-size: revert; color: initial;\">Foto: Nestor Tipa J\u00fanior\/AgroEffective |\u00a0<\/span>Texto: \u00c9rika Ferraz\/AgroEffective<\/strong><\/h6>\n\n\n<center><iframe loading=\"lazy\" class=\"jmvplayer\" src=\"https:\/\/player.jmvstream.com\/lvw\/YYGWo5wfZuZ8fEW7Qoq1ISwhLSEDhU\" allowfullscreen allow=\"autoplay; fullscreen\" frameborder=\"0\" width=\"640\" height=\"360\" ><\/iframe><\/center>\n<\/div><\/div>","protected":false},"excerpt":{"rendered":"<p>Inova\u00e7\u00e3o, cultura e mercado em cinco momentos exaltaram o artesanato regional durante evento em Lavras do Sul A programa\u00e7\u00e3o da 1\u00aa edi\u00e7\u00e3o do F\u00f3rum do Artesanato, realizada na quarta-feira, 5 de novembro, como parte do Universo Pecu\u00e1ria em Lavras do Sul (RS), reuniu artes\u00e3os, empreendedores, especialistas e p\u00fablico interessado em uma imers\u00e3o de criatividade, cultura [&hellip;]<\/p>\n","protected":false},"author":4,"featured_media":79880,"comment_status":"open","ping_status":"open","sticky":false,"template":"","format":"standard","meta":{"footnotes":""},"categories":[1],"tags":[],"class_list":["post-79879","post","type-post","status-publish","format-standard","has-post-thumbnail","hentry","category-sem-categoria"],"_links":{"self":[{"href":"http:\/\/sol.fm.br\/radio\/wp-json\/wp\/v2\/posts\/79879","targetHints":{"allow":["GET"]}}],"collection":[{"href":"http:\/\/sol.fm.br\/radio\/wp-json\/wp\/v2\/posts"}],"about":[{"href":"http:\/\/sol.fm.br\/radio\/wp-json\/wp\/v2\/types\/post"}],"author":[{"embeddable":true,"href":"http:\/\/sol.fm.br\/radio\/wp-json\/wp\/v2\/users\/4"}],"replies":[{"embeddable":true,"href":"http:\/\/sol.fm.br\/radio\/wp-json\/wp\/v2\/comments?post=79879"}],"version-history":[{"count":1,"href":"http:\/\/sol.fm.br\/radio\/wp-json\/wp\/v2\/posts\/79879\/revisions"}],"predecessor-version":[{"id":79881,"href":"http:\/\/sol.fm.br\/radio\/wp-json\/wp\/v2\/posts\/79879\/revisions\/79881"}],"wp:featuredmedia":[{"embeddable":true,"href":"http:\/\/sol.fm.br\/radio\/wp-json\/wp\/v2\/media\/79880"}],"wp:attachment":[{"href":"http:\/\/sol.fm.br\/radio\/wp-json\/wp\/v2\/media?parent=79879"}],"wp:term":[{"taxonomy":"category","embeddable":true,"href":"http:\/\/sol.fm.br\/radio\/wp-json\/wp\/v2\/categories?post=79879"},{"taxonomy":"post_tag","embeddable":true,"href":"http:\/\/sol.fm.br\/radio\/wp-json\/wp\/v2\/tags?post=79879"}],"curies":[{"name":"wp","href":"https:\/\/api.w.org\/{rel}","templated":true}]}}