{"id":79892,"date":"2025-11-07T09:15:49","date_gmt":"2025-11-07T12:15:49","guid":{"rendered":"http:\/\/sol.fm.br\/radio\/?p=79892"},"modified":"2025-11-07T09:15:53","modified_gmt":"2025-11-07T12:15:53","slug":"forum-de-turismo-conecta-natureza-cultura-e-inovacao-no-pampa-gaucho","status":"publish","type":"post","link":"http:\/\/sol.fm.br\/radio\/forum-de-turismo-conecta-natureza-cultura-e-inovacao-no-pampa-gaucho\/","title":{"rendered":"F\u00f3rum de Turismo conecta natureza, cultura e inova\u00e7\u00e3o no pampa ga\u00facho"},"content":{"rendered":"<div id=\"dslc-theme-content\"><div id=\"dslc-theme-content-inner\"><p style=\"text-align: center;\"><em>Evento realizado durante o Universo Pecu\u00e1ria em Lavras do Sul (RS) destaca cinco pain\u00e9is de estrat\u00e9gia para o setor tur\u00edstico regional<\/em><\/p>\n<p>O 3\u00ba F\u00f3rum de Turismo, ocorrido nesta quarta-feira, 5 de novembro, dentro do Universo Pecu\u00e1ria, em Lavras do Sul (RS), reuniu especialistas, gestores p\u00fablicos, consultores e empreendedores para debater o papel do turismo na regi\u00e3o do pampa ga\u00facho nesta quarta-feira, 5 de novembro. Ao longo de cinco pain\u00e9is, os participantes exploraram temas como turismo de natureza, mercado regional, experi\u00eancias em propriedades rurais e turismo de fronteira.<\/p>\n<p>O painel de abertura, \u201cTurismo de Natureza\u201d, foi apresentado por Pedro Pascotini, da Alianza Del Pastizal Brasil, pela bi\u00f3loga Ros\u00e9li Azi Nascimento, presidente da Associa\u00e7\u00e3o Nacional de Turismo e Observa\u00e7\u00e3o de Vida Silvestre e o bi\u00f3logo Glayson Bencke, da Secretaria do Meio Ambiente e Infraestrutura do Estado, onde o tema mais discutido foi a movimenta\u00e7\u00e3o tur\u00edstica em torno do estudo e observa\u00e7\u00e3o de aves.<\/p>\n<p>Pascotini comentou que \u201ca <em>partir de 2023, ampliaremos o nosso escopo, passando a considerar n\u00e3o apenas o campo nativo e a pecu\u00e1ria, mas tamb\u00e9m as aves associadas a esse ecossistema. Bencke refor\u00e7ou: \u201cas aves alimentam um turismo bem especializado, que j\u00e1 est\u00e1 bem consolidado e em crescimento no pa\u00eds e no mundo<\/em>\u201d. A presidente Ros\u00e9li explicou que \u201c<em>quando a gente est\u00e1 falando em turismo e economia significa que a gente est\u00e1 falando em um processo de gera\u00e7\u00e3o de renda\u201d,<\/em> conclui.<\/p>\n<p>No segundo momento, o painel com a Secretaria de Turismo do Rio Grande do Sul (Setur), mediado por Cristiane Silva, coordenadora de Regionaliza\u00e7\u00e3o da secretaria, contou tamb\u00e9m com participa\u00e7\u00e3o de Silvana Carvalho, interlocutora regional do Pampa Ga\u00facho\/Bag\u00e9 e Luciane Gomes, presidente da Apatur.<\/p>\n<p>Cristiane destacou que o programa de regionaliza\u00e7\u00e3o do turismo \u00e9 que alicer\u00e7a a gest\u00e3o do setor no pa\u00eds. \u201c<em>Temos aqui nos territ\u00f3rios a representatividade da inst\u00e2ncia de governan\u00e7a regional do turismo, que aqui no pampa \u00e9 representada pela Apatur<\/em>.\u201d E a interlocutora regional Silvana, d\u00e1 todo suporte na hora da classifica\u00e7\u00e3o, cadastramento, d\u00favidas, an\u00e1lises, antes de passar para a Apatur.<\/p>\n<p>Nesta sess\u00e3o foi oferecida ao p\u00fablico uma experi\u00eancia olfativa e degustativa pela presidente Luciane: um azeite produzido a partir de plantio de r\u00facula em solo pampa, cujo aroma remetia \u00e0 pr\u00f3pria r\u00facula, refor\u00e7ando a identidade regional e o v\u00ednculo entre a terra cultivada e produto tur\u00edstico.<\/p>\n<p>O terceiro momento trouxe as turism\u00f3logas Vanessa Schardong, mestre em Gest\u00e3o de Turismo e consultora credenciada do Sebrae RS e Fernanda Carvalho, da Secretaria de Turismo, Cultura e Desenvolvimento Econ\u00f4mico de Lavras do Sul. Vanessa abordou \u201cTend\u00eancias para o setor do turismo\u201d, enquanto Fernanda apresentou cases da prefeitura de Lavras do Sul, como o projeto \u201cPassos da Mem\u00f3ria\u201d e iniciativas de abertura de propriedades rurais para atividades de turismo, fortalecendo a economia local.<\/p>\n<p>Para encerrar, o painel \u201cEntre a nascente e o futuro: o turismo de natureza como for\u00e7a de desenvolvimento no Pampa\u201d, conduzido por Elisa Ermida, idealizadora do projeto Connect Pampa, fronteira Brasil\/Uruguai. Elisa apresentou uma proposta de networking, experi\u00eancias e neg\u00f3cios para junho de 2026 atrav\u00e9s deste projeto com foco na inova\u00e7\u00e3o tur\u00edstica binacional.<\/p>\n<p>O 3\u00ba F\u00f3rum de Turismo consagrou-se como palco de integra\u00e7\u00e3o entre natureza, cultura, economia e inova\u00e7\u00e3o no pampa ga\u00facho. Ao reunir diferentes atores do turismo e da produ\u00e7\u00e3o regional, o evento evidenciou que o potencial tur\u00edstico do ecossistema pampa vai muito al\u00e9m da contempla\u00e7\u00e3o: \u00e9 oportunidade de renda, identidade e desenvolvimento sustent\u00e1vel.<\/p>\n<p>O Universo Pecu\u00e1ria \u00e9 uma realiza\u00e7\u00e3o do Sindicato Rural de Lavras do Sul, com correaliza\u00e7\u00e3o de Cotrisul, Farsul, Senar, Sebrae e Prefeitura Municipal de Lavras do Sul, projeto e execu\u00e7\u00e3o da SIA, e patroc\u00ednio de CEEE Equatorial, Banrisul, Sicredi, BRDE, Badesul e N\u00facleo de Produtores de Terneiros de Corte de Lavras do Sul.<\/p>\n<hr \/>\n<h6><strong>AgroEffective | Assessoria de Comunica\u00e7\u00e3o do Servi\u00e7o de Intelig\u00eancia em Agroneg\u00f3cios (SIA Brasil) | <span style=\"font-size: revert; color: initial;\">Foto: Nestor Tipa J\u00fanior\/AgroEffective |\u00a0<\/span>Texto: \u00c9rika Ferraz\/AgroEffective<\/strong><\/h6>\n\n\n<center><iframe loading=\"lazy\" class=\"jmvplayer\" src=\"https:\/\/player.jmvstream.com\/lvw\/YYGWo5wfZuZ8fEW7Qoq1ISwhLSEDhU\" allowfullscreen allow=\"autoplay; fullscreen\" frameborder=\"0\" width=\"640\" height=\"360\" ><\/iframe><\/center>\n<\/div><\/div>","protected":false},"excerpt":{"rendered":"<p>Evento realizado durante o Universo Pecu\u00e1ria em Lavras do Sul (RS) destaca cinco pain\u00e9is de estrat\u00e9gia para o setor tur\u00edstico regional O 3\u00ba F\u00f3rum de Turismo, ocorrido nesta quarta-feira, 5 de novembro, dentro do Universo Pecu\u00e1ria, em Lavras do Sul (RS), reuniu especialistas, gestores p\u00fablicos, consultores e empreendedores para debater o papel do turismo na [&hellip;]<\/p>\n","protected":false},"author":4,"featured_media":79893,"comment_status":"open","ping_status":"open","sticky":false,"template":"","format":"standard","meta":{"footnotes":""},"categories":[1],"tags":[],"class_list":["post-79892","post","type-post","status-publish","format-standard","has-post-thumbnail","hentry","category-sem-categoria"],"_links":{"self":[{"href":"http:\/\/sol.fm.br\/radio\/wp-json\/wp\/v2\/posts\/79892","targetHints":{"allow":["GET"]}}],"collection":[{"href":"http:\/\/sol.fm.br\/radio\/wp-json\/wp\/v2\/posts"}],"about":[{"href":"http:\/\/sol.fm.br\/radio\/wp-json\/wp\/v2\/types\/post"}],"author":[{"embeddable":true,"href":"http:\/\/sol.fm.br\/radio\/wp-json\/wp\/v2\/users\/4"}],"replies":[{"embeddable":true,"href":"http:\/\/sol.fm.br\/radio\/wp-json\/wp\/v2\/comments?post=79892"}],"version-history":[{"count":1,"href":"http:\/\/sol.fm.br\/radio\/wp-json\/wp\/v2\/posts\/79892\/revisions"}],"predecessor-version":[{"id":79894,"href":"http:\/\/sol.fm.br\/radio\/wp-json\/wp\/v2\/posts\/79892\/revisions\/79894"}],"wp:featuredmedia":[{"embeddable":true,"href":"http:\/\/sol.fm.br\/radio\/wp-json\/wp\/v2\/media\/79893"}],"wp:attachment":[{"href":"http:\/\/sol.fm.br\/radio\/wp-json\/wp\/v2\/media?parent=79892"}],"wp:term":[{"taxonomy":"category","embeddable":true,"href":"http:\/\/sol.fm.br\/radio\/wp-json\/wp\/v2\/categories?post=79892"},{"taxonomy":"post_tag","embeddable":true,"href":"http:\/\/sol.fm.br\/radio\/wp-json\/wp\/v2\/tags?post=79892"}],"curies":[{"name":"wp","href":"https:\/\/api.w.org\/{rel}","templated":true}]}}