{"id":79899,"date":"2025-11-07T09:40:42","date_gmt":"2025-11-07T12:40:42","guid":{"rendered":"http:\/\/sol.fm.br\/radio\/?p=79899"},"modified":"2025-11-07T09:40:46","modified_gmt":"2025-11-07T12:40:46","slug":"agronegocio-na-cop30-conectividade-como-aliada-do-clima-e-da-producao-sustentavel-entra-em-pauta","status":"publish","type":"post","link":"http:\/\/sol.fm.br\/radio\/agronegocio-na-cop30-conectividade-como-aliada-do-clima-e-da-producao-sustentavel-entra-em-pauta\/","title":{"rendered":"Agroneg\u00f3cio na COP30: Conectividade como aliada do clima e da produ\u00e7\u00e3o sustent\u00e1vel entra em pauta"},"content":{"rendered":"<div id=\"dslc-theme-content\"><div id=\"dslc-theme-content-inner\"><p style=\"text-align: center;\"><i data-olk-copy-source=\"MessageBody\">Iniciativa da ConectarAGRO na AgriZone mostrar\u00e1 como a inclus\u00e3o digital fortalece a resili\u00eancia clim\u00e1tica e a inova\u00e7\u00e3o no campo<\/i><\/p>\n<div>\n<p>O agroneg\u00f3cio brasileiro ter\u00e1 presen\u00e7a marcante na COP30, confer\u00eancia da ONU sobre mudan\u00e7as clim\u00e1ticas que ser\u00e1 realizada em Bel\u00e9m (PA) entre os dias 10 e 21 de novembro de 2025. Em um momento em que o mundo discute como aliar produ\u00e7\u00e3o de alimentos, preserva\u00e7\u00e3o ambiental e inclus\u00e3o social, o Brasil assume papel de destaque ao mostrar que \u00e9 poss\u00edvel produzir de forma sustent\u00e1vel e inovadora. Entre as iniciativas que refor\u00e7am esse protagonismo est\u00e1 a participa\u00e7\u00e3o da ConectarAGRO, associa\u00e7\u00e3o sem fins lucrativos dedicada a fomentar a conectividade no meio rural, que organiza um painel no dia 18 sobre transforma\u00e7\u00e3o digital e inclus\u00e3o socioprodutiva na AgriZone, o espa\u00e7o da Embrapa dedicado ao agroneg\u00f3cio dentro da COP.<\/p>\n<p>O painel \u201cTransforma\u00e7\u00e3o com Prop\u00f3sito: Solu\u00e7\u00f5es Inclusivas para o Desafio Clim\u00e1tico na promo\u00e7\u00e3o de um Planeta em Equil\u00edbrio\u201d contar\u00e1 com a participa\u00e7\u00e3o de Paola Campiello, presidente da ConectarAGRO; Glaico Gundim dos Santos, CEO da Impactability, gestora do AgNest \u2013 Farm Lab da Embrapa; Giuliano Alves, Gerente de Sustentabilidade e Projetos da ABAG (Associa\u00e7\u00e3o Brasileira do Agroneg\u00f3cio); Rafael Mezzasalma, Country Manager da Nokia Brasil, e Matheus Ferreira, Diretor Executivo Adjunto do Instituto CNA (Confedera\u00e7\u00e3o da Agricultura e Pecu\u00e1ria do Brasil). A sess\u00e3o ser\u00e1 em ingl\u00eas e aberta ao p\u00fablico geral.<\/p>\n<p>A proposta \u00e9 mostrar, na pr\u00e1tica, como a digitaliza\u00e7\u00e3o pode gerar valor ambiental, inclus\u00e3o social e resili\u00eancia clim\u00e1tica. <em>\u201cA conectividade \u00e9 o ponto de partida. Ao levar internet a regi\u00f5es remotas, \u00e9 poss\u00edvel integrar pequenos produtores e comunidades tradicionais ao ecossistema da agricultura digital. A partir dessa base, solu\u00e7\u00f5es como monitoramento ambiental em tempo real, rastreabilidade, preven\u00e7\u00e3o e combate a queimadas e gest\u00e3o de dados clim\u00e1ticos tornam-se vi\u00e1veis, contribuindo diretamente para a redu\u00e7\u00e3o de emiss\u00f5es de CO\u2082 e para a adapta\u00e7\u00e3o dos sistemas produtivos aos eventos clim\u00e1ticos extremos\u201d<\/em>, explica Campiello.<\/p>\n<p>Lideran\u00e7as do setor e especialistas em inova\u00e7\u00e3o se unir\u00e3o para debater como a conectividade e as tecnologias est\u00e3o ajudando o campo a enfrentar os desafios das mudan\u00e7as clim\u00e1ticas. O desafio ainda \u00e9 grande: dados da ConectarAGRO mostram que apenas 33,9% da \u00e1rea dispon\u00edvel para uso agr\u00edcola no Brasil tem cobertura 4G ou 5G, com maior concentra\u00e7\u00e3o no sul e sudeste brasileiro.<\/p>\n<p><em>\u201cA conectividade rural \u00e9 uma tecnologia habilitadora, que abre portas para outras inova\u00e7\u00f5es nas propriedades e permite ao produtor aumentar a produtividade, a rentabilidade e a sustentabilidade, ao utilizar menos \u00e1rea para produzir mais. Sem d\u00favida, a conectividade est\u00e1 intrinsecamente ligada \u00e0s quest\u00f5es de sustentabilidade, pois apoia o produtor no melhor aproveitamento das tecnologias no campo<\/em>\u201d, diz Matheus Ferreira.<\/p>\n<p>A iniciativa reflete o compromisso da ConectarAGRO e da Embrapa com a agenda clim\u00e1tica e a transi\u00e7\u00e3o para uma agricultura digital, mais eficiente e sustent\u00e1vel. O painel pretende ampliar o entendimento sobre como a inova\u00e7\u00e3o tecnol\u00f3gica pode gerar impactos concretos na mitiga\u00e7\u00e3o das mudan\u00e7as clim\u00e1ticas e na promo\u00e7\u00e3o da inclus\u00e3o produtiva. Para o Brasil, a proposta \u00e9 refor\u00e7ar sua posi\u00e7\u00e3o como refer\u00eancia global em pr\u00e1ticas sustent\u00e1veis apoiadas por tecnologia, demonstrando que \u00e9 poss\u00edvel aliar crescimento produtivo \u00e0 conserva\u00e7\u00e3o ambiental e \u00e0 inclus\u00e3o social. Para a comunidade internacional, o objetivo \u00e9 inspirar outros pa\u00edses a adotarem modelos de agricultura digital sustent\u00e1vel, com base em solu\u00e7\u00f5es desenvolvidas no pa\u00eds e adapt\u00e1veis a diferentes realidades. J\u00e1 para o setor produtivo, o painel pretende evidenciar os benef\u00edcios econ\u00f4micos, ambientais e sociais da digitaliza\u00e7\u00e3o no campo, estimulando a forma\u00e7\u00e3o de parcerias entre empresas, startups, produtores e institui\u00e7\u00f5es de pesquisa.<\/p>\n<p>A AgriZone, organizada pela Embrapa, ser\u00e1 um dos grandes destaques da COP30. O espa\u00e7o, localizado a cerca de dois quil\u00f4metros dos pavilh\u00f5es principais do evento, foi concebido como uma \u201cvitrine de inova\u00e7\u00e3o global\u201d e mostrar\u00e1 ao mundo o potencial das tecnologias tropicais e das solu\u00e7\u00f5es sustent\u00e1veis desenvolvidas no Brasil. No local, ser\u00e3o realizadas mais de 400 atividades, com demonstra\u00e7\u00f5es de sistemas agroflorestais, bioeconomia, agricultura de baixo carbono e pr\u00e1ticas regenerativas, al\u00e9m de pain\u00e9is, exposi\u00e7\u00f5es e experimentos ao vivo. A proposta \u00e9 conectar ci\u00eancia, tecnologia, comunidades e pol\u00edticas p\u00fablicas, criando um ambiente onde os visitantes poder\u00e3o vivenciar de perto a aplica\u00e7\u00e3o pr\u00e1tica das solu\u00e7\u00f5es que unem produtividade e conserva\u00e7\u00e3o.<\/p>\n<p><em>\u201cCom a nossa participa\u00e7\u00e3o na AgriZone, a ConectarAGRO cumpre seu objetivo de conectar tecnologia e sustentabilidade, contribuindo para as discuss\u00f5es e reposicionar o agro brasileiro como protagonista da transforma\u00e7\u00e3o necess\u00e1ria para um futuro mais equilibrado<\/em>\u201d, completa Paola.<\/p>\n<p>\u00a0<\/p>\n<p><strong>Sobre a ConectarAGRO<\/strong>\u00a0<\/p>\n<p>A ConectarAGRO \u00e9 uma associa\u00e7\u00e3o civil sem fins lucrativos que visa fomentar a expans\u00e3o do acesso \u00e0 internet nas \u00e1reas remotas do Brasil, para conectar pessoas, m\u00e1quinas e instrumentos, viabilizando a Internet das Coisas (IoT) na agricultura. Para isso, prop\u00f5e a conectividade em toda a \u00e1rea produtiva, agricult\u00e1vel. Uma das tecnologias, ou a preponderante, na cobertura \u00e9 o 4G, com frequ\u00eancia de 700 MHz. Criada para solucionar o problema comum de falta de conectividade no campo, enfrentado pelo agroneg\u00f3cio, a iniciativa j\u00e1 contribuiu para levar internet em extensas \u00e1reas rurais e remotas no Brasil.\u00a0<\/p>\n<hr \/>\n<h6><strong>LVBA Comunica\u00e7\u00e3o<\/strong><\/h6>\n<\/div>\n\n\n<center><iframe loading=\"lazy\" class=\"jmvplayer\" src=\"https:\/\/player.jmvstream.com\/lvw\/YYGWo5wfZuZ8fEW7Qoq1ISwhLSEDhU\" allowfullscreen allow=\"autoplay; fullscreen\" frameborder=\"0\" width=\"640\" height=\"360\" ><\/iframe><\/center>\n<\/div><\/div>","protected":false},"excerpt":{"rendered":"<p>Iniciativa da ConectarAGRO na AgriZone mostrar\u00e1 como a inclus\u00e3o digital fortalece a resili\u00eancia clim\u00e1tica e a inova\u00e7\u00e3o no campo O agroneg\u00f3cio brasileiro ter\u00e1 presen\u00e7a marcante na COP30, confer\u00eancia da ONU sobre mudan\u00e7as clim\u00e1ticas que ser\u00e1 realizada em Bel\u00e9m (PA) entre os dias 10 e 21 de novembro de 2025. Em um momento em que o [&hellip;]<\/p>\n","protected":false},"author":4,"featured_media":79900,"comment_status":"open","ping_status":"open","sticky":false,"template":"","format":"standard","meta":{"footnotes":""},"categories":[1],"tags":[],"class_list":["post-79899","post","type-post","status-publish","format-standard","has-post-thumbnail","hentry","category-sem-categoria"],"_links":{"self":[{"href":"http:\/\/sol.fm.br\/radio\/wp-json\/wp\/v2\/posts\/79899","targetHints":{"allow":["GET"]}}],"collection":[{"href":"http:\/\/sol.fm.br\/radio\/wp-json\/wp\/v2\/posts"}],"about":[{"href":"http:\/\/sol.fm.br\/radio\/wp-json\/wp\/v2\/types\/post"}],"author":[{"embeddable":true,"href":"http:\/\/sol.fm.br\/radio\/wp-json\/wp\/v2\/users\/4"}],"replies":[{"embeddable":true,"href":"http:\/\/sol.fm.br\/radio\/wp-json\/wp\/v2\/comments?post=79899"}],"version-history":[{"count":1,"href":"http:\/\/sol.fm.br\/radio\/wp-json\/wp\/v2\/posts\/79899\/revisions"}],"predecessor-version":[{"id":79901,"href":"http:\/\/sol.fm.br\/radio\/wp-json\/wp\/v2\/posts\/79899\/revisions\/79901"}],"wp:featuredmedia":[{"embeddable":true,"href":"http:\/\/sol.fm.br\/radio\/wp-json\/wp\/v2\/media\/79900"}],"wp:attachment":[{"href":"http:\/\/sol.fm.br\/radio\/wp-json\/wp\/v2\/media?parent=79899"}],"wp:term":[{"taxonomy":"category","embeddable":true,"href":"http:\/\/sol.fm.br\/radio\/wp-json\/wp\/v2\/categories?post=79899"},{"taxonomy":"post_tag","embeddable":true,"href":"http:\/\/sol.fm.br\/radio\/wp-json\/wp\/v2\/tags?post=79899"}],"curies":[{"name":"wp","href":"https:\/\/api.w.org\/{rel}","templated":true}]}}