{"id":79920,"date":"2025-11-07T10:49:49","date_gmt":"2025-11-07T13:49:49","guid":{"rendered":"http:\/\/sol.fm.br\/radio\/?p=79920"},"modified":"2025-11-07T10:49:52","modified_gmt":"2025-11-07T13:49:52","slug":"ciergs-completa-95-anos-de-atuacao-pelo-fortalecimento-da-industria-gaucha","status":"publish","type":"post","link":"http:\/\/sol.fm.br\/radio\/ciergs-completa-95-anos-de-atuacao-pelo-fortalecimento-da-industria-gaucha\/","title":{"rendered":"CIERGS completa 95 anos de atua\u00e7\u00e3o pelo fortalecimento da ind\u00fastria ga\u00facha"},"content":{"rendered":"<div id=\"dslc-theme-content\"><div id=\"dslc-theme-content-inner\"><p style=\"text-align: center;\"><em>Entidade fundada em 1930 atua na defesa do setor industrial e no incentivo ao desenvolvimento econ\u00f4mico ga\u00facho<\/em><\/p>\n<p style=\"text-align: left;\"><br \/>O Centro das Ind\u00fastrias do Rio Grande do Sul (CIERGS) completa, nesta sexta-feira (7), 95 anos de defesa do setor industrial e de incentivo ao desenvolvimento econ\u00f4mico ga\u00facho. Fundada como Centro da Ind\u00fastria Fabril do Rio Grande do Sul (Cinfa), em 7 de novembro de 1930, a entidade impulsionou a representa\u00e7\u00e3o industrial organizada no estado, dando origem, sete anos depois, \u00e0 Federa\u00e7\u00e3o das Ind\u00fastrias do Rio Grande do Sul (FIERGS), que consolidou a representa\u00e7\u00e3o sindical patronal.<\/p>\n<p style=\"text-align: left;\">O presidente do CIERGS e da FIERGS, Claudio Bier, lembra que foi Ant\u00f4nio Jacob Renner, ao lado de outros representantes de ind\u00fastrias ga\u00fachas, quem liderou o movimento para formar a identidade industrial do Rio Grande do Sul, fundando o Cinfa. Tamb\u00e9m recorda que a entidade evoluiu e, em 1951, tornou-se o CIERGS, ampliando seu \u00e2mbito de atua\u00e7\u00e3o para abranger todo o setor industrial do estado. <br \/>Atualmente, 496 empresas s\u00e3o associadas ao CIERGS \u2014 sendo 383 ind\u00fastrias. \u201c<em>Celebramos uma trajet\u00f3ria de 95 anos de dedica\u00e7\u00e3o \u00e0 ind\u00fastria ga\u00facha. Trata-se de uma longa jornada de muito trabalho, com 95 anos de defesa dos interesses da ind\u00fastria, mais de nove d\u00e9cadas formando uma rede de l\u00edderes industriais e mais de tr\u00eas gera\u00e7\u00f5es impulsionando o desenvolvimento econ\u00f4mico e social do nosso estado\u201d<\/em>, destaca Bier.<\/p>\n<p style=\"text-align: left;\">No escopo do CIERGS, est\u00e3o os conselhos e comit\u00eas t\u00e9cnicos e setoriais, que s\u00e3o respons\u00e1veis pelo monitoramento e atua\u00e7\u00e3o na representa\u00e7\u00e3o das necessidades da ind\u00fastria junto a outras institui\u00e7\u00f5es e ao poder p\u00fablico. Al\u00e9m disso, a Unidade de Estudos Econ\u00f4micos (UEE) do Sistema FIERGS, que fornece dados e informa\u00e7\u00f5es econ\u00f4micas que servem de base para a defesa de interesses da ind\u00fastria e monitoramento de resultados, \u00e9 vinculada \u00e0 entidade.<\/p>\n<p style=\"text-align: left;\">O CIERGS ainda atua na articula\u00e7\u00e3o e promo\u00e7\u00e3o da internacionaliza\u00e7\u00e3o do setor industrial ga\u00facho, por meio de capacita\u00e7\u00e3o, intelig\u00eancia comercial, programas de internacionaliza\u00e7\u00e3o, organiza\u00e7\u00e3o de miss\u00f5es internacionais e presta\u00e7\u00e3o de servi\u00e7os e opera\u00e7\u00f5es de com\u00e9rcio exterior.<\/p>\n<p style=\"text-align: left;\">\u201c<em>A hist\u00f3ria do CIERGS nos ensina que o futuro se constr\u00f3i com coragem, vis\u00e3o e, acima de tudo, uni\u00e3o. O legado de Ant\u00f4nio Jacob Renner e dos fundadores nos inspira a continuar esse trabalho. Constru\u00edmos hoje a ind\u00fastria do amanh\u00e3, com energia e vis\u00e3o de futuro<\/em>\u201d, ressalta Bier.<\/p>\n<hr \/>\n<h6><strong>Sistema FIERGS | Comunica\u00e7\u00e3o - Ger\u00eancia de Comunica\u00e7\u00e3o Institucional\u00a0<\/strong><\/h6>\n\n\n<center><iframe loading=\"lazy\" class=\"jmvplayer\" src=\"https:\/\/player.jmvstream.com\/lvw\/YYGWo5wfZuZ8fEW7Qoq1ISwhLSEDhU\" allowfullscreen allow=\"autoplay; fullscreen\" frameborder=\"0\" width=\"640\" height=\"360\" ><\/iframe><\/center>\n<\/div><\/div>","protected":false},"excerpt":{"rendered":"<p>Entidade fundada em 1930 atua na defesa do setor industrial e no incentivo ao desenvolvimento econ\u00f4mico ga\u00facho O Centro das Ind\u00fastrias do Rio Grande do Sul (CIERGS) completa, nesta sexta-feira (7), 95 anos de defesa do setor industrial e de incentivo ao desenvolvimento econ\u00f4mico ga\u00facho. Fundada como Centro da Ind\u00fastria Fabril do Rio Grande do [&hellip;]<\/p>\n","protected":false},"author":4,"featured_media":79921,"comment_status":"open","ping_status":"open","sticky":false,"template":"","format":"standard","meta":{"footnotes":""},"categories":[1],"tags":[],"class_list":["post-79920","post","type-post","status-publish","format-standard","has-post-thumbnail","hentry","category-sem-categoria"],"_links":{"self":[{"href":"http:\/\/sol.fm.br\/radio\/wp-json\/wp\/v2\/posts\/79920","targetHints":{"allow":["GET"]}}],"collection":[{"href":"http:\/\/sol.fm.br\/radio\/wp-json\/wp\/v2\/posts"}],"about":[{"href":"http:\/\/sol.fm.br\/radio\/wp-json\/wp\/v2\/types\/post"}],"author":[{"embeddable":true,"href":"http:\/\/sol.fm.br\/radio\/wp-json\/wp\/v2\/users\/4"}],"replies":[{"embeddable":true,"href":"http:\/\/sol.fm.br\/radio\/wp-json\/wp\/v2\/comments?post=79920"}],"version-history":[{"count":1,"href":"http:\/\/sol.fm.br\/radio\/wp-json\/wp\/v2\/posts\/79920\/revisions"}],"predecessor-version":[{"id":79922,"href":"http:\/\/sol.fm.br\/radio\/wp-json\/wp\/v2\/posts\/79920\/revisions\/79922"}],"wp:featuredmedia":[{"embeddable":true,"href":"http:\/\/sol.fm.br\/radio\/wp-json\/wp\/v2\/media\/79921"}],"wp:attachment":[{"href":"http:\/\/sol.fm.br\/radio\/wp-json\/wp\/v2\/media?parent=79920"}],"wp:term":[{"taxonomy":"category","embeddable":true,"href":"http:\/\/sol.fm.br\/radio\/wp-json\/wp\/v2\/categories?post=79920"},{"taxonomy":"post_tag","embeddable":true,"href":"http:\/\/sol.fm.br\/radio\/wp-json\/wp\/v2\/tags?post=79920"}],"curies":[{"name":"wp","href":"https:\/\/api.w.org\/{rel}","templated":true}]}}