{"id":79974,"date":"2025-11-11T10:00:28","date_gmt":"2025-11-11T13:00:28","guid":{"rendered":"http:\/\/sol.fm.br\/radio\/?p=79974"},"modified":"2025-11-11T10:00:30","modified_gmt":"2025-11-11T13:00:30","slug":"black-friday-2025-5-decisoes-operacionais-para-turbinar-o-varejo","status":"publish","type":"post","link":"http:\/\/sol.fm.br\/radio\/black-friday-2025-5-decisoes-operacionais-para-turbinar-o-varejo\/","title":{"rendered":"Black Friday 2025: 5 decis\u00f5es operacionais para turbinar o varejo"},"content":{"rendered":"<div id=\"dslc-theme-content\"><div id=\"dslc-theme-content-inner\"><p style=\"text-align: center;\"><i data-olk-copy-source=\"MessageBody\">Com mais vendas e um consumidor exigente, opera\u00e7\u00e3o e experi\u00eancia valem tanto quanto o pre\u00e7o; a Omie lan\u00e7ou tr\u00eas guias para ajudar empreendedores a se prepararem<\/i><\/p>\n<p>\u00a0<\/p>\n<div>\n<p>A Black Friday de 2025 deve crescer 16,5% em rela\u00e7\u00e3o a 2024, segundo o estudo <em>Black Friday 2025<\/em>, da consultoria Gauge em parceria com a ag\u00eancia W3haus. Com consumidores cada vez mais atentos a pre\u00e7os, reputa\u00e7\u00e3o e confiabilidade, a Omie, l\u00edder em solu\u00e7\u00f5es para PMEs,\u00a0<a title=\"https:\/\/www.omie.com.br\/ebook\/guia-definitivo-varejo?utm_source=omie&amp;utm_medium=pr&amp;utm_campaign=pr&amp;utm_content=release\" href=\"https:\/\/www.omie.com.br\/ebook\/guia-definitivo-varejo?utm_source=omie&amp;utm_medium=pr&amp;utm_campaign=pr&amp;utm_content=release\" target=\"_blank\" rel=\"noreferrer noopener\" shape=\"rect\" data-auth=\"NotApplicable\" data-linkindex=\"0\">lan\u00e7ou um material com tr\u00eas guias<\/a>, entre elas dicas pr\u00e1ticas para organizar opera\u00e7\u00e3o, estoque e atendimento, ajudando os varejistas a transformar a demanda em lucro e fideliza\u00e7\u00e3o.<\/p>\n<p><em>\u201cA data deixou de ser apenas uma guerra de pre\u00e7os. Para o varejo, ela \u00e9 uma janela de aquisi\u00e7\u00e3o de clientes. Se a opera\u00e7\u00e3o estiver bem estruturada, o ganho n\u00e3o \u00e9 apenas no dia: ele continua nas pr\u00f3ximas compras, por isso \u00e9 importante que os varejistas estejam ligados em novas estrat\u00e9gias\u201d<\/em>, afirma S\u00e9rgio Perez, gerente de Marketing de Produto da Omie.\u00a0<\/p>\n<p>Confira as principais dicas para otimizar sua opera\u00e7\u00e3o e aumentar o lucro na Black Friday:<\/p>\n<ul>\n<li><strong>Promo\u00e7\u00f5es baseadas em dados:<\/strong>\u00a0an\u00e1lise hist\u00f3rica de vendas, margens, hor\u00e1rios de pico e canais que convertem melhor. O objetivo n\u00e3o \u00e9 reduzir pre\u00e7o indiscriminadamente, mas escolher estrategicamente o que promover.<br clear=\"none\" \/><br clear=\"none\" \/><\/li>\n<li><strong>Estoque alinhado:<\/strong>\u00a0evite rupturas ou excessos ap\u00f3s a data. Refor\u00e7ar itens de alto giro, ajustar sortimento e criar kits ou combos ajuda a girar produtos parados e preservar a margem.<br clear=\"none\" \/><br clear=\"none\" \/><\/li>\n<li><strong>Equipe preparada:<\/strong>\u00a0atendimento \u00e1gil e eficiente faz diferen\u00e7a direta no resultado. Treine o time para esclarecer d\u00favidas, aplicar corretamente promo\u00e7\u00f5es e orientar o cliente durante a jornada. No digital, a rapidez no WhatsApp e nas redes sociais aumenta a convers\u00e3o e reduz desist\u00eancias.<br clear=\"none\" \/><br clear=\"none\" \/><\/li>\n<li><strong>Opera\u00e7\u00e3o integrada:<\/strong>\u00a0quando PDV, estoque e vendas online n\u00e3o conversam, surgem erros como diverg\u00eancia de pre\u00e7os ou venda de itens indispon\u00edveis. Sistemas integrados permitem acompanhar o movimento em tempo real e ajustar rotas rapidamente.<br clear=\"none\" \/><br clear=\"none\" \/><\/li>\n<li><strong>P\u00f3s-venda eficiente:<\/strong>\u00a0confirmar entregas, agradecer e oferecer incentivos para a pr\u00f3xima compra transforma uma venda pontual em relacionamento cont\u00ednuo.\u00a0<\/li>\n<\/ul>\n<p>A Black Friday 2025 n\u00e3o ser\u00e1 apenas uma disputa de pre\u00e7os, mas de\u00a0organiza\u00e7\u00e3o, clareza, atendimento e experi\u00eancia. \u201c<em>Empresas que se preparam com anteced\u00eancia t\u00eam mais chances de transformar o pico de vendas em crescimento sustent\u00e1vel<\/em>\u201d, finaliza Perez.<\/p>\n<p>\u00a0<\/p>\n<p><strong>Sobre a Omie\u00a0\u00a0\u00a0\u00a0<\/strong><\/p>\n<p>Fundada em 2013 por Marcelo Lombardo e Rafael Olmos, a Omie tem o prop\u00f3sito de destravar o crescimento de todos os tipos de neg\u00f3cios, oferecendo um sistema de gest\u00e3o inovador, completo e ilimitado, ancorada em quatro grandes pilares: Gest\u00e3o, por meio do software; Educa\u00e7\u00e3o, por meio da Omie.Academy; Finan\u00e7as, por meio de linhas de cr\u00e9dito e solu\u00e7\u00f5es para apoio \u00e0 gest\u00e3o de PMEs; e Comunidade, por meio de um ecossistema que conecta clientes, fornecedores e prestadores de servi\u00e7os. L\u00edder do segmento, a empresa conta com mais de 26 mil escrit\u00f3rios cont\u00e1beis parceiros, mais de 180 mil clientes, aproximadamente 1500 colaboradores e 130 unidades de franquias no pa\u00eds. Atualmente, o Omie processa mais de R$ 31 bilh\u00f5es em notas fiscais emitidas por m\u00eas, representando um fluxo de cerca de 3,3% do PIB brasileiro.\u00a0<\/p>\n<hr \/>\n<h6><strong>M\u00e1quina CW | Foto: Freepik<\/strong><\/h6>\n<\/div>\n\n\n<center><iframe loading=\"lazy\" class=\"jmvplayer\" src=\"https:\/\/player.jmvstream.com\/lvw\/YYGWo5wfZuZ8fEW7Qoq1ISwhLSEDhU\" allowfullscreen allow=\"autoplay; fullscreen\" frameborder=\"0\" width=\"640\" height=\"360\" ><\/iframe><\/center>\n<\/div><\/div>","protected":false},"excerpt":{"rendered":"<p>Com mais vendas e um consumidor exigente, opera\u00e7\u00e3o e experi\u00eancia valem tanto quanto o pre\u00e7o; a Omie lan\u00e7ou tr\u00eas guias para ajudar empreendedores a se prepararem \u00a0 A Black Friday de 2025 deve crescer 16,5% em rela\u00e7\u00e3o a 2024, segundo o estudo Black Friday 2025, da consultoria Gauge em parceria com a ag\u00eancia W3haus. Com [&hellip;]<\/p>\n","protected":false},"author":4,"featured_media":79975,"comment_status":"open","ping_status":"open","sticky":false,"template":"","format":"standard","meta":{"footnotes":""},"categories":[1],"tags":[],"class_list":["post-79974","post","type-post","status-publish","format-standard","has-post-thumbnail","hentry","category-sem-categoria"],"_links":{"self":[{"href":"http:\/\/sol.fm.br\/radio\/wp-json\/wp\/v2\/posts\/79974","targetHints":{"allow":["GET"]}}],"collection":[{"href":"http:\/\/sol.fm.br\/radio\/wp-json\/wp\/v2\/posts"}],"about":[{"href":"http:\/\/sol.fm.br\/radio\/wp-json\/wp\/v2\/types\/post"}],"author":[{"embeddable":true,"href":"http:\/\/sol.fm.br\/radio\/wp-json\/wp\/v2\/users\/4"}],"replies":[{"embeddable":true,"href":"http:\/\/sol.fm.br\/radio\/wp-json\/wp\/v2\/comments?post=79974"}],"version-history":[{"count":1,"href":"http:\/\/sol.fm.br\/radio\/wp-json\/wp\/v2\/posts\/79974\/revisions"}],"predecessor-version":[{"id":79976,"href":"http:\/\/sol.fm.br\/radio\/wp-json\/wp\/v2\/posts\/79974\/revisions\/79976"}],"wp:featuredmedia":[{"embeddable":true,"href":"http:\/\/sol.fm.br\/radio\/wp-json\/wp\/v2\/media\/79975"}],"wp:attachment":[{"href":"http:\/\/sol.fm.br\/radio\/wp-json\/wp\/v2\/media?parent=79974"}],"wp:term":[{"taxonomy":"category","embeddable":true,"href":"http:\/\/sol.fm.br\/radio\/wp-json\/wp\/v2\/categories?post=79974"},{"taxonomy":"post_tag","embeddable":true,"href":"http:\/\/sol.fm.br\/radio\/wp-json\/wp\/v2\/tags?post=79974"}],"curies":[{"name":"wp","href":"https:\/\/api.w.org\/{rel}","templated":true}]}}