{"id":79986,"date":"2025-11-11T11:02:08","date_gmt":"2025-11-11T14:02:08","guid":{"rendered":"http:\/\/sol.fm.br\/radio\/?p=79986"},"modified":"2025-11-11T11:02:11","modified_gmt":"2025-11-11T14:02:11","slug":"opiniao-uso-excessivo-de-telas-impactam-o-desenvolvimento-infantil-por-luciana-brites-mestre-e-doutoranda-em-disturbios-do-desenvolvimento","status":"publish","type":"post","link":"http:\/\/sol.fm.br\/radio\/opiniao-uso-excessivo-de-telas-impactam-o-desenvolvimento-infantil-por-luciana-brites-mestre-e-doutoranda-em-disturbios-do-desenvolvimento\/","title":{"rendered":"Opini\u00e3o - Uso excessivo de telas impactam o desenvolvimento infantil - por Luciana Brites, Mestre e Doutoranda em Dist\u00farbios do Desenvolvimento"},"content":{"rendered":"<div id=\"dslc-theme-content\"><div id=\"dslc-theme-content-inner\"><p class=\"x_yiv3659746283ydp769fa92byiv7607440433MsoNormal\" align=\"center\"><em>Uso excessivo de telas impactam o desenvolvimento infantil<\/em><\/p>\n<p class=\"x_yiv3659746283ydp769fa92byiv7607440433MsoNormal\">*Luciana Brites, Mestre e Doutoranda em Dist\u00farbios do Desenvolvimento<\/p>\n<p class=\"x_yiv3659746283ydp769fa92byiv7607440433MsoNormal\">\u00a0<\/p>\n<p class=\"x_yiv3659746283ydp769fa92byiv7607440433MsoNormal\">\u00c9 cada vez mais comum vermos\u00a0crian\u00e7as, cada vez mais novas, expostas ao uso de telas. Al\u00e9m disso, o tempo de uso tamb\u00e9m est\u00e1 cada vez maior. Estudos mostram associa\u00e7\u00e3o entre excesso de telas e dificuldades de aten\u00e7\u00e3o, sono e desempenho escolar.<\/p>\n<p class=\"x_yiv3659746283ydp769fa92byiv7607440433MsoNormal\">Logo, \u00e9 fundamental ter aten\u00e7\u00e3o n\u00e3o somente a esses riscos como tamb\u00e9m a redu\u00e7\u00e3o da criatividade, das habilidades sociais e depend\u00eancia em\u00a0crian\u00e7as\u00a0que passam muito tempo consumindo conte\u00fado digital sem supervis\u00e3o.<\/p>\n<p class=\"x_yiv3659746283ydp769fa92byiv7607440433MsoNormal\">O c\u00e9rebro infantil est\u00e1 com 95% da sua estrutura formada entre 0 e 6 anos, estando assim em pleno desenvolvimento. O uso constante pode afetar a qualidade do sono, j\u00e1 que a luz azul emitida pelas telas interfere na produ\u00e7\u00e3o de melatonina, o horm\u00f4nio do sono. Isso pode impactar negativamente a mem\u00f3ria, a aprendizagem e o desenvolvimento emocional.<\/p>\n<p><img loading=\"lazy\" decoding=\"async\" class=\"alignnone size-medium wp-image-79989 alignleft\" src=\"http:\/\/sol.fm.br\/radio\/wp-content\/uploads\/2025\/11\/42-400x267.jpg\" alt=\"\" width=\"400\" height=\"267\" srcset=\"http:\/\/sol.fm.br\/radio\/wp-content\/uploads\/2025\/11\/42-400x267.jpg 400w, http:\/\/sol.fm.br\/radio\/wp-content\/uploads\/2025\/11\/42-768x512.jpg 768w, http:\/\/sol.fm.br\/radio\/wp-content\/uploads\/2025\/11\/42-600x400.jpg 600w, http:\/\/sol.fm.br\/radio\/wp-content\/uploads\/2025\/11\/42.jpg 1000w\" sizes=\"auto, (max-width: 400px) 100vw, 400px\" \/><\/p>\n<p class=\"x_yiv3659746283ydp769fa92byiv7607440433MsoNormal\">O excesso tamb\u00e9m pode gerar uma sobrecarga de dopamina, um neurotransmissor relacionado ao prazer. Ao usar o celular por muito tempo, a crian\u00e7a \u00e9 constantemente recompensada com est\u00edmulos r\u00e1pidos e f\u00e1ceis, como likes ou v\u00eddeos curtos, o que cria um ciclo de depend\u00eancia. Isso reduz a toler\u00e2ncia ao t\u00e9dio e dificulta o envolvimento em tarefas que exigem esfor\u00e7o cognitivo, como leitura ou resolu\u00e7\u00e3o de problemas.<\/p>\n<p class=\"x_yiv3659746283ydp769fa92byiv7607440433MsoNormal\">Outros efeitos do uso: dificuldade de aten\u00e7\u00e3o e concentra\u00e7\u00e3o; redu\u00e7\u00e3o da motiva\u00e7\u00e3o para atividades off-line, como brincar, conversar ou ler e d\u00e9ficits nas habilidades sociais e emocionais.<\/p>\n<p class=\"x_yiv3659746283ydp769fa92byiv7607440433MsoNormal\">Veja alguns ind\u00edcios de preju\u00edzo pelo excesso de telas que pais e professores devem ficar atentos: irritabilidade ou agita\u00e7\u00e3o ao ser afastada das telas; desinteresse por brincadeiras presenciais ou leitura; dificuldade de concentra\u00e7\u00e3o nas atividades escolares e redu\u00e7\u00e3o da linguagem espont\u00e2nea e das intera\u00e7\u00f5es sociais. Se esses sinais forem persistentes, \u00e9 recomend\u00e1vel avaliar a rotina digital da crian\u00e7a e buscar a orienta\u00e7\u00e3o de um profissional da \u00e1rea da sa\u00fade ou educa\u00e7\u00e3o.<\/p>\n<p class=\"x_yiv3659746283ydp769fa92byiv7607440433MsoNormal\">Segundo a Academia Americana de Pediatria (AAP), o tempo de tela considerado adequado para\u00a0crian\u00e7as\u00a0varia conforme a idade: de 0 a 2 anos, deve-se evitar o uso, exceto em chamadas de v\u00eddeo com familiares; de 2 a 5 anos, o limite \u00e9 de at\u00e9 1 hora di\u00e1ria, priorizando conte\u00fados educativos e com acompanhamento de um adulto; para as\u00a0crian\u00e7as\u00a0maiores, o uso deve ser equilibrado com um bom padr\u00e3o de sono, pr\u00e1tica de atividade f\u00edsica, brincadeiras livres e momentos em fam\u00edlia.<\/p>\n<p class=\"x_yiv3659746283ydp769fa92byiv7607440433MsoNormal\">Al\u00e9m da media\u00e7\u00e3o no uso das tecnologias, \u00e9 importante oferecer est\u00edmulos que favore\u00e7am o neurodesenvolvimento infantil de forma ampla. Atividades como desenhar, escrever e explorar o ambiente contribuem para o aprimoramento da coordena\u00e7\u00e3o motora e da cogni\u00e7\u00e3o.<\/p>\n<p class=\"x_yiv3659746283ydp769fa92byiv7607440433MsoNormal\">\u00c9 fundamental que pais, educadores e profissionais da sa\u00fade estejam atentos a esses efeitos e adotem estrat\u00e9gias para garantir um uso equilibrado e saud\u00e1vel das tecnologias. Lembre-se que as tecnologias n\u00e3o s\u00e3o inimigas, mas devem ser usadas com modera\u00e7\u00e3o respeitando a idade das\u00a0crian\u00e7as.<\/p>\n<div id=\"attachment_79988\" style=\"width: 410px\" class=\"wp-caption aligncenter\"><img loading=\"lazy\" decoding=\"async\" aria-describedby=\"caption-attachment-79988\" class=\"wp-image-79988 size-medium\" src=\"http:\/\/sol.fm.br\/radio\/wp-content\/uploads\/2025\/11\/41-1-400x400.jpg\" alt=\"\" width=\"400\" height=\"400\" srcset=\"http:\/\/sol.fm.br\/radio\/wp-content\/uploads\/2025\/11\/41-1-400x400.jpg 400w, http:\/\/sol.fm.br\/radio\/wp-content\/uploads\/2025\/11\/41-1-768x767.jpg 768w, http:\/\/sol.fm.br\/radio\/wp-content\/uploads\/2025\/11\/41-1-560x560.jpg 560w, http:\/\/sol.fm.br\/radio\/wp-content\/uploads\/2025\/11\/41-1.jpg 853w\" sizes=\"auto, (max-width: 400px) 100vw, 400px\" \/><p id=\"caption-attachment-79988\" class=\"wp-caption-text\">Foto: Samara Garcia<\/p><\/div>\n<p class=\"x_yiv3659746283ydp769fa92byiv7607440433MsoNormal\"><em>(*) Luciana Brites \u00e9 CEO do Instituto NeuroSaber, psicopedagoga, psicomotricista, mestre e doutoranda em dist\u00farbios do desenvolvimento pelo Mackenzie, palestrante e autora de livros sobre educa\u00e7\u00e3o e transtornos de aprendizagem.<\/em> Instituto NeuroSaber\u00a0\u00a0<a title=\"https:\/\/institutoneurosaber.com.br\/\" href=\"https:\/\/institutoneurosaber.com.br\/\" target=\"_blank\" rel=\"nofollow noopener noreferrer\" shape=\"rect\" data-auth=\"NotApplicable\" data-linkindex=\"0\">https:\/\/institutoneurosaber.com.br<\/a><\/p>\n<hr \/>\n<h6><strong>Assessoria de Imprensa \u2013 Ag\u00eancia Drumond | Fotos: Freepik e capa: Imagem Pexels Foto de Ron Lach<br \/><\/strong><\/h6>\n\n\n<center><iframe loading=\"lazy\" class=\"jmvplayer\" src=\"https:\/\/player.jmvstream.com\/lvw\/YYGWo5wfZuZ8fEW7Qoq1ISwhLSEDhU\" allowfullscreen allow=\"autoplay; fullscreen\" frameborder=\"0\" width=\"640\" height=\"360\" ><\/iframe><\/center>\n<\/div><\/div>","protected":false},"excerpt":{"rendered":"<p>Uso excessivo de telas impactam o desenvolvimento infantil *Luciana Brites, Mestre e Doutoranda em Dist\u00farbios do Desenvolvimento \u00a0 \u00c9 cada vez mais comum vermos\u00a0crian\u00e7as, cada vez mais novas, expostas ao uso de telas. Al\u00e9m disso, o tempo de uso tamb\u00e9m est\u00e1 cada vez maior. Estudos mostram associa\u00e7\u00e3o entre excesso de telas e dificuldades de aten\u00e7\u00e3o, [&hellip;]<\/p>\n","protected":false},"author":4,"featured_media":79987,"comment_status":"open","ping_status":"open","sticky":false,"template":"","format":"standard","meta":{"footnotes":""},"categories":[1],"tags":[],"class_list":["post-79986","post","type-post","status-publish","format-standard","has-post-thumbnail","hentry","category-sem-categoria"],"_links":{"self":[{"href":"http:\/\/sol.fm.br\/radio\/wp-json\/wp\/v2\/posts\/79986","targetHints":{"allow":["GET"]}}],"collection":[{"href":"http:\/\/sol.fm.br\/radio\/wp-json\/wp\/v2\/posts"}],"about":[{"href":"http:\/\/sol.fm.br\/radio\/wp-json\/wp\/v2\/types\/post"}],"author":[{"embeddable":true,"href":"http:\/\/sol.fm.br\/radio\/wp-json\/wp\/v2\/users\/4"}],"replies":[{"embeddable":true,"href":"http:\/\/sol.fm.br\/radio\/wp-json\/wp\/v2\/comments?post=79986"}],"version-history":[{"count":1,"href":"http:\/\/sol.fm.br\/radio\/wp-json\/wp\/v2\/posts\/79986\/revisions"}],"predecessor-version":[{"id":79990,"href":"http:\/\/sol.fm.br\/radio\/wp-json\/wp\/v2\/posts\/79986\/revisions\/79990"}],"wp:featuredmedia":[{"embeddable":true,"href":"http:\/\/sol.fm.br\/radio\/wp-json\/wp\/v2\/media\/79987"}],"wp:attachment":[{"href":"http:\/\/sol.fm.br\/radio\/wp-json\/wp\/v2\/media?parent=79986"}],"wp:term":[{"taxonomy":"category","embeddable":true,"href":"http:\/\/sol.fm.br\/radio\/wp-json\/wp\/v2\/categories?post=79986"},{"taxonomy":"post_tag","embeddable":true,"href":"http:\/\/sol.fm.br\/radio\/wp-json\/wp\/v2\/tags?post=79986"}],"curies":[{"name":"wp","href":"https:\/\/api.w.org\/{rel}","templated":true}]}}