{"id":80057,"date":"2025-11-12T15:22:57","date_gmt":"2025-11-12T18:22:57","guid":{"rendered":"http:\/\/sol.fm.br\/radio\/?p=80057"},"modified":"2025-11-12T15:22:59","modified_gmt":"2025-11-12T18:22:59","slug":"conexao-sao-joao-saber-e-cuidar-recebe-o-juiz-marlos-melek-um-dos-mentores-da-reforma-trabalhista","status":"publish","type":"post","link":"http:\/\/sol.fm.br\/radio\/conexao-sao-joao-saber-e-cuidar-recebe-o-juiz-marlos-melek-um-dos-mentores-da-reforma-trabalhista\/","title":{"rendered":"Conex\u00e3o S\u00e3o Jo\u00e3o: Saber e Cuidar recebe o juiz Marlos Melek, um dos mentores da Reforma Trabalhista"},"content":{"rendered":"<div id=\"dslc-theme-content\"><div id=\"dslc-theme-content-inner\"><p style=\"text-align: center;\"><em>Evento promovido pela Rede de Farm\u00e1cias S\u00e3o Jo\u00e3o abordou a jornada de trabalho e a import\u00e2ncia do conhecimento na gest\u00e3o de pessoas.<\/em><\/p>\n<p>\u00a0<\/p>\n<p>A Rede de Farm\u00e1cias S\u00e3o Jo\u00e3o realizou mais uma edi\u00e7\u00e3o do Conex\u00e3o S\u00e3o Jo\u00e3o: Saber e Cuidar, na tarde de ter\u00e7a-feira (11), com uma palestra especial conduzida pelo Juiz de Direito Dr. Marlos Melek e por Ra\u00edssa B. M\u00e1ximo de Magalh\u00e3es Melek. O encontro contou com a participa\u00e7\u00e3o de todos os colaboradores do Centro de Distribui\u00e7\u00e3o e Administrativo da empresa e abordou o tema \u201cTudo sobre Jornada de Trabalho\u201d, oferecendo uma ampla vis\u00e3o sobre os principais aspectos da legisla\u00e7\u00e3o trabalhista e suas aplica\u00e7\u00f5es no dia a dia corporativo.<\/p>\n<p><img loading=\"lazy\" decoding=\"async\" class=\"alignnone size-medium wp-image-80059 aligncenter\" src=\"http:\/\/sol.fm.br\/radio\/wp-content\/uploads\/2025\/11\/102-400x185.jpeg\" alt=\"\" width=\"400\" height=\"185\" srcset=\"http:\/\/sol.fm.br\/radio\/wp-content\/uploads\/2025\/11\/102-400x185.jpeg 400w, http:\/\/sol.fm.br\/radio\/wp-content\/uploads\/2025\/11\/102-768x354.jpeg 768w, http:\/\/sol.fm.br\/radio\/wp-content\/uploads\/2025\/11\/102-1536x708.jpeg 1536w, http:\/\/sol.fm.br\/radio\/wp-content\/uploads\/2025\/11\/102.jpeg 1600w\" sizes=\"auto, (max-width: 400px) 100vw, 400px\" \/><\/p>\n<p>O evento aconteceu de forma presencial no audit\u00f3rio do setor administrativo da Rede, em Passo Fundo\/RS, e foi transmitido on-line para os colaboradores do administrativo de Gravata\u00ed\/RS e coordenadores de diversas regi\u00f5es.<\/p>\n<p>A atividade foi realizada em formato de bate-papo, com a media\u00e7\u00e3o dos advogados Dr. Fernando Lusa e Dr. S\u00e9rgio Ferraz, jur\u00eddico da Rede S\u00e3o Jo\u00e3o. Eles conduziram a conversa em uma din\u00e2mica leve e participativa.<\/p>\n<p>Dr. Marlos Melek \u00e9 juiz da \u00e1rea trabalhista e foi um dos respons\u00e1veis pela reda\u00e7\u00e3o da Reforma Trabalhista de 2017, integrando a equipe que estruturou as novas diretrizes da legisla\u00e7\u00e3o.<\/p>\n<p>O juiz esteve acompanhado da Dra. Ra\u00edssa Melek, advogada formada em Direito pela Universidade Est\u00e1cio, p\u00f3s-graduada em Direito e Processo do Trabalho, Direito e Processo Civil, e especialista em Compliance Trabalhista e Aplicabilidade da Reforma Trabalhista. Ela atua como palestrante nas \u00e1reas de aplica\u00e7\u00e3o dos institutos da Reforma Trabalhista e de redu\u00e7\u00e3o de passivo trabalhista empresarial.<\/p>\n<p><img loading=\"lazy\" decoding=\"async\" class=\"alignnone size-medium wp-image-80060 aligncenter\" src=\"http:\/\/sol.fm.br\/radio\/wp-content\/uploads\/2025\/11\/103-400x204.jpeg\" alt=\"\" width=\"400\" height=\"204\" srcset=\"http:\/\/sol.fm.br\/radio\/wp-content\/uploads\/2025\/11\/103-400x204.jpeg 400w, http:\/\/sol.fm.br\/radio\/wp-content\/uploads\/2025\/11\/103-768x392.jpeg 768w, http:\/\/sol.fm.br\/radio\/wp-content\/uploads\/2025\/11\/103-1536x784.jpeg 1536w, http:\/\/sol.fm.br\/radio\/wp-content\/uploads\/2025\/11\/103.jpeg 1600w\" sizes=\"auto, (max-width: 400px) 100vw, 400px\" \/><\/p>\n<p>Para Fernando Lusa, Jur\u00eddico da Rede, o dia foi especial e com muito aprendizado. \u201cFoi uma alegria receber o Dr. Marlos Melek e a Dra. Ra\u00edssa B. M\u00e1ximo de Magalh\u00e3es Melek na palestra \u201cTudo sobre Jornada de Trabalho\u201d. A trajet\u00f3ria profissional e a hist\u00f3ria de vida de ambos inspiraram a todos os presentes, lembrando-nos de que t\u00e9cnica e prop\u00f3sito caminham juntos, princ\u00edpio no qual acreditamos,\u201d salientou.<\/p>\n<p><img loading=\"lazy\" decoding=\"async\" class=\"alignnone size-medium wp-image-80061 aligncenter\" src=\"http:\/\/sol.fm.br\/radio\/wp-content\/uploads\/2025\/11\/101-400x184.jpeg\" alt=\"\" width=\"400\" height=\"184\" srcset=\"http:\/\/sol.fm.br\/radio\/wp-content\/uploads\/2025\/11\/101-400x184.jpeg 400w, http:\/\/sol.fm.br\/radio\/wp-content\/uploads\/2025\/11\/101-768x354.jpeg 768w, http:\/\/sol.fm.br\/radio\/wp-content\/uploads\/2025\/11\/101-1536x708.jpeg 1536w, http:\/\/sol.fm.br\/radio\/wp-content\/uploads\/2025\/11\/101.jpeg 1600w\" sizes=\"auto, (max-width: 400px) 100vw, 400px\" \/><\/p>\n<p>A palestra integrou o projeto Conex\u00e3o S\u00e3o Jo\u00e3o, iniciativa que tem como objetivo promover o desenvolvimento cont\u00ednuo dos colaboradores, incentivando o aprendizado e a troca de conhecimento sobre temas que fortalecem a gest\u00e3o e o cuidado com as pessoas.<\/p>\n<hr \/>\n<h6><strong>Rede de Farm\u00e1cias S\u00e3o Jo\u00e3o<\/strong><\/h6>\n\n\n<center><iframe loading=\"lazy\" class=\"jmvplayer\" src=\"https:\/\/player.jmvstream.com\/lvw\/YYGWo5wfZuZ8fEW7Qoq1ISwhLSEDhU\" allowfullscreen allow=\"autoplay; fullscreen\" frameborder=\"0\" width=\"640\" height=\"360\" ><\/iframe><\/center>\n<\/div><\/div>","protected":false},"excerpt":{"rendered":"<p>Evento promovido pela Rede de Farm\u00e1cias S\u00e3o Jo\u00e3o abordou a jornada de trabalho e a import\u00e2ncia do conhecimento na gest\u00e3o de pessoas. \u00a0 A Rede de Farm\u00e1cias S\u00e3o Jo\u00e3o realizou mais uma edi\u00e7\u00e3o do Conex\u00e3o S\u00e3o Jo\u00e3o: Saber e Cuidar, na tarde de ter\u00e7a-feira (11), com uma palestra especial conduzida pelo Juiz de Direito Dr. [&hellip;]<\/p>\n","protected":false},"author":4,"featured_media":80058,"comment_status":"open","ping_status":"open","sticky":false,"template":"","format":"standard","meta":{"footnotes":""},"categories":[1],"tags":[],"class_list":["post-80057","post","type-post","status-publish","format-standard","has-post-thumbnail","hentry","category-sem-categoria"],"_links":{"self":[{"href":"http:\/\/sol.fm.br\/radio\/wp-json\/wp\/v2\/posts\/80057","targetHints":{"allow":["GET"]}}],"collection":[{"href":"http:\/\/sol.fm.br\/radio\/wp-json\/wp\/v2\/posts"}],"about":[{"href":"http:\/\/sol.fm.br\/radio\/wp-json\/wp\/v2\/types\/post"}],"author":[{"embeddable":true,"href":"http:\/\/sol.fm.br\/radio\/wp-json\/wp\/v2\/users\/4"}],"replies":[{"embeddable":true,"href":"http:\/\/sol.fm.br\/radio\/wp-json\/wp\/v2\/comments?post=80057"}],"version-history":[{"count":1,"href":"http:\/\/sol.fm.br\/radio\/wp-json\/wp\/v2\/posts\/80057\/revisions"}],"predecessor-version":[{"id":80062,"href":"http:\/\/sol.fm.br\/radio\/wp-json\/wp\/v2\/posts\/80057\/revisions\/80062"}],"wp:featuredmedia":[{"embeddable":true,"href":"http:\/\/sol.fm.br\/radio\/wp-json\/wp\/v2\/media\/80058"}],"wp:attachment":[{"href":"http:\/\/sol.fm.br\/radio\/wp-json\/wp\/v2\/media?parent=80057"}],"wp:term":[{"taxonomy":"category","embeddable":true,"href":"http:\/\/sol.fm.br\/radio\/wp-json\/wp\/v2\/categories?post=80057"},{"taxonomy":"post_tag","embeddable":true,"href":"http:\/\/sol.fm.br\/radio\/wp-json\/wp\/v2\/tags?post=80057"}],"curies":[{"name":"wp","href":"https:\/\/api.w.org\/{rel}","templated":true}]}}