{"id":80063,"date":"2025-11-12T15:49:59","date_gmt":"2025-11-12T18:49:59","guid":{"rendered":"http:\/\/sol.fm.br\/radio\/?p=80063"},"modified":"2025-11-12T15:50:01","modified_gmt":"2025-11-12T18:50:01","slug":"sicoob-maxicredito-comemora-41-anos-de-historia","status":"publish","type":"post","link":"http:\/\/sol.fm.br\/radio\/sicoob-maxicredito-comemora-41-anos-de-historia\/","title":{"rendered":"Sicoob MaxiCr\u00e9dito comemora 41 anos de hist\u00f3ria"},"content":{"rendered":"<div id=\"dslc-theme-content\"><div id=\"dslc-theme-content-inner\"><p style=\"text-align: center;\"><em>Uma jornada de realiza\u00e7\u00e3o de sonhos e prosperidade de cooperados e comunidades<\/em><\/p>\n<p>\u00a0<\/p>\n<p>Foi acreditando que cooperativas constroem um mundo melhor que, em 1984, lideran\u00e7as fundaram o Sicoob MaxiCr\u00e9dito. Desde ent\u00e3o, mais de quatro d\u00e9cadas se passaram e neste dia 16 de novembro a institui\u00e7\u00e3o celebra 41 anos de hist\u00f3ria. Uma trajet\u00f3ria que nasceu com o objetivo de apoiar localmente a comunidade e que hoje coloca a institui\u00e7\u00e3o na 12\u00aa coloca\u00e7\u00e3o no ranking de maiores cooperativas financeiras do Brasil e na 4\u00aa posi\u00e7\u00e3o dentro do Sistema Sicoob.<\/p>\n<p>Atualmente, a Cooperativa conta com 102 pontos de atendimento que apoiam, todos os dias, mais de 260 mil associados com produtos e servi\u00e7os financeiros para as mais variadas necessidades, com taxas competitivas e a seguran\u00e7a de uma institui\u00e7\u00e3o s\u00f3lida.<\/p>\n<p>E mais do que atender o associado, o Sicoob MaxiCr\u00e9dito se mostra presente no dia a dia, seja no relacionamento feito olho no olho, no aperto de m\u00e3o ao realizar um neg\u00f3cio, no investimento social nas comunidades, na educa\u00e7\u00e3o financeira e no apoio ao desenvolvimento de novos projetos.<\/p>\n<p>Para o presidente Ivair Chiella, chegar \u00e0 marca de 41 anos s\u00f3 refor\u00e7a o compromisso e seriedade do trabalho desenvolvido nessas quatro d\u00e9cadas. \u201c<em>\u00c9 com muito orgulho que a gente celebra essa data, pois s\u00f3 demonstra que estamos no caminho certo, atendendo nosso associado, apoiando na realiza\u00e7\u00e3o do seu sonho e gerando prosperidade para a comunidade em que ele vive<\/em>\u201d, destaca o presidente. <em>\u201cE, para isso, estamos cada vez mais inseridos onde o nosso associado est\u00e1, seja no f\u00edsico com as ag\u00eancias, no digital com o aplicativo, nas a\u00e7\u00f5es sociais em que buscamos melhorar o lugar em que ele vive, e \u00e9 isso que cada vez mais queremos fazer. Estar ao lado do associado todo o tempo<\/em>\u201d, enfatiza Chiella.<\/p>\n<p>\u00a0<\/p>\n<p><strong>N\u00fameros que contam hist\u00f3rias<\/strong><\/p>\n<p>Em agosto de 2025, o Sicoob MaxiCr\u00e9dito atingiu a marca de R$ 10 bilh\u00f5es em Ativos Financeiros, valor que representa o montante de recursos administrados pela cooperativa, reflexo da confian\u00e7a dos associados e do prop\u00f3sito de levar justi\u00e7a financeira e prosperidade para cada vez mais pessoas.<\/p>\n<p>At\u00e9 agosto deste ano, mais de R$ 7 bilh\u00f5es em cr\u00e9dito foram concedidos aos cooperados, para fomentar o desenvolvimento, empreendedorismo, gera\u00e7\u00e3o de emprego e renda localmente.<\/p>\n<p>Na carteira Agro, foram movimentados quase R$ 2 bilh\u00f5es em neg\u00f3cios, o que refor\u00e7a a presen\u00e7a da cooperativa em apoiar o agroneg\u00f3cio e levar solu\u00e7\u00f5es financeiras para o desenvolvimento e prosperidade no campo.<\/p>\n<p>A Cooperativa tamb\u00e9m tem um importante olhar social, focado em levar educa\u00e7\u00e3o financeira e cooperativista para as comunidades, e no apoio a projetos sociais de impacto coletivo. Entre eles est\u00e1 o Fundo de Desenvolvimento Social, que em tr\u00eas anos j\u00e1 destinou mais de R$ 8 milh\u00f5es para mais de mil entidades, beneficiando mais de um milh\u00e3o de pessoas.<\/p>\n<p>\u201c<em>E isso tudo s\u00f3 \u00e9 poss\u00edvel gra\u00e7as ao associado que acredita e faz seus neg\u00f3cios com a cooperativa e, assim, usufrui dos benef\u00edcios das taxas mais baixas e da facilidade de relacionamento, mas tamb\u00e9m ajuda a transformar a vida de pessoas em diversos lugares\u201d<\/em>, finaliza Chiella.<\/p>\n<hr \/>\n<h6><strong>Assessoria de Comunica\u00e7\u00e3o -\u00a0Sicoob MaxiCr\u00e9dito<\/strong><\/h6>\n\n\n<center><iframe loading=\"lazy\" class=\"jmvplayer\" src=\"https:\/\/player.jmvstream.com\/lvw\/YYGWo5wfZuZ8fEW7Qoq1ISwhLSEDhU\" allowfullscreen allow=\"autoplay; fullscreen\" frameborder=\"0\" width=\"640\" height=\"360\" ><\/iframe><\/center>\n<\/div><\/div>","protected":false},"excerpt":{"rendered":"<p>Uma jornada de realiza\u00e7\u00e3o de sonhos e prosperidade de cooperados e comunidades \u00a0 Foi acreditando que cooperativas constroem um mundo melhor que, em 1984, lideran\u00e7as fundaram o Sicoob MaxiCr\u00e9dito. Desde ent\u00e3o, mais de quatro d\u00e9cadas se passaram e neste dia 16 de novembro a institui\u00e7\u00e3o celebra 41 anos de hist\u00f3ria. Uma trajet\u00f3ria que nasceu com [&hellip;]<\/p>\n","protected":false},"author":4,"featured_media":80064,"comment_status":"open","ping_status":"open","sticky":false,"template":"","format":"standard","meta":{"footnotes":""},"categories":[1],"tags":[],"class_list":["post-80063","post","type-post","status-publish","format-standard","has-post-thumbnail","hentry","category-sem-categoria"],"_links":{"self":[{"href":"http:\/\/sol.fm.br\/radio\/wp-json\/wp\/v2\/posts\/80063","targetHints":{"allow":["GET"]}}],"collection":[{"href":"http:\/\/sol.fm.br\/radio\/wp-json\/wp\/v2\/posts"}],"about":[{"href":"http:\/\/sol.fm.br\/radio\/wp-json\/wp\/v2\/types\/post"}],"author":[{"embeddable":true,"href":"http:\/\/sol.fm.br\/radio\/wp-json\/wp\/v2\/users\/4"}],"replies":[{"embeddable":true,"href":"http:\/\/sol.fm.br\/radio\/wp-json\/wp\/v2\/comments?post=80063"}],"version-history":[{"count":1,"href":"http:\/\/sol.fm.br\/radio\/wp-json\/wp\/v2\/posts\/80063\/revisions"}],"predecessor-version":[{"id":80065,"href":"http:\/\/sol.fm.br\/radio\/wp-json\/wp\/v2\/posts\/80063\/revisions\/80065"}],"wp:featuredmedia":[{"embeddable":true,"href":"http:\/\/sol.fm.br\/radio\/wp-json\/wp\/v2\/media\/80064"}],"wp:attachment":[{"href":"http:\/\/sol.fm.br\/radio\/wp-json\/wp\/v2\/media?parent=80063"}],"wp:term":[{"taxonomy":"category","embeddable":true,"href":"http:\/\/sol.fm.br\/radio\/wp-json\/wp\/v2\/categories?post=80063"},{"taxonomy":"post_tag","embeddable":true,"href":"http:\/\/sol.fm.br\/radio\/wp-json\/wp\/v2\/tags?post=80063"}],"curies":[{"name":"wp","href":"https:\/\/api.w.org\/{rel}","templated":true}]}}