{"id":80069,"date":"2025-11-13T09:35:27","date_gmt":"2025-11-13T12:35:27","guid":{"rendered":"http:\/\/sol.fm.br\/radio\/?p=80069"},"modified":"2025-11-13T09:35:28","modified_gmt":"2025-11-13T12:35:28","slug":"governo-do-rio-grande-do-sul-auxilia-com-atendimento-social-a-vitimas-do-tornado-no-parana","status":"publish","type":"post","link":"http:\/\/sol.fm.br\/radio\/governo-do-rio-grande-do-sul-auxilia-com-atendimento-social-a-vitimas-do-tornado-no-parana\/","title":{"rendered":"Governo do Rio Grande do Sul auxilia com atendimento social a v\u00edtimas do tornado no Paran\u00e1"},"content":{"rendered":"<div id=\"dslc-theme-content\"><div id=\"dslc-theme-content-inner\"><p class=\"artigo__subtitulo\" style=\"text-align: center;\"><em>A\u00e7\u00e3o inclui unidade m\u00f3vel do Cadastro \u00danico, antenas de internet e equipe t\u00e9cnica especializada<\/em><\/p>\n<p dir=\"ltr\">As atividades de atendimento ao p\u00fablico pela equipe do Rio Grande do Sul enviada ao Paran\u00e1 come\u00e7aram nesta quarta-feira (12\/11), em Rio Bonito do Igua\u00e7u, munic\u00edpio que teve cerca de 90% de sua estrutura destru\u00edda por um tornado. O trabalho \u00e9 coordenado pelo governo do Estado, por meio da Secretaria de Desenvolvimento Social (Sedes), que mobilizou uma equipe t\u00e9cnica com quatro servidores, a unidade m\u00f3vel do Cadastro \u00danico e equipamentos de conectividade para apoiar as a\u00e7\u00f5es locais de assist\u00eancia social.\u00a0<\/p>\n<p dir=\"ltr\">A miss\u00e3o tem como objetivo auxiliar as equipes municipais no acolhimento das fam\u00edlias atingidas e no funcionamento de abrigos tempor\u00e1rios. Com a unidade m\u00f3vel do Cadastro \u00danico, ser\u00e1 poss\u00edvel identificar e registrar as fam\u00edlias afetadas, etapa essencial para o acesso a benef\u00edcios e ao repasse de recursos dos programas estaduais e federais de assist\u00eancia social.<\/p>\n<p dir=\"ltr\"><strong>Solidariedade entre Estados<\/strong><\/p>\n<p dir=\"ltr\">Al\u00e9m disso, a Sedes encaminhou cinco antenas de internet via sat\u00e9lite e um t\u00e9cnico especializado em tecnologia para apoiar com servi\u00e7os ainda comprometidos na regi\u00e3o.<\/p>\n<p dir=\"ltr\"><em>\u201cMuitos equipamentos p\u00fablicos tamb\u00e9m foram danificados, dificultando o atendimento \u00e0 popula\u00e7\u00e3o. A unidade m\u00f3vel, a conectividade e a experi\u00eancia das nossas equipes podem fazer a diferen\u00e7a neste momento. N\u00f3s sabemos o que \u00e9 atravessar situa\u00e7\u00f5es t\u00e3o dif\u00edceis e agora \u00e9 hora de retribuir a ajuda que recebemos. O governador Eduardo Leite reiterou o compromisso do Estado em apoiar o Paran\u00e1 neste momento de reconstru\u00e7\u00e3o<\/em>\u201d, destacou o titular da Sedes, Beto Fantinel.<\/p>\n<p dir=\"ltr\">Em maio de 2024, durante as enchentes no Rio Grande do Sul, o Paran\u00e1 enviou assistentes sociais para apoiar o atendimento nos munic\u00edpios atingidos. Agora, o governo retribui o gesto de solidariedade, refor\u00e7ando a coopera\u00e7\u00e3o entre os dois Estados no enfrentamento de situa\u00e7\u00f5es de calamidade.<\/p>\n<hr \/>\n<h6 dir=\"ltr\"><strong>GOV RS | Texto: Ascom Sedes | Edi\u00e7\u00e3o: Secom | Foto: Dionatan Aristimunha\/Sedes<\/strong><\/h6>\n\n\n<center><iframe loading=\"lazy\" class=\"jmvplayer\" src=\"https:\/\/player.jmvstream.com\/lvw\/YYGWo5wfZuZ8fEW7Qoq1ISwhLSEDhU\" allowfullscreen allow=\"autoplay; fullscreen\" frameborder=\"0\" width=\"640\" height=\"360\" ><\/iframe><\/center>\n<\/div><\/div>","protected":false},"excerpt":{"rendered":"<p>A\u00e7\u00e3o inclui unidade m\u00f3vel do Cadastro \u00danico, antenas de internet e equipe t\u00e9cnica especializada As atividades de atendimento ao p\u00fablico pela equipe do Rio Grande do Sul enviada ao Paran\u00e1 come\u00e7aram nesta quarta-feira (12\/11), em Rio Bonito do Igua\u00e7u, munic\u00edpio que teve cerca de 90% de sua estrutura destru\u00edda por um tornado. O trabalho \u00e9 [&hellip;]<\/p>\n","protected":false},"author":4,"featured_media":80070,"comment_status":"open","ping_status":"open","sticky":false,"template":"","format":"standard","meta":{"footnotes":""},"categories":[1],"tags":[],"class_list":["post-80069","post","type-post","status-publish","format-standard","has-post-thumbnail","hentry","category-sem-categoria"],"_links":{"self":[{"href":"http:\/\/sol.fm.br\/radio\/wp-json\/wp\/v2\/posts\/80069","targetHints":{"allow":["GET"]}}],"collection":[{"href":"http:\/\/sol.fm.br\/radio\/wp-json\/wp\/v2\/posts"}],"about":[{"href":"http:\/\/sol.fm.br\/radio\/wp-json\/wp\/v2\/types\/post"}],"author":[{"embeddable":true,"href":"http:\/\/sol.fm.br\/radio\/wp-json\/wp\/v2\/users\/4"}],"replies":[{"embeddable":true,"href":"http:\/\/sol.fm.br\/radio\/wp-json\/wp\/v2\/comments?post=80069"}],"version-history":[{"count":1,"href":"http:\/\/sol.fm.br\/radio\/wp-json\/wp\/v2\/posts\/80069\/revisions"}],"predecessor-version":[{"id":80071,"href":"http:\/\/sol.fm.br\/radio\/wp-json\/wp\/v2\/posts\/80069\/revisions\/80071"}],"wp:featuredmedia":[{"embeddable":true,"href":"http:\/\/sol.fm.br\/radio\/wp-json\/wp\/v2\/media\/80070"}],"wp:attachment":[{"href":"http:\/\/sol.fm.br\/radio\/wp-json\/wp\/v2\/media?parent=80069"}],"wp:term":[{"taxonomy":"category","embeddable":true,"href":"http:\/\/sol.fm.br\/radio\/wp-json\/wp\/v2\/categories?post=80069"},{"taxonomy":"post_tag","embeddable":true,"href":"http:\/\/sol.fm.br\/radio\/wp-json\/wp\/v2\/tags?post=80069"}],"curies":[{"name":"wp","href":"https:\/\/api.w.org\/{rel}","templated":true}]}}