{"id":80072,"date":"2025-11-13T09:51:10","date_gmt":"2025-11-13T12:51:10","guid":{"rendered":"http:\/\/sol.fm.br\/radio\/?p=80072"},"modified":"2025-11-13T09:51:12","modified_gmt":"2025-11-13T12:51:12","slug":"curso-de-analise-e-recuperacao-de-credito","status":"publish","type":"post","link":"http:\/\/sol.fm.br\/radio\/curso-de-analise-e-recuperacao-de-credito\/","title":{"rendered":"Curso de an\u00e1lise e recupera\u00e7\u00e3o de cr\u00e9dito"},"content":{"rendered":"<div id=\"dslc-theme-content\"><div id=\"dslc-theme-content-inner\"><p>A Vice-Dire\u00e7\u00e3o de P\u00f3s-Gradua\u00e7\u00e3o e Pesquisa da Faccat promove, de 27 de novembro a 5 de dezembro, o curso \u201cAn\u00e1lise e Recupera\u00e7\u00e3o de Cr\u00e9dito para Empresas Cooperativas\u201d, voltado a gestores, analistas financeiros e demais profissionais que atuam em organiza\u00e7\u00f5es cooperativas. As inscri\u00e7\u00f5es podem ser feitas at\u00e9 21 de novembro, mediante preenchimento de formul\u00e1rio eletr\u00f4nico em <a href=\"http:\/\/www.faccat.br\/cursoseeventos\">www.faccat.br\/cursoseeventos<\/a>. <br \/><br \/>Com carga hor\u00e1ria de 15 horas, o curso ser\u00e1 realizado em quatro encontros presenciais, sempre das 19h30min \u00e0s 22h30min, no campus da Faccat, em Taquara (RS). O investimento \u00e9 de R$ 400,00 \u00e0 vista ou em 4 parcelas de R$ 100,00. <br \/><br \/>A proposta do curso \u00e9 aprofundar o conhecimento sobre gest\u00e3o e recupera\u00e7\u00e3o de cr\u00e9dito, reconhecendo esse processo como um fator estrat\u00e9gico para a sustentabilidade e o crescimento das cooperativas. A forma\u00e7\u00e3o ser\u00e1 ministrada pelo Professor Dr. Oswaldo Paleo, que trar\u00e1 ferramentas pr\u00e1ticas de identifica\u00e7\u00e3o de inadimpl\u00eancia, an\u00e1lise de cen\u00e1rios econ\u00f4micos e estrat\u00e9gias de negocia\u00e7\u00e3o.<br \/><br \/><strong>Entre os temas abordados est\u00e3o:<\/strong><br \/>Diferen\u00e7a entre atraso e inadimpl\u00eancia;<br \/>An\u00e1lise macroecon\u00f4mica geral e setorial;<br \/>Estratifica\u00e7\u00e3o e ranking de clientes inadimplentes;<br \/>Negocia\u00e7\u00e3o e cr\u00e9ditos inadimplidos;<br \/>Etapas de recupera\u00e7\u00e3o de cr\u00e9dito;<br \/>Indicadores e mecanismos de monitoramento.<\/p>\n<hr \/>\n<h6><strong>Faculdades Integradas de Taquara - Faccat | Assessoria de Imprensa - Faccat<\/strong><\/h6>\n\n\n<center><iframe loading=\"lazy\" class=\"jmvplayer\" src=\"https:\/\/player.jmvstream.com\/lvw\/YYGWo5wfZuZ8fEW7Qoq1ISwhLSEDhU\" allowfullscreen allow=\"autoplay; fullscreen\" frameborder=\"0\" width=\"640\" height=\"360\" ><\/iframe><\/center>\n<\/div><\/div>","protected":false},"excerpt":{"rendered":"<p>A Vice-Dire\u00e7\u00e3o de P\u00f3s-Gradua\u00e7\u00e3o e Pesquisa da Faccat promove, de 27 de novembro a 5 de dezembro, o curso \u201cAn\u00e1lise e Recupera\u00e7\u00e3o de Cr\u00e9dito para Empresas Cooperativas\u201d, voltado a gestores, analistas financeiros e demais profissionais que atuam em organiza\u00e7\u00f5es cooperativas. As inscri\u00e7\u00f5es podem ser feitas at\u00e9 21 de novembro, mediante preenchimento de formul\u00e1rio eletr\u00f4nico em [&hellip;]<\/p>\n","protected":false},"author":4,"featured_media":80074,"comment_status":"open","ping_status":"open","sticky":false,"template":"","format":"standard","meta":{"footnotes":""},"categories":[1],"tags":[],"class_list":["post-80072","post","type-post","status-publish","format-standard","has-post-thumbnail","hentry","category-sem-categoria"],"_links":{"self":[{"href":"http:\/\/sol.fm.br\/radio\/wp-json\/wp\/v2\/posts\/80072","targetHints":{"allow":["GET"]}}],"collection":[{"href":"http:\/\/sol.fm.br\/radio\/wp-json\/wp\/v2\/posts"}],"about":[{"href":"http:\/\/sol.fm.br\/radio\/wp-json\/wp\/v2\/types\/post"}],"author":[{"embeddable":true,"href":"http:\/\/sol.fm.br\/radio\/wp-json\/wp\/v2\/users\/4"}],"replies":[{"embeddable":true,"href":"http:\/\/sol.fm.br\/radio\/wp-json\/wp\/v2\/comments?post=80072"}],"version-history":[{"count":1,"href":"http:\/\/sol.fm.br\/radio\/wp-json\/wp\/v2\/posts\/80072\/revisions"}],"predecessor-version":[{"id":80075,"href":"http:\/\/sol.fm.br\/radio\/wp-json\/wp\/v2\/posts\/80072\/revisions\/80075"}],"wp:featuredmedia":[{"embeddable":true,"href":"http:\/\/sol.fm.br\/radio\/wp-json\/wp\/v2\/media\/80074"}],"wp:attachment":[{"href":"http:\/\/sol.fm.br\/radio\/wp-json\/wp\/v2\/media?parent=80072"}],"wp:term":[{"taxonomy":"category","embeddable":true,"href":"http:\/\/sol.fm.br\/radio\/wp-json\/wp\/v2\/categories?post=80072"},{"taxonomy":"post_tag","embeddable":true,"href":"http:\/\/sol.fm.br\/radio\/wp-json\/wp\/v2\/tags?post=80072"}],"curies":[{"name":"wp","href":"https:\/\/api.w.org\/{rel}","templated":true}]}}