{"id":80076,"date":"2025-11-13T09:56:27","date_gmt":"2025-11-13T12:56:27","guid":{"rendered":"http:\/\/sol.fm.br\/radio\/?p=80076"},"modified":"2025-11-13T09:56:29","modified_gmt":"2025-11-13T12:56:29","slug":"ibraoliva-inicia-tratativas-para-criacao-centro-de-pesquisa","status":"publish","type":"post","link":"http:\/\/sol.fm.br\/radio\/ibraoliva-inicia-tratativas-para-criacao-centro-de-pesquisa\/","title":{"rendered":"Ibraoliva inicia tratativas para cria\u00e7\u00e3o centro de pesquisa"},"content":{"rendered":"<div id=\"dslc-theme-content\"><div id=\"dslc-theme-content-inner\"><p style=\"text-align: center;\"><em>Objetivo \u00e9 dar suporte \u00e0 olivicultura nacional integrando universidades e secretarias de estado<\/em><\/p>\n<p>O Instituto Brasileiro de Olivicultura (Ibraoliva) deu, no come\u00e7o deste m\u00eas, o \u00faltimo passo para a cria\u00e7\u00e3o de um centro de refer\u00eancia em pesquisas focado na olivocultura. Um encontro na Universidade Federal de Ci\u00eancias da Sa\u00fade de Porto Alegre (UFCSPA) reuniu a dire\u00e7\u00e3o do instituto e a Pr\u00f3-Reitoria de Pesquisa, P\u00f3s-Gradua\u00e7\u00e3o e Inova\u00e7\u00e3o da Universidade.<\/p>\n<p>O projeto, que nasce como mais um esfor\u00e7o para suporte aos produtores brasileiros, tamb\u00e9m reunir\u00e1 as universidades federais de Santa Maria (UFSM), de Pelotas (UFPel) e produtores associados ao Ibraoliva, e as Secretarias Estaduais de Inova\u00e7\u00e3o e Agricultura do Rio Grande do Sul. Estiveram no encontro o presidente do Ibraoliva, Fl\u00e1vio Obino Filho, o diretor t\u00e9cnico Andr\u00e9 Goezler, a Pr\u00f3-Reitoria da UFCSPA, Aline Pagnussat, e os professores Helio Leaes Hey, Isabel Kasper, Juliano Garavaglia, Simone Morelo Dal Bosco e Poliana Gurak.<\/p>\n<p>Conforme Fl\u00e1vio Obino Filho, o maior desafio da olivicultura no Brasil \u00e9 ter uma produ\u00e7\u00e3o est\u00e1vel que garanta abastecimento aos consumidores e aos distribuidores. <em>\u201cA atual gest\u00e3o do Ibraoliva elegeu como principal bandeira o incentivo \u00e0 pesquisa no setor da olivicultura, para entendermos onde acertamos, onde erramos focados em uma produ\u00e7\u00e3o regular de olivas no Brasil\u201d<\/em>, explicou.<\/p>\n<p>O dirigente pontuou que o setor celebrou uma supersafra em 2023. J\u00e1 em 2024, em fun\u00e7\u00e3o das chuvas e da umidade, houve uma queda dr\u00e1stica na produ\u00e7\u00e3o, de 70% no Rio Grande do Sul, mas a produ\u00e7\u00e3o na Mantiqueira foi boa. A safra de 2025 apresentou queda de produ\u00e7\u00e3o nas duas regi\u00f5es, em raz\u00e3o da falta de chuvas na Mantiqueira e do excesso de umidade no Rio Grande do Sul.<\/p>\n<p>Obino Filho relata, tamb\u00e9m, que, atrav\u00e9s da Diretoria T\u00e9cnica do Ibraoliva, comandada por Andr\u00e9 Goezler, promoveu uma s\u00e9rie de reuni\u00f5es t\u00e9cnicas virtuais permitindo que os produtores tenham as maiores informa\u00e7\u00f5es sobre o cultivo, sobre a log\u00edstica e sobre a extra\u00e7\u00e3o. A entidade tamb\u00e9m esteve em Minas Gerais, em Maria da F\u00e9, onde visitou a Empresa de Pesquisa Agropecu\u00e1ria de Minas Gerais (Epamig) e conheceu os trabalhos de pesquisas que est\u00e3o sendo feitos na regi\u00e3o. Em S\u00e3o Paulo, o instituto participou de um semin\u00e1rio t\u00e9cnico promovido pela Diretoria de Pesquisa dos Agroneg\u00f3cios (APTA), para conhecer os trabalhos na regi\u00e3o Sudeste.<\/p>\n<hr \/>\n<h6><strong>AgroEffective | Assessoria de Comunica\u00e7\u00e3o do Instituto Brasileiro de Olivicultura (Ibraoliva) | <span style=\"font-size: revert; color: initial;\">Foto: Divulga\u00e7\u00e3o |\u00a0<\/span>Texto: Ieda Risco\/AgroEffective<\/strong><\/h6>\n\n\n<center><iframe loading=\"lazy\" class=\"jmvplayer\" src=\"https:\/\/player.jmvstream.com\/lvw\/YYGWo5wfZuZ8fEW7Qoq1ISwhLSEDhU\" allowfullscreen allow=\"autoplay; fullscreen\" frameborder=\"0\" width=\"640\" height=\"360\" ><\/iframe><\/center>\n<\/div><\/div>","protected":false},"excerpt":{"rendered":"<p>Objetivo \u00e9 dar suporte \u00e0 olivicultura nacional integrando universidades e secretarias de estado O Instituto Brasileiro de Olivicultura (Ibraoliva) deu, no come\u00e7o deste m\u00eas, o \u00faltimo passo para a cria\u00e7\u00e3o de um centro de refer\u00eancia em pesquisas focado na olivocultura. Um encontro na Universidade Federal de Ci\u00eancias da Sa\u00fade de Porto Alegre (UFCSPA) reuniu a [&hellip;]<\/p>\n","protected":false},"author":4,"featured_media":80077,"comment_status":"open","ping_status":"open","sticky":false,"template":"","format":"standard","meta":{"footnotes":""},"categories":[1],"tags":[],"class_list":["post-80076","post","type-post","status-publish","format-standard","has-post-thumbnail","hentry","category-sem-categoria"],"_links":{"self":[{"href":"http:\/\/sol.fm.br\/radio\/wp-json\/wp\/v2\/posts\/80076","targetHints":{"allow":["GET"]}}],"collection":[{"href":"http:\/\/sol.fm.br\/radio\/wp-json\/wp\/v2\/posts"}],"about":[{"href":"http:\/\/sol.fm.br\/radio\/wp-json\/wp\/v2\/types\/post"}],"author":[{"embeddable":true,"href":"http:\/\/sol.fm.br\/radio\/wp-json\/wp\/v2\/users\/4"}],"replies":[{"embeddable":true,"href":"http:\/\/sol.fm.br\/radio\/wp-json\/wp\/v2\/comments?post=80076"}],"version-history":[{"count":1,"href":"http:\/\/sol.fm.br\/radio\/wp-json\/wp\/v2\/posts\/80076\/revisions"}],"predecessor-version":[{"id":80078,"href":"http:\/\/sol.fm.br\/radio\/wp-json\/wp\/v2\/posts\/80076\/revisions\/80078"}],"wp:featuredmedia":[{"embeddable":true,"href":"http:\/\/sol.fm.br\/radio\/wp-json\/wp\/v2\/media\/80077"}],"wp:attachment":[{"href":"http:\/\/sol.fm.br\/radio\/wp-json\/wp\/v2\/media?parent=80076"}],"wp:term":[{"taxonomy":"category","embeddable":true,"href":"http:\/\/sol.fm.br\/radio\/wp-json\/wp\/v2\/categories?post=80076"},{"taxonomy":"post_tag","embeddable":true,"href":"http:\/\/sol.fm.br\/radio\/wp-json\/wp\/v2\/tags?post=80076"}],"curies":[{"name":"wp","href":"https:\/\/api.w.org\/{rel}","templated":true}]}}