{"id":80083,"date":"2025-11-13T10:18:27","date_gmt":"2025-11-13T13:18:27","guid":{"rendered":"http:\/\/sol.fm.br\/radio\/?p=80083"},"modified":"2025-11-13T10:18:29","modified_gmt":"2025-11-13T13:18:29","slug":"faccat-encerra-a-2a-flitaq-com-show-de-chico-cesar-e-auditorio-lotado","status":"publish","type":"post","link":"http:\/\/sol.fm.br\/radio\/faccat-encerra-a-2a-flitaq-com-show-de-chico-cesar-e-auditorio-lotado\/","title":{"rendered":"Faccat encerra a 2\u00aa Flitaq com show de Chico C\u00e9sar e audit\u00f3rio lotado"},"content":{"rendered":"<div id=\"dslc-theme-content\"><div id=\"dslc-theme-content-inner\"><p>A Faccat foi palco de uma noite que ficar\u00e1 para a hist\u00f3ria e na lembran\u00e7a da comunidade. O encerramento da 2\u00aa Festa Liter\u00e1ria Internacional de Taquara (Flitaq) Sesc, que ocorreu em 11 de novembro, lotou o Centro de Eventos da Institui\u00e7\u00e3o, quando recebeu mais de 900 pessoas, que assistiram ao espet\u00e1culo vibrante do artista Chico C\u00e9sar. O cantor subiu ao palco celebrando os 30 anos do ic\u00f4nico \u00e1lbum \u201cAos Vivos\u201d em uma apresenta\u00e7\u00e3o intimista e emocionante. A Flitaq foi uma realiza\u00e7\u00e3o do Sesc Taquara, em parceria com a Prefeitura de Taquara e apoio cultural das Faculdades Integradas de Taquara (Faccat).<\/p>\n<p><img loading=\"lazy\" decoding=\"async\" class=\"alignnone size-medium wp-image-80085 aligncenter\" src=\"http:\/\/sol.fm.br\/radio\/wp-content\/uploads\/2025\/11\/51-400x267.jpg\" alt=\"\" width=\"400\" height=\"267\" srcset=\"http:\/\/sol.fm.br\/radio\/wp-content\/uploads\/2025\/11\/51-400x267.jpg 400w, http:\/\/sol.fm.br\/radio\/wp-content\/uploads\/2025\/11\/51-768x512.jpg 768w, http:\/\/sol.fm.br\/radio\/wp-content\/uploads\/2025\/11\/51-600x400.jpg 600w, http:\/\/sol.fm.br\/radio\/wp-content\/uploads\/2025\/11\/51-1536x1024.jpg 1536w, http:\/\/sol.fm.br\/radio\/wp-content\/uploads\/2025\/11\/51-2048x1365.jpg 2048w\" sizes=\"auto, (max-width: 400px) 100vw, 400px\" \/><\/p>\n<p>O p\u00fablico fez parte do show: cantou, dan\u00e7ou e se emocionou com sucessos que atravessam gera\u00e7\u00f5es, como Mama \u00c1frica, \u00c0 Primeira Vista e Pensar em Voc\u00ea. Com seu carisma contagiante e sua for\u00e7a po\u00e9tica, Chico transformou o encerramento da Flitaq em uma grande celebra\u00e7\u00e3o da cultura brasileira. Com mais de uma hora e meia de apresenta\u00e7\u00e3o, Chico C\u00e9sar mostrou porque \u00e9 um dos nomes mais marcantes da m\u00fasica popular brasileira. Aos 61 anos, o artista subiu ao palco com energia e emo\u00e7\u00e3o, levando o p\u00fablico a uma viagem musical por sua trajet\u00f3ria.<\/p>\n<p><strong>Democratiza\u00e7\u00e3o ao acesso \u00e0 literatura e \u00e0 cultura<\/strong><\/p>\n<p>A diretora do Sesc Taquara, Fabiane Luiz Oliveira, destacou o orgulho de ver o Centro de Eventos cheio e constatou o sucesso da Flitaq 2025. <em>\u201cO nosso cora\u00e7\u00e3o se enche de alegria e de orgulho e a gente sabe que esse orgulho \u00e9 compartilhado com muitos que est\u00e3o aqui. Muitos vieram nos falar o quanto estavam se sentindo emocionados por recebermos tantos nomes importantes, tantos nomes muito competentes na literatura. Nesses \u00faltimos sete dias, a cidade foi tomada por uma s\u00e9rie de a\u00e7\u00f5es de literatura, de artes c\u00eanicas, de m\u00fasica<\/em>\u201d, ressaltou Fabiane, enfatizando ainda que a comiss\u00e3o organizadora do evento sempre busca democratizar ao m\u00e1ximo o acesso \u00e0 literatura e \u00e0 cultura.<\/p>\n<p><strong>Realiza\u00e7\u00e3o de sonhos<\/strong><\/p>\n<p>O Diretor-geral da Faccat, Delmar Backes, comentou sobre os 25 do campus da Faccat e que durante estes anos, muitos sonhos foram realizados. \u201c<em>Milhares de jovens passaram por esse palco para receberem cola\u00e7\u00e3o de grau. Pessoas que jamais imaginavam que poderiam fazer um curso superior. E da maioria de fam\u00edlia que n\u00e3o tem ningu\u00e9m formado num curso superior. E, nessa noite, tamb\u00e9m, \u00e9 um momento de sonhos, de realiza\u00e7\u00e3o de sonhos. Ent\u00e3o, a vida \u00e9 feita em um mundo real, mas em um mundo de sonhos, que se realiza a partir do esfor\u00e7o de cada um\u201d.<\/em><\/p>\n<p><strong>Refer\u00eancia e educa\u00e7\u00e3o e cultura<\/strong><\/p>\n<p>J\u00e1 a prefeita de Taquara, Sirlei Silveira, fez um agradecimento a todos que organizaram e aos que prestigiaram os diversos espa\u00e7os e momentos da Flitaq. \u201c<em>Parab\u00e9ns a todos que, de uma ou outra forma, prestigiam o que \u00e9 realizado na \u00e1rea da cultura em Taquara. A cidade \u00e9 um centro de refer\u00eancia na educa\u00e7\u00e3o e na cultura tamb\u00e9m<\/em>\u201d, finalizou.<\/p>\n<hr \/>\n<h6><strong>Faculdades Integradas de Taquara - Faccat | Assessoria de Imprensa - Faccat |\u00a0Texto e fotos: Claucia F da Silva\/Faccat<\/strong><\/h6>\n\n\n<center><iframe loading=\"lazy\" class=\"jmvplayer\" src=\"https:\/\/player.jmvstream.com\/lvw\/YYGWo5wfZuZ8fEW7Qoq1ISwhLSEDhU\" allowfullscreen allow=\"autoplay; fullscreen\" frameborder=\"0\" width=\"640\" height=\"360\" ><\/iframe><\/center>\n<\/div><\/div>","protected":false},"excerpt":{"rendered":"<p>A Faccat foi palco de uma noite que ficar\u00e1 para a hist\u00f3ria e na lembran\u00e7a da comunidade. O encerramento da 2\u00aa Festa Liter\u00e1ria Internacional de Taquara (Flitaq) Sesc, que ocorreu em 11 de novembro, lotou o Centro de Eventos da Institui\u00e7\u00e3o, quando recebeu mais de 900 pessoas, que assistiram ao espet\u00e1culo vibrante do artista Chico [&hellip;]<\/p>\n","protected":false},"author":4,"featured_media":80084,"comment_status":"open","ping_status":"open","sticky":false,"template":"","format":"standard","meta":{"footnotes":""},"categories":[1],"tags":[],"class_list":["post-80083","post","type-post","status-publish","format-standard","has-post-thumbnail","hentry","category-sem-categoria"],"_links":{"self":[{"href":"http:\/\/sol.fm.br\/radio\/wp-json\/wp\/v2\/posts\/80083","targetHints":{"allow":["GET"]}}],"collection":[{"href":"http:\/\/sol.fm.br\/radio\/wp-json\/wp\/v2\/posts"}],"about":[{"href":"http:\/\/sol.fm.br\/radio\/wp-json\/wp\/v2\/types\/post"}],"author":[{"embeddable":true,"href":"http:\/\/sol.fm.br\/radio\/wp-json\/wp\/v2\/users\/4"}],"replies":[{"embeddable":true,"href":"http:\/\/sol.fm.br\/radio\/wp-json\/wp\/v2\/comments?post=80083"}],"version-history":[{"count":1,"href":"http:\/\/sol.fm.br\/radio\/wp-json\/wp\/v2\/posts\/80083\/revisions"}],"predecessor-version":[{"id":80086,"href":"http:\/\/sol.fm.br\/radio\/wp-json\/wp\/v2\/posts\/80083\/revisions\/80086"}],"wp:featuredmedia":[{"embeddable":true,"href":"http:\/\/sol.fm.br\/radio\/wp-json\/wp\/v2\/media\/80084"}],"wp:attachment":[{"href":"http:\/\/sol.fm.br\/radio\/wp-json\/wp\/v2\/media?parent=80083"}],"wp:term":[{"taxonomy":"category","embeddable":true,"href":"http:\/\/sol.fm.br\/radio\/wp-json\/wp\/v2\/categories?post=80083"},{"taxonomy":"post_tag","embeddable":true,"href":"http:\/\/sol.fm.br\/radio\/wp-json\/wp\/v2\/tags?post=80083"}],"curies":[{"name":"wp","href":"https:\/\/api.w.org\/{rel}","templated":true}]}}