{"id":80090,"date":"2025-11-13T10:53:42","date_gmt":"2025-11-13T13:53:42","guid":{"rendered":"http:\/\/sol.fm.br\/radio\/?p=80090"},"modified":"2025-11-13T10:53:47","modified_gmt":"2025-11-13T13:53:47","slug":"diagnostico-por-algoritmo-o-sus-esta-pronto-para-a-inteligencia-artificial","status":"publish","type":"post","link":"http:\/\/sol.fm.br\/radio\/diagnostico-por-algoritmo-o-sus-esta-pronto-para-a-inteligencia-artificial\/","title":{"rendered":"Diagn\u00f3stico por algoritmo: o SUS est\u00e1 pronto para a intelig\u00eancia artificial?"},"content":{"rendered":"<div id=\"dslc-theme-content\"><div id=\"dslc-theme-content-inner\"><p style=\"text-align: center;\"><i data-olk-copy-source=\"MessageBody\">A IA avan\u00e7a nos bastidores da sa\u00fade p\u00fablica, acelerando diagn\u00f3sticos e triagens, enquanto especialistas debatem seus limites e riscos<\/i><\/p>\n<div>\n<p>A intelig\u00eancia artificial (IA) est\u00e1 deixando de ser uma promessa futurista e se tornando uma realidade concreta nos corredores da sa\u00fade p\u00fablica brasileira.\u00a0Em hospitais e postos de sa\u00fade do SUS (Sistema \u00danico de Sa\u00fade), algoritmos j\u00e1 analisam exames, priorizam casos urgentes e at\u00e9 sugerem condutas cl\u00ednicas.\u00a0Segundo apresenta\u00e7\u00e3o do Minist\u00e9rio da Sa\u00fade em audi\u00eancia p\u00fablica na C\u00e2mara dos Deputados, realizada este ano, a tecnologia est\u00e1 sendo aplicada em tr\u00eas frentes diretamente ligadas \u00e0 sa\u00fade p\u00fablica: diagn\u00f3stico cl\u00ednico, vigil\u00e2ncia sanit\u00e1ria e gest\u00e3o de servi\u00e7os. Isso inclui desde o uso de algoritmos para analisar exames e apoiar decis\u00f5es m\u00e9dicas, at\u00e9 ferramentas que fiscalizam ambientes hospitalares e otimizam o funcionamento das unidades de sa\u00fade. O sistema come\u00e7a a experimentar uma revolu\u00e7\u00e3o silenciosa \u2014 uma transforma\u00e7\u00e3o que promete mais agilidade, precis\u00e3o e efici\u00eancia no cuidado com o paciente. Mas diante de tamanha mudan\u00e7a, surge uma pergunta inevit\u00e1vel:\u00a0o SUS est\u00e1 realmente pronto para confiar seus diagn\u00f3sticos a m\u00e1quinas?<\/p>\n<p>A resposta n\u00e3o \u00e9 simples, e depende de como o pa\u00eds lida com os riscos, os limites e as oportunidades dessa revolu\u00e7\u00e3o silenciosa.<\/p>\n<p><strong>Os desafios do vi\u00e9s algor\u00edtmico e da prote\u00e7\u00e3o de dados<\/strong><\/p>\n<p>Entre os muitos desafios que acompanham a ado\u00e7\u00e3o da intelig\u00eancia artificial no SUS, o vi\u00e9s algor\u00edtmico desponta como uma preocupa\u00e7\u00e3o central. Em sistemas treinados com dados homog\u00eaneos, o risco de erro aumenta quando aplicados a uma ampla gama de perfis demogr\u00e1ficos<strong>.\u00a0<\/strong><em>\u201cO vi\u00e9s algor\u00edtmico \u00e9 um dos maiores desafios em um pa\u00eds como o Brasil, onde o SUS atende uma popula\u00e7\u00e3o extremamente diversa em termos de idade, etnia, condi\u00e7\u00f5es de sa\u00fade e at\u00e9 h\u00e1bitos culturais.\u201d,<\/em>\u00a0alerta Leonardo Trist\u00e3o, CEO da Performa_IT \u2014 empresa especializada em transforma\u00e7\u00e3o digital e refer\u00eancia em solu\u00e7\u00f5es de Intelig\u00eancia Artificial.<\/p>\n<p>A preocupa\u00e7\u00e3o n\u00e3o \u00e9 apenas t\u00e9cnica, mas \u00e9tica. Um algoritmo treinado com dados de uma regi\u00e3o urbana pode falhar ao analisar um paciente de uma comunidade rural.\u00a0<em>\u201cA inser\u00e7\u00e3o e avalia\u00e7\u00e3o dos dados nem sempre colaboram com a realidade daquela regi\u00e3o, daquela popula\u00e7\u00e3o\u201d<\/em>, explica Dr. Marcelo Carvalho, pediatra, neonatologista e um entusiasta de tecnologia, que est\u00e1 na linha de frente da inova\u00e7\u00e3o em hospitais. \u201c<em>Um algoritmo treinado em um contexto pode falhar em outro. Por isso, ele nunca pode substituir o olhar cl\u00ednico.\u201d<\/em><\/p>\n<p>A IA, nesse cen\u00e1rio, deve ser vista como ferramenta de apoio, e n\u00e3o como substituta do julgamento m\u00e9dico.\u00a0<em>\u201cO m\u00e9dico sempre ser\u00e1 o protagonista da decis\u00e3o. A intelig\u00eancia artificial \u00e9 uma ferramenta, n\u00e3o um fim\u201d<\/em>, refor\u00e7a Dr. Marcelo.<\/p>\n<p>Outro pilar essencial para a ado\u00e7\u00e3o da IA na sa\u00fade p\u00fablica \u00e9 a seguran\u00e7a da informa\u00e7\u00e3o. Os dados cl\u00ednicos n\u00e3o s\u00e3o apenas n\u00fameros, s\u00e3o registros \u00edntimos da vida dos pacientes. \u201c<em>Esses dados revelam informa\u00e7\u00f5es sens\u00edveis sobre a sa\u00fade das pessoas. Por isso, precisam ser protegidos com rigor.<\/em><em>\u00a0Se n\u00e3o forem tratados adequadamente, os riscos s\u00e3o enormes.\u00a0O mais imediato \u00e9 o vazamento de informa\u00e7\u00f5es pessoais, que pode expor diagn\u00f3sticos, tratamentos ou condi\u00e7\u00f5es de sa\u00fade que deveriam permanecer em sigilo. Mas existe tamb\u00e9m o risco de uso indevido, como a venda de dados para fins comerciais, ou at\u00e9 discrimina\u00e7\u00e3o, caso seguradoras ou empregadores tenham acesso a informa\u00e7\u00f5es m\u00e9dicas de forma indevida\u201d,\u00a0<\/em>afirma Leonardo Trist\u00e3o.<\/p>\n<p>A tecnologia tem v\u00e1rias formas de proteger a privacidade dos pacientes. Uma das principais \u00e9 a\u00a0anonimiza\u00e7\u00e3o: os dados passam por um processo que retira informa\u00e7\u00f5es que poderiam identificar a pessoa, mantendo apenas aquilo que \u00e9 \u00fatil para an\u00e1lise. Outro recurso \u00e9 a\u00a0criptografia, que transforma as informa\u00e7\u00f5es em c\u00f3digos indecifr\u00e1veis sem a chave de acesso correta. Al\u00e9m disso, existem t\u00e9cnicas mais avan\u00e7adas, como o\u00a0acesso segmentado, que garante que cada profissional s\u00f3 veja os dados realmente necess\u00e1rios para o seu trabalho, e o\u00a0registro de auditoria, que rastreia quem acessou quais informa\u00e7\u00f5es e quando.<\/p>\n<p>Leonardo explica que a tecnologia, por si s\u00f3, n\u00e3o resolve tudo. \u00c9 preciso tamb\u00e9m combinar esses recursos com\u00a0pol\u00edticas claras de governan\u00e7a de dados\u00a0e capacita\u00e7\u00e3o das equipes, porque o elo humano muitas vezes \u00e9 o mais vulner\u00e1vel:\u00a0<em>\u201cMesmo o sistema mais seguro pode ser comprometido se algu\u00e9m anotar a senha em um papel colado no computador. A tecnologia oferece as ferramentas, mas a cultura de seguran\u00e7a \u00e9 o que garante a privacidade.\u201d<\/em><\/p>\n<p>Sem confian\u00e7a na prote\u00e7\u00e3o dos dados, a ades\u00e3o da popula\u00e7\u00e3o e dos profissionais de sa\u00fade \u00e0 IA pode ser comprometida, e isso amea\u00e7a o avan\u00e7o da pr\u00f3pria tecnologia.<\/p>\n<p><strong>A revolu\u00e7\u00e3o silenciosa da IA na medicina<\/strong><\/p>\n<p>Segundo Leonardo Trist\u00e3o, CEO da Performa_IT, essa transforma\u00e7\u00e3o representa uma mudan\u00e7a estrutural decisiva.<\/p>\n<p><em>\u00a0\u201cA intelig\u00eancia artificial j\u00e1 \u00e9 uma realidade nos diagn\u00f3sticos e isso representa um divisor de \u00e1guas.\u00a0O que antes dependia de horas de an\u00e1lise humana pode agora ser acelerado por algoritmos que comparam milhares de exames em segundos e apontam padr\u00f5es que muitas vezes escapam ao olhar humano.\u201d<\/em><\/p>\n<p>Essa acelera\u00e7\u00e3o, no entanto, n\u00e3o significa substitui\u00e7\u00e3o. Trist\u00e3o complementa:\u00a0<em>\u201cClaro, a decis\u00e3o final sempre ser\u00e1 do m\u00e9dico \u2013 e ainda bem, porque empatia e julgamento cl\u00ednico n\u00e3o se automatizam. Mas enxergamos a IA como um copiloto que amplia a capacidade dos profissionais de sa\u00fade, aumenta a precis\u00e3o dos diagn\u00f3sticos e abre espa\u00e7o para um atendimento mais r\u00e1pido e humano.\u201d<\/em><\/p>\n<p>A IA pode ser decisiva para tornar o sistema mais eficiente<em>. \u201cEla ataca tr\u00eas gargalos ao mesmo tempo: acesso, qualidade e efici\u00eancia\u201d,<\/em>\u00a0afirma Trist\u00e3o.<\/p>\n<p>Exemplos pr\u00e1ticos incluem:<\/p>\n<ul>\n<li><strong>Triagens mais r\u00e1pidas<\/strong>: algoritmos priorizam casos cr\u00edticos e distribuem pacientes entre unidades com capacidade dispon\u00edvel.<\/li>\n<li><strong>Diagn\u00f3sticos mais assertivos<\/strong>: sistemas apontam padr\u00f5es em exames repetitivos e liberam o m\u00e9dico para os casos complexos.<\/li>\n<li><strong>Gest\u00e3o inteligente de recursos<\/strong>: predi\u00e7\u00e3o de demanda de leitos, escala de equipes e abastecimento de insumos, reduzindo desperd\u00edcio.<\/li>\n<li><strong>Monitoramento remoto de pacientes cr\u00f4nicos:<\/strong>\u00a0cuidado cont\u00ednuo para evitar interna\u00e7\u00f5es desnecess\u00e1rias.<\/li>\n<\/ul>\n<p><em>\u201cCom regras simples e firmes, a IA deixa de ser promessa e vira infraestrutura de sa\u00fade. Em sa\u00fade, inovar \u00e9 ganhar tempo, e tempo salva vidas\u201d,\u00a0<\/em><em>destaca Leonardo.<\/em><\/p>\n<p>A triagem automatizada e a an\u00e1lise de exames por IA s\u00e3o vistas como duas das aplica\u00e7\u00f5es mais transformadoras da tecnologia na sa\u00fade. \u00a0Na pr\u00e1tica, isso significa priorizar casos cr\u00edticos, identificar padr\u00f5es em exames de imagem e organizar grandes volumes de dados cl\u00ednicos.\u00a0<em>\u201cOutro avan\u00e7o concreto est\u00e1 na constru\u00e7\u00e3o de copilotos m\u00e9dicos: sistemas que cruzam resultados com hist\u00f3rico cl\u00ednico, medicamentos em uso e at\u00e9 fatores demogr\u00e1ficos, oferecendo um quadro mais completo para a tomada de decis\u00e3o.\u201d<\/em><\/p>\n<p>Dr. Marcelo refor\u00e7a:\u00a0<em>\u201cO m\u00e9dico sempre vai ser o protagonista da decis\u00e3o. At\u00e9 porque, caso ocorra alguma situa\u00e7\u00e3o ruim, n\u00e3o h\u00e1 possibilidade jur\u00eddica de se colocar a responsabilidade na intelig\u00eancia artificial. A IA \u00e9 ferramenta, n\u00e3o \u00e9 substitui\u00e7\u00e3o.\u201d<\/em><\/p>\n<p><strong>IA e humaniza\u00e7\u00e3o do atendimento<\/strong><\/p>\n<p>Um dos argumentos mais sens\u00edveis no debate sobre IA na sa\u00fade \u00e9 o impacto na rela\u00e7\u00e3o m\u00e9dico-paciente.\u00a0Para Dr. Marcelo, tudo depende de como a tecnologia ser\u00e1 usada<em>.\u00a0\u201cA intelig\u00eancia artificial pode tanto humanizar quanto desumanizar. O que muda, na verdade, \u00e9 como n\u00f3s vamos utiliz\u00e1-la de modo que humanize o atendimento.\u201d<\/em><\/p>\n<p>Ele explica que, ao assumir tarefas burocr\u00e1ticas \u2014 como a descri\u00e7\u00e3o de consultas ou preenchimento de prontu\u00e1rios \u2014 a IA pode liberar tempo para que m\u00e9dicos e profissionais de sa\u00fade se dediquem mais ao paciente.\u00a0<em>\u201cSe o burocr\u00e1tico fica para a intelig\u00eancia artificial, o m\u00e9dico tem mais tempo de atender o paciente. Isso conseguiria fazer com que se humanize o atendimento em sa\u00fade.\u201d<\/em><\/p>\n<p>Por outro lado, ele alerta<em>:\u00a0\u201cSe voc\u00ea utilizar a intelig\u00eancia artificial para atender o paciente diretamente, ent\u00e3o voc\u00ea desumaniza o atendimento. A pergunta n\u00e3o \u00e9 se a IA humaniza ou n\u00e3o, \u00e9 como vamos us\u00e1-la para que as consultas fiquem mais humanizadas.\u201d<\/em><\/p>\n<p>Apesar dos avan\u00e7os, a ado\u00e7\u00e3o da IA na sa\u00fade ainda enfrenta barreiras culturais.\u00a0<em>\u201cH\u00e1 uma tend\u00eancia muito forte, principalmente na \u00e1rea m\u00e9dica, do conservadorismo\u201d, observa Dr. Marcelo. \u201cMuitos profissionais resistem por acreditar que a tecnologia pode colocar em risco a popula\u00e7\u00e3o ou amea\u00e7ar seus empregos. Mas, apesar de lenta, a ado\u00e7\u00e3o \u00e9 real. Assim como tom\u00f3grafos e resson\u00e2ncias se tornaram comuns, a IA tamb\u00e9m vai ocupar seu espa\u00e7o, de forma t\u00edmida, lenta e gradual, na minha vis\u00e3o.\u201d<\/em><\/p>\n<p><strong>E o SUS, est\u00e1 pronto para a IA?<\/strong><\/p>\n<p>Para o Brasil consolidar uma pol\u00edtica p\u00fablica de IA na sa\u00fade, segundo o CEO da Performa_IT, Leonardo Trist\u00e3o, faltam alguns elementos b\u00e1sicos, mas decisivos:<\/p>\n<p>\"<em>O primeiro \u00e9\u00a0infraestrutura digital: muitos hospitais e unidades de sa\u00fade ainda operam com sistemas pouco integrados, o que dificulta a coleta e o uso de dados em escala. O segundo \u00e9 a\u00a0padroniza\u00e7\u00e3o de dados de sa\u00fade, porque cada estado ou munic\u00edpio registra de um jeito, e sem essa base comum \u00e9 quase imposs\u00edvel treinar modelos confi\u00e1veis. Outro ponto \u00e9 a\u00a0forma\u00e7\u00e3o e capacita\u00e7\u00e3o de profissionais, tanto na \u00e1rea m\u00e9dica quanto na \u00e1rea t\u00e9cnica, para que saibam usar e avaliar as ferramentas de IA de forma cr\u00edtica.\u201d<\/em><\/p>\n<p>Trist\u00e3o defende a necessidade de uma\u00a0regula\u00e7\u00e3o clara,\u00a0que defina responsabilidades, crit\u00e9rios de seguran\u00e7a e diretrizes \u00e9ticas:<\/p>\n<p><em>\u201cSem isso, a tecnologia corre o risco de avan\u00e7ar mais r\u00e1pido que a confian\u00e7a da popula\u00e7\u00e3o. Um exemplo simples: se cada munic\u00edpio adotar um sistema de IA para triagem sem padr\u00f5es comuns, corremos o risco de criar ilhas de excel\u00eancia cercadas por \u00e1reas que ficam para tr\u00e1s. Uma pol\u00edtica p\u00fablica s\u00f3lida precisa pensar em escala Nacional, garantindo acesso, seguran\u00e7a e equidade.\u201d<\/em><\/p>\n<p>Dr. Marcelo Silva complementa:<\/p>\n<p><em>\u201cO SUS \u00e9 um sistema de sa\u00fade \u00fanico, universal e robusto, no pa\u00eds e no mundo. Com todas as suas dificuldades, ele funciona. E o SUS est\u00e1 apto para se adequar a essas novas tecnologias, como j\u00e1 fez com outras no passado.\u201d<\/em><\/p>\n<p>Mas Dr. Marcelo alerta:\u00a0<em>\u201cTudo deve ser feito com muito cuidado. \u00c9 preciso entender a \u00e9tica por tr\u00e1s da ado\u00e7\u00e3o de novas tecnologias e avaliar o real ganho para a popula\u00e7\u00e3o. O risco e o benef\u00edcio devem ser considerados para evitar problemas de sa\u00fade p\u00fablica, morbidade e mortalidade.\u201d<\/em><\/p>\n<p>\u00c0 medida que a intelig\u00eancia artificial se infiltra nas rotinas cl\u00ednicas, o debate deixa de ser apenas t\u00e9cnico e passa a ser tamb\u00e9m pol\u00edtico, \u00e9tico e social. N\u00e3o se trata de substituir profissionais por m\u00e1quinas, mas de redefinir pap\u00e9is, responsabilidades e limites.<\/p>\n<p>Como garantir que a tecnologia amplie o acesso, sem aprofundar desigualdades? Como assegurar que decis\u00f5es cr\u00edticas continuem ancoradas no cuidado humano?<\/p>\n<p>O CEO da Performa_IT responde:\u00a0<em>\u201cA decis\u00e3o ser\u00e1 sempre da parceria entre os dois \u2014 os algoritmos trazem velocidade e escala, mas \u00e9 o ser humano que d\u00e1 sentido \u00e0s informa\u00e7\u00f5es e traz a empatia que nenhuma m\u00e1quina entrega<\/em>.\u00a0<em>A IA tem que ser vista como uma aliada, nunca como um \u2018or\u00e1culo infal\u00edvel\u2019. A velocidade \u00e9 importante, mas, em sa\u00fade, responsabilidade vem sempre em primeiro lugar.\u201d<\/em><\/p>\n<p><em>\u201cNa Performa_IT, acreditamos que o futuro da medicina ser\u00e1 copilotado: de um lado, algoritmos preparados para a realidade brasileira; do outro, pessoas guiando as escolhas com \u00e9tica e humanidade.\u00a0N\u00e3o se trata de escolher entre homem ou m\u00e1quina, mas de unir for\u00e7as para construir um sistema de sa\u00fade mais justo, acess\u00edvel e eficiente. No fim, a verdadeira revolu\u00e7\u00e3o n\u00e3o ser\u00e1 tecnol\u00f3gica, ser\u00e1 humana, apoiada pela tecnologia\u201d,\u00a0finaliza Leonardo Trist\u00e3o.<\/em><\/p>\n<p>No fim, o que est\u00e1 em jogo n\u00e3o \u00e9 apenas a moderniza\u00e7\u00e3o do SUS, mas a preserva\u00e7\u00e3o de seus princ\u00edpios fundamentais em um novo cen\u00e1rio. A tecnologia avan\u00e7a, mas cabe \u00e0 sociedade e \u00e0s autoridades competentes decidir como, para quem e com quais garantias ela ser\u00e1 aplicada.<\/p>\n<p><strong><u>Sobre a Performa_IT<\/u><\/strong><\/p>\n<p>Especialistas em\u00a0Transforma\u00e7\u00e3o Digital,\u00a0a Performa_IT trabalha como parceira dos clientes, atuando desde a identifica\u00e7\u00e3o do problema, compreendendo quais reais necessidades, at\u00e9 a sustenta\u00e7\u00e3o da solu\u00e7\u00e3o desenvolvida.\u00a0Atua com o desenvolvimento das melhores\u00a0solu\u00e7\u00f5es em estrat\u00e9gia digital,\u00a0engenharia de software,\u00a0otimiza\u00e7\u00e3o de processos\u00a0e\u00a0experi\u00eancia do cliente, priorizando entregas com\u00a0resultados de curto\u00a0prazo\u00a0e\u00a0diferencial competitivo, apoiando os clientes a atingir uma meta, resolver um problema ou satisfazer uma necessidade.\u00a0A cultura favorece e promove a colabora\u00e7\u00e3o, a agilidade e a criatividade. A Performa_IT vivencia e valoriza a entrega de resultados e n\u00e3o o controle e vigil\u00e2ncia excessiva, atrav\u00e9s da nossa cultura de confian\u00e7a, propicia autonomia a todos os profissionais.<\/p>\n<p><em>CEO da Performa_IT, Leonardo Trist\u00e3o \u00e9 uma das principais vozes da transforma\u00e7\u00e3o digital no Brasil. \u00c0 frente de uma equipe de aproximadamente 200 profissionais, Trist\u00e3o liderou a execu\u00e7\u00e3o de mais de 700 projetos que aplicam Intelig\u00eancia Artificial para impulsionar a hiperprodutividade em grandes empresas e multinacionais dos setores financeiro, sa\u00fade, alimentos, farmac\u00eautico e tecnologia. Al\u00e9m de ser host do podcast Performa Q. Pod \u2014 sobre tecnologia e transmitido pela CBN \u2014 tamb\u00e9m atua como investidor anjo, conectando inova\u00e7\u00e3o, estrat\u00e9gia e impacto real nos neg\u00f3cios.<\/em><\/p>\n<p><em>Para mais informa\u00e7\u00f5es sobre a Performa_IT, acesse:<\/em><\/p>\n<p><strong><em>Site:<\/em><\/strong>\u00a0<a title=\"http:\/\/www.performait.com\/\" href=\"http:\/\/www.performait.com\/\" target=\"_blank\" rel=\"noreferrer noopener\" shape=\"rect\" data-auth=\"NotApplicable\" data-linkindex=\"0\"><strong>www.performait.com<\/strong><\/a><\/p>\n<hr \/>\n<h6><strong>Assessoria de Imprensa - Get Comunica\u00e7\u00e3o\u00a0<\/strong><\/h6>\n<\/div>\n\n\n<center><iframe loading=\"lazy\" class=\"jmvplayer\" src=\"https:\/\/player.jmvstream.com\/lvw\/YYGWo5wfZuZ8fEW7Qoq1ISwhLSEDhU\" allowfullscreen allow=\"autoplay; fullscreen\" frameborder=\"0\" width=\"640\" height=\"360\" ><\/iframe><\/center>\n<\/div><\/div>","protected":false},"excerpt":{"rendered":"<p>A IA avan\u00e7a nos bastidores da sa\u00fade p\u00fablica, acelerando diagn\u00f3sticos e triagens, enquanto especialistas debatem seus limites e riscos A intelig\u00eancia artificial (IA) est\u00e1 deixando de ser uma promessa futurista e se tornando uma realidade concreta nos corredores da sa\u00fade p\u00fablica brasileira.\u00a0Em hospitais e postos de sa\u00fade do SUS (Sistema \u00danico de Sa\u00fade), algoritmos j\u00e1 [&hellip;]<\/p>\n","protected":false},"author":4,"featured_media":80091,"comment_status":"open","ping_status":"open","sticky":false,"template":"","format":"standard","meta":{"footnotes":""},"categories":[1],"tags":[],"class_list":["post-80090","post","type-post","status-publish","format-standard","has-post-thumbnail","hentry","category-sem-categoria"],"_links":{"self":[{"href":"http:\/\/sol.fm.br\/radio\/wp-json\/wp\/v2\/posts\/80090","targetHints":{"allow":["GET"]}}],"collection":[{"href":"http:\/\/sol.fm.br\/radio\/wp-json\/wp\/v2\/posts"}],"about":[{"href":"http:\/\/sol.fm.br\/radio\/wp-json\/wp\/v2\/types\/post"}],"author":[{"embeddable":true,"href":"http:\/\/sol.fm.br\/radio\/wp-json\/wp\/v2\/users\/4"}],"replies":[{"embeddable":true,"href":"http:\/\/sol.fm.br\/radio\/wp-json\/wp\/v2\/comments?post=80090"}],"version-history":[{"count":1,"href":"http:\/\/sol.fm.br\/radio\/wp-json\/wp\/v2\/posts\/80090\/revisions"}],"predecessor-version":[{"id":80092,"href":"http:\/\/sol.fm.br\/radio\/wp-json\/wp\/v2\/posts\/80090\/revisions\/80092"}],"wp:featuredmedia":[{"embeddable":true,"href":"http:\/\/sol.fm.br\/radio\/wp-json\/wp\/v2\/media\/80091"}],"wp:attachment":[{"href":"http:\/\/sol.fm.br\/radio\/wp-json\/wp\/v2\/media?parent=80090"}],"wp:term":[{"taxonomy":"category","embeddable":true,"href":"http:\/\/sol.fm.br\/radio\/wp-json\/wp\/v2\/categories?post=80090"},{"taxonomy":"post_tag","embeddable":true,"href":"http:\/\/sol.fm.br\/radio\/wp-json\/wp\/v2\/tags?post=80090"}],"curies":[{"name":"wp","href":"https:\/\/api.w.org\/{rel}","templated":true}]}}