{"id":80093,"date":"2025-11-13T10:58:42","date_gmt":"2025-11-13T13:58:42","guid":{"rendered":"http:\/\/sol.fm.br\/radio\/?p=80093"},"modified":"2025-11-13T10:58:44","modified_gmt":"2025-11-13T13:58:44","slug":"estudantes-das-cooperativas-escolares-se-reunem-em-igrejinha-nesta-quinta-feira","status":"publish","type":"post","link":"http:\/\/sol.fm.br\/radio\/estudantes-das-cooperativas-escolares-se-reunem-em-igrejinha-nesta-quinta-feira\/","title":{"rendered":"Estudantes das cooperativas escolares se re\u00fanem em Igrejinha nesta quinta-feira"},"content":{"rendered":"<div id=\"dslc-theme-content\"><div id=\"dslc-theme-content-inner\"><p style=\"text-align: center;\"><em>Iniciativa da Sicredi Caminho das \u00c1guas deve reunir 400 alunos para encerramento das atividades do ano<\/em><\/p>\n<p>A Sicredi Caminho das \u00c1guas realiza nesta quinta-feira (13), em Igrejinha, o Encontro de Intercoopera\u00e7\u00e3o das Cooperativas Escolares de 2025 (Intercoops). Na segunda edi\u00e7\u00e3o do evento, os estudantes que fazem parte de todas as Cooperativas Escolares da \u00e1rea de atua\u00e7\u00e3o da institui\u00e7\u00e3o cooperativa financeira se re\u00fanem para marcar o encerramento das atividades do ano. A primeira edi\u00e7\u00e3o foi realizada em Terra de Areia, em 2024.<\/p>\n<p>De acordo com o gerente de Cooperativismo da Sicredi Caminho das \u00c1guas, Eduardo Glaeser, ser\u00e1 um dia inteiro de jogos educativos, por meio dos quais os alunos associados das Cooperativas Escolares vivenciar\u00e3o experi\u00eancias que t\u00eam por objetivo aprofundar o conhecimento sobre o cooperativismo. <em>\u201cA nossa expectativa \u00e9 que tenhamos 400 participantes. Todas as atividades ser\u00e3o ao ar livre, coordenadas por uma empresa especializada em educa\u00e7\u00e3o experiencial<\/em>\u201d, explica.<\/p>\n<p>O programa Cooperativas Escolares \u00e9 desenvolvido no contraturno escolar, no qual alunos de 6\u00b0 a 9\u00b0 ano do ensino fundamental se unem e constituem uma cooperativa, com um conselho de administra\u00e7\u00e3o, conselho fiscal e departamentos (comunica\u00e7\u00e3o, pesquisa e educa\u00e7\u00e3o cooperativa). S\u00e3o guiados pelos sete princ\u00edpios do cooperativismo: ades\u00e3o livre e volunt\u00e1ria, gest\u00e3o democr\u00e1tica, participa\u00e7\u00e3o econ\u00f4mica, autonomia e independ\u00eancia, educa\u00e7\u00e3o, forma\u00e7\u00e3o e informa\u00e7\u00e3o, intercoopera\u00e7\u00e3o e interesse pela comunidade.<\/p>\n<p><em>\u201cO nosso principal objetivo com o programa \u00e9 formar futuras lideran\u00e7as e cidad\u00e3os mais conscientes e protagonistas frente aos desafios que a vida nos prop\u00f5e. Nas oficinas, ao longo do ano, s\u00e3o trabalhadas compet\u00eancias voltadas ao empreendedorismo, lideran\u00e7a, educa\u00e7\u00e3o financeira e habilidades de colabora\u00e7\u00e3o e ajuda m\u00fatua<\/em>\u201d, destaca o gerente.<\/p>\n<p>Atualmente, o projeto abrange 16 cooperativas escolares, com estudantes associados nas cidades de Rolante, Igrejinha, Terra de Areia, Campo Bom, Taquara, Sapiranga, Tr\u00eas Coroas, Maquin\u00e9, Xangri-l\u00e1 e Capivari do Sul. \u201c<em>Em 2026, estamos com a previs\u00e3o de fundar mais duas cooperativas, nas cidades de Balne\u00e1rio Pinhal e Palmares do Sul\u201d<\/em>, prev\u00ea Glaeser.<\/p>\n<p>\u00a0<\/p>\n<p><strong>Sobre a Sicredi Caminho das \u00c1guas<\/strong><\/p>\n<p>Constitu\u00edda em 1923, a Sicredi Caminho das \u00c1guas integra o Sistema Sicredi \u2013 composto por mais de 100 cooperativas em todo o Brasil. A institui\u00e7\u00e3o oferece um portf\u00f3lio completo com mais de 300 solu\u00e7\u00f5es financeiras para liberar o potencial de pessoas e neg\u00f3cios. Com sede em Rolante (RS), re\u00fane mais de 90 mil associados em uma \u00e1rea de atua\u00e7\u00e3o que abrange 33 munic\u00edpios do Vale do Paranhana e do Litoral Norte ga\u00facho, como Igrejinha, Sapiranga, Taquara, Cap\u00e3o da Canoa, Torres, Os\u00f3rio, Tramanda\u00ed, entre outros.<\/p>\n<hr \/>\n<h6><strong>Sublinha! Comunica\u00e7\u00e3o | Assessoria de imprensa - Sicredi Caminho das \u00c1guas | Foto: Arquivo Sicredi Caminho das \u00c1guas<br \/><\/strong><\/h6>\n\n\n<center><iframe loading=\"lazy\" class=\"jmvplayer\" src=\"https:\/\/player.jmvstream.com\/lvw\/YYGWo5wfZuZ8fEW7Qoq1ISwhLSEDhU\" allowfullscreen allow=\"autoplay; fullscreen\" frameborder=\"0\" width=\"640\" height=\"360\" ><\/iframe><\/center>\n<\/div><\/div>","protected":false},"excerpt":{"rendered":"<p>Iniciativa da Sicredi Caminho das \u00c1guas deve reunir 400 alunos para encerramento das atividades do ano A Sicredi Caminho das \u00c1guas realiza nesta quinta-feira (13), em Igrejinha, o Encontro de Intercoopera\u00e7\u00e3o das Cooperativas Escolares de 2025 (Intercoops). Na segunda edi\u00e7\u00e3o do evento, os estudantes que fazem parte de todas as Cooperativas Escolares da \u00e1rea de [&hellip;]<\/p>\n","protected":false},"author":4,"featured_media":80094,"comment_status":"open","ping_status":"open","sticky":false,"template":"","format":"standard","meta":{"footnotes":""},"categories":[1],"tags":[],"class_list":["post-80093","post","type-post","status-publish","format-standard","has-post-thumbnail","hentry","category-sem-categoria"],"_links":{"self":[{"href":"http:\/\/sol.fm.br\/radio\/wp-json\/wp\/v2\/posts\/80093","targetHints":{"allow":["GET"]}}],"collection":[{"href":"http:\/\/sol.fm.br\/radio\/wp-json\/wp\/v2\/posts"}],"about":[{"href":"http:\/\/sol.fm.br\/radio\/wp-json\/wp\/v2\/types\/post"}],"author":[{"embeddable":true,"href":"http:\/\/sol.fm.br\/radio\/wp-json\/wp\/v2\/users\/4"}],"replies":[{"embeddable":true,"href":"http:\/\/sol.fm.br\/radio\/wp-json\/wp\/v2\/comments?post=80093"}],"version-history":[{"count":1,"href":"http:\/\/sol.fm.br\/radio\/wp-json\/wp\/v2\/posts\/80093\/revisions"}],"predecessor-version":[{"id":80095,"href":"http:\/\/sol.fm.br\/radio\/wp-json\/wp\/v2\/posts\/80093\/revisions\/80095"}],"wp:featuredmedia":[{"embeddable":true,"href":"http:\/\/sol.fm.br\/radio\/wp-json\/wp\/v2\/media\/80094"}],"wp:attachment":[{"href":"http:\/\/sol.fm.br\/radio\/wp-json\/wp\/v2\/media?parent=80093"}],"wp:term":[{"taxonomy":"category","embeddable":true,"href":"http:\/\/sol.fm.br\/radio\/wp-json\/wp\/v2\/categories?post=80093"},{"taxonomy":"post_tag","embeddable":true,"href":"http:\/\/sol.fm.br\/radio\/wp-json\/wp\/v2\/tags?post=80093"}],"curies":[{"name":"wp","href":"https:\/\/api.w.org\/{rel}","templated":true}]}}