{"id":80104,"date":"2025-11-13T14:15:37","date_gmt":"2025-11-13T17:15:37","guid":{"rendered":"http:\/\/sol.fm.br\/radio\/?p=80104"},"modified":"2025-11-13T14:15:39","modified_gmt":"2025-11-13T17:15:39","slug":"%ef%b8%8f-3a-copa-rolante-sports-integrare-de-futebol-2025-categorias-de-base-rolante-sports-conquista-vaga-na-final-da-sub-15","status":"publish","type":"post","link":"http:\/\/sol.fm.br\/radio\/%ef%b8%8f-3a-copa-rolante-sports-integrare-de-futebol-2025-categorias-de-base-rolante-sports-conquista-vaga-na-final-da-sub-15\/","title":{"rendered":"&#xfe0f; 3\u00aa COPA ROLANTE SPORTS INTEGRARE DE FUTEBOL 2025 - Categorias de Base: Rolante Sports conquista vaga na final da Sub 15"},"content":{"rendered":"<div id=\"dslc-theme-content\"><div id=\"dslc-theme-content-inner\"><p>A Categoria Sub 15 da Rolante Sports enfrentou o Gramadense pela Semifinal da 3\u00aa Copa Rolante Sports Integrare de Futebol 2025 \u2013 Categorias de Base, no Campo do Internacional, na \u00faltima quarta-feira, 12.<\/p>\n<p>A Rolante Sports venceu a partida por 1x0, com gol do atleta Richard, garantindo, assim, uma vaga na final do campeonato.<\/p>\n<p>O advers\u00e1rio da Rolante Sports na final ser\u00e1 conhecido no s\u00e1bado, 15, ap\u00f3s o confronto entre Sandense (Tr\u00eas Coroas) e Parob\u00e9 Esportes.<\/p>\n<p>A 3\u00aa edi\u00e7\u00e3o da Copa Rolante Sports de Futebol de Campo \u2013 Categorias de Base tem patroc\u00ednio master da Integrare Cl\u00ednicas Odontol\u00f3gicas e apoio da Prefeitura de Rolante, atrav\u00e9s da Secretaria de Educa\u00e7\u00e3o e do Departamento de Esportes.<\/p>\n<p>A Copa Rolante Sports Integrare de Futebol, com jogos realizados exclusivamente em Rolante, no Campo do Internacional, nas categorias Sub 11, Sub 13 e Sub 15, com a participa\u00e7\u00e3o das seguintes equipes: Rolante Sports, Gr\u00eamio Esportivo Sandense (Tr\u00eas Coroas), Gramadense, Parob\u00e9 Esportes e Americano (Novo Hamburgo).<\/p>\n<hr \/>\n<h6><strong>Rolante Sports<\/strong><\/h6>\n\n\n<center><iframe loading=\"lazy\" class=\"jmvplayer\" src=\"https:\/\/player.jmvstream.com\/lvw\/YYGWo5wfZuZ8fEW7Qoq1ISwhLSEDhU\" allowfullscreen allow=\"autoplay; fullscreen\" frameborder=\"0\" width=\"640\" height=\"360\" ><\/iframe><\/center>\n<\/div><\/div>","protected":false},"excerpt":{"rendered":"<p>A Categoria Sub 15 da Rolante Sports enfrentou o Gramadense pela Semifinal da 3\u00aa Copa Rolante Sports Integrare de Futebol 2025 \u2013 Categorias de Base, no Campo do Internacional, na \u00faltima quarta-feira, 12. A Rolante Sports venceu a partida por 1x0, com gol do atleta Richard, garantindo, assim, uma vaga na final do campeonato. O [&hellip;]<\/p>\n","protected":false},"author":4,"featured_media":80105,"comment_status":"open","ping_status":"open","sticky":false,"template":"","format":"standard","meta":{"footnotes":""},"categories":[1],"tags":[],"class_list":["post-80104","post","type-post","status-publish","format-standard","has-post-thumbnail","hentry","category-sem-categoria"],"_links":{"self":[{"href":"http:\/\/sol.fm.br\/radio\/wp-json\/wp\/v2\/posts\/80104","targetHints":{"allow":["GET"]}}],"collection":[{"href":"http:\/\/sol.fm.br\/radio\/wp-json\/wp\/v2\/posts"}],"about":[{"href":"http:\/\/sol.fm.br\/radio\/wp-json\/wp\/v2\/types\/post"}],"author":[{"embeddable":true,"href":"http:\/\/sol.fm.br\/radio\/wp-json\/wp\/v2\/users\/4"}],"replies":[{"embeddable":true,"href":"http:\/\/sol.fm.br\/radio\/wp-json\/wp\/v2\/comments?post=80104"}],"version-history":[{"count":1,"href":"http:\/\/sol.fm.br\/radio\/wp-json\/wp\/v2\/posts\/80104\/revisions"}],"predecessor-version":[{"id":80106,"href":"http:\/\/sol.fm.br\/radio\/wp-json\/wp\/v2\/posts\/80104\/revisions\/80106"}],"wp:featuredmedia":[{"embeddable":true,"href":"http:\/\/sol.fm.br\/radio\/wp-json\/wp\/v2\/media\/80105"}],"wp:attachment":[{"href":"http:\/\/sol.fm.br\/radio\/wp-json\/wp\/v2\/media?parent=80104"}],"wp:term":[{"taxonomy":"category","embeddable":true,"href":"http:\/\/sol.fm.br\/radio\/wp-json\/wp\/v2\/categories?post=80104"},{"taxonomy":"post_tag","embeddable":true,"href":"http:\/\/sol.fm.br\/radio\/wp-json\/wp\/v2\/tags?post=80104"}],"curies":[{"name":"wp","href":"https:\/\/api.w.org\/{rel}","templated":true}]}}