{"id":80109,"date":"2025-11-14T09:06:49","date_gmt":"2025-11-14T12:06:49","guid":{"rendered":"http:\/\/sol.fm.br\/radio\/?p=80109"},"modified":"2025-11-14T09:06:51","modified_gmt":"2025-11-14T12:06:51","slug":"educacao-profissional-e-mundo-do-trabalho-serao-pauta-em-encontro-de-professores-do-ensino-agricola","status":"publish","type":"post","link":"http:\/\/sol.fm.br\/radio\/educacao-profissional-e-mundo-do-trabalho-serao-pauta-em-encontro-de-professores-do-ensino-agricola\/","title":{"rendered":"Educa\u00e7\u00e3o profissional e mundo do trabalho ser\u00e3o pauta em Encontro de Professores do Ensino Agr\u00edcola"},"content":{"rendered":"<div id=\"dslc-theme-content\"><div id=\"dslc-theme-content-inner\"><p style=\"text-align: center;\"><em>Evento da Agptea em Porto Alegre inclui painel com a Suepro sobre prepara\u00e7\u00e3o pr\u00e1tica dos jovens para a atividade profissional, refor\u00e7ando a integra\u00e7\u00e3o entre escola e mercado<\/em><\/p>\n<p>O mundo do trabalho ser\u00e1 um dos temas de destaque da 40\u00aa edi\u00e7\u00e3o do Encontro Estadual de Professores do Ensino Agr\u00edcola promovido pela Associa\u00e7\u00e3o Ga\u00facha de Professores T\u00e9cnicos de Ensino Agr\u00edcola (Agptea). O evento, que ser\u00e1 nos dias 26, 27 e 28 de novembro, no Hotel Embaixador, retorna a Porto Alegre ap\u00f3s seis anos. O primeiro painel da programa\u00e7\u00e3o vai abordar a \u201cEduca\u00e7\u00e3o Profissional Articulada com o Mundo do Trabalho\u201d, sob a responsabilidade da Superintend\u00eancia da Educa\u00e7\u00e3o Profissional (Suepro).<\/p>\n<p>O presidente da Agptea, professor Fritz Roloff, que ser\u00e1 o mediador do painel, acredita que este tema \u00e9 o grande objetivo de todos os educadores que querem uma educa\u00e7\u00e3o mais inclusiva, assim como a prepara\u00e7\u00e3o para o mundo do trabalho. \u201c<em>\u00c9 fundamental falar sobre esta tem\u00e1tica, suas rela\u00e7\u00f5es e tamb\u00e9m o trabalho como um princ\u00edpio educativo na forma\u00e7\u00e3o profissional. Temos a certeza de que essa abordagem ir\u00e1 interessar muito a todos os presentes, pois \u00e9 justamente no ch\u00e3o da escola que a educa\u00e7\u00e3o deve estabelecer as primeiras rela\u00e7\u00f5es com o mundo do trabalho<\/em>\u201d, enfatiza.<\/p>\n<p>Conforme Roloff, o jovem precisa ter a oportunidade de experienciar para que possa ter uma no\u00e7\u00e3o clara do que o espera na atividade profissional. O dirigente coloca que a escola j\u00e1 estabelece uma extens\u00e3o entre a pr\u00e1tica pedag\u00f3gica e o fazer pedag\u00f3gico. \u201c<em>Esse fazer pedag\u00f3gico \u00e9 uma prepara\u00e7\u00e3o para o mundo do trabalho, de forma que as escolas t\u00e9cnicas precisam investir em seus laborat\u00f3rios para que o aluno possa ter uma no\u00e7\u00e3o cada vez mais clara do que \u00e9 a fun\u00e7\u00e3o pela qual est\u00e1 se preparando<\/em>\u201d, observa.<\/p>\n<p>O presidente da Agptea ressalta que n\u00e3o basta apenas ensinar as teorias do mundo do trabalho, \u00e9 preciso uma pr\u00e1xis que tamb\u00e9m seja coerente com a realidade da vanguarda. \u201c<em>Caso contr\u00e1rio, estaremos colocando \u00e0 disposi\u00e7\u00e3o das empresas, por meio das institui\u00e7\u00f5es, jovens sem a m\u00ednima no\u00e7\u00e3o para onde est\u00e3o sendo levados. Ent\u00e3o, a an\u00e1lise da Suepro, certamente nos trar\u00e1 uma vis\u00e3o do que o governo est\u00e1 pensando, como est\u00e1 atualmente interagindo para que essa pr\u00e1xis melhore a cada dia<\/em>\u201d, reitera Roloff.<\/p>\n<hr \/>\n<h6><strong>AgroEffective | Assessoria de Comunica\u00e7\u00e3o da Associa\u00e7\u00e3o Ga\u00facha de Professores T\u00e9cnicos de Ensino Agr\u00edcola (Agptea) | <span style=\"font-size: revert; color: initial;\">Foto: \u00c9rika Ferraz\/AgroEffective | <\/span><span style=\"font-size: revert; color: initial;\">Texto: Rejane Costa\/AgroEffective<\/span><\/strong><\/h6>\n\n\n<center><iframe loading=\"lazy\" class=\"jmvplayer\" src=\"https:\/\/player.jmvstream.com\/lvw\/YYGWo5wfZuZ8fEW7Qoq1ISwhLSEDhU\" allowfullscreen allow=\"autoplay; fullscreen\" frameborder=\"0\" width=\"640\" height=\"360\" ><\/iframe><\/center>\n<\/div><\/div>","protected":false},"excerpt":{"rendered":"<p>Evento da Agptea em Porto Alegre inclui painel com a Suepro sobre prepara\u00e7\u00e3o pr\u00e1tica dos jovens para a atividade profissional, refor\u00e7ando a integra\u00e7\u00e3o entre escola e mercado O mundo do trabalho ser\u00e1 um dos temas de destaque da 40\u00aa edi\u00e7\u00e3o do Encontro Estadual de Professores do Ensino Agr\u00edcola promovido pela Associa\u00e7\u00e3o Ga\u00facha de Professores T\u00e9cnicos [&hellip;]<\/p>\n","protected":false},"author":4,"featured_media":80110,"comment_status":"open","ping_status":"open","sticky":false,"template":"","format":"standard","meta":{"footnotes":""},"categories":[1],"tags":[],"class_list":["post-80109","post","type-post","status-publish","format-standard","has-post-thumbnail","hentry","category-sem-categoria"],"_links":{"self":[{"href":"http:\/\/sol.fm.br\/radio\/wp-json\/wp\/v2\/posts\/80109","targetHints":{"allow":["GET"]}}],"collection":[{"href":"http:\/\/sol.fm.br\/radio\/wp-json\/wp\/v2\/posts"}],"about":[{"href":"http:\/\/sol.fm.br\/radio\/wp-json\/wp\/v2\/types\/post"}],"author":[{"embeddable":true,"href":"http:\/\/sol.fm.br\/radio\/wp-json\/wp\/v2\/users\/4"}],"replies":[{"embeddable":true,"href":"http:\/\/sol.fm.br\/radio\/wp-json\/wp\/v2\/comments?post=80109"}],"version-history":[{"count":1,"href":"http:\/\/sol.fm.br\/radio\/wp-json\/wp\/v2\/posts\/80109\/revisions"}],"predecessor-version":[{"id":80111,"href":"http:\/\/sol.fm.br\/radio\/wp-json\/wp\/v2\/posts\/80109\/revisions\/80111"}],"wp:featuredmedia":[{"embeddable":true,"href":"http:\/\/sol.fm.br\/radio\/wp-json\/wp\/v2\/media\/80110"}],"wp:attachment":[{"href":"http:\/\/sol.fm.br\/radio\/wp-json\/wp\/v2\/media?parent=80109"}],"wp:term":[{"taxonomy":"category","embeddable":true,"href":"http:\/\/sol.fm.br\/radio\/wp-json\/wp\/v2\/categories?post=80109"},{"taxonomy":"post_tag","embeddable":true,"href":"http:\/\/sol.fm.br\/radio\/wp-json\/wp\/v2\/tags?post=80109"}],"curies":[{"name":"wp","href":"https:\/\/api.w.org\/{rel}","templated":true}]}}