{"id":80124,"date":"2025-11-14T10:10:48","date_gmt":"2025-11-14T13:10:48","guid":{"rendered":"http:\/\/sol.fm.br\/radio\/?p=80124"},"modified":"2025-11-14T10:10:51","modified_gmt":"2025-11-14T13:10:51","slug":"novembro-azul-reforca-alerta-para-saude-masculina-no-rio-grande-do-sul","status":"publish","type":"post","link":"http:\/\/sol.fm.br\/radio\/novembro-azul-reforca-alerta-para-saude-masculina-no-rio-grande-do-sul\/","title":{"rendered":"Novembro Azul refor\u00e7a alerta para sa\u00fade masculina no Rio Grande do Sul"},"content":{"rendered":"<div id=\"dslc-theme-content\"><div id=\"dslc-theme-content-inner\"><p class=\"x_yiv4993514040ydp7ad7eba9yiv1907094797MsoNormal\" align=\"center\"><i data-olk-copy-source=\"MessageBody\">Urologista do Grupo S\u00e3o Pietro destaca avan\u00e7os e a import\u00e2ncia do diagn\u00f3stico precoce do c\u00e2ncer de pr\u00f3stata<\/i><\/p>\n<p class=\"x_yiv4993514040ydp7ad7eba9yiv1907094797MsoNormal\"><i>\u00a0<\/i><\/p>\n<p class=\"x_yiv4993514040ydp7ad7eba9yiv1907094797MsoNormal\">O Rio Grande do Sul est\u00e1 entre os estados com maior incid\u00eancia de c\u00e2ncer de pr\u00f3stata no Brasil, segundo dados do Instituto Nacional de C\u00e2ncer (INCA). A cada ano, o pa\u00eds registra cerca de 71,7 mil novos casos, com um risco estimado de 67,86 diagn\u00f3sticos a cada 100 mil homens. Diante desse cen\u00e1rio, o Grupo S\u00e3o Pietro Hospitais e Cl\u00ednicas refor\u00e7a o alerta durante o Novembro Azul, m\u00eas dedicado \u00e0 conscientiza\u00e7\u00e3o e \u00e0 preven\u00e7\u00e3o da doen\u00e7a, que \u00e9 o tipo de c\u00e2ncer mais comum entre os homens ga\u00fachos, atr\u00e1s apenas dos tumores de pele n\u00e3o melanoma.<\/p>\n<p class=\"x_yiv4993514040ydp7ad7eba9yiv1907094797MsoNormal\">De acordo com o urologista do Grupo S\u00e3o Pietro, Daniel Melecchi, a combina\u00e7\u00e3o de fatores gen\u00e9ticos e demogr\u00e1ficos ajuda a explicar os n\u00fameros elevados no estado. A popula\u00e7\u00e3o ga\u00facha \u00e9 formada, em grande parte, por homens de origem europeia, grupo que, segundo estudos, apresenta maior predisposi\u00e7\u00e3o gen\u00e9tica \u00e0 doen\u00e7a. Al\u00e9m disso, o Rio Grande do Sul possui uma das maiores expectativas de vida do pa\u00eds, o que naturalmente aumenta o risco, j\u00e1 que o c\u00e2ncer de pr\u00f3stata \u00e9 mais frequente em idades avan\u00e7adas.<\/p>\n<p class=\"x_yiv4993514040ydp7ad7eba9yiv1907094797MsoNormal\" aria-hidden=\"true\">\u00a0<\/p>\n<p class=\"x_yiv4993514040ydp7ad7eba9yiv1907094797MsoNormal\"><b>Diagn\u00f3stico precoce \u00e9 o maior aliado<\/b><\/p>\n<p class=\"x_yiv4993514040ydp7ad7eba9yiv1907094797MsoNormal\"><b>\u00a0<\/b>O especialista refor\u00e7a que a detec\u00e7\u00e3o precoce continua sendo o principal fator para o sucesso terap\u00eautico. A maioria dos casos iniciais da doen\u00e7a n\u00e3o apresenta sintomas, o que refor\u00e7a a necessidade de acompanhamento m\u00e9dico regular. \u201c<em>A recomenda\u00e7\u00e3o \u00e9 que homens a partir dos 50 anos, ou dos 45 em casos com hist\u00f3rico familiar da doen\u00e7a, procurem o urologista anualmente para avalia\u00e7\u00e3o cl\u00ednica, exame de PSA e, quando indicado, o toque retal\u201d,<\/em> ressalta o urologista. \u201c<em>Quando os sintomas aparecem, a doen\u00e7a j\u00e1 pode estar em est\u00e1gio avan\u00e7ado, reduzindo as chances de cura e exigindo tratamentos mais complexos<\/em>\u201d.<\/p>\n<p class=\"x_yiv4993514040ydp7ad7eba9yiv1907094797MsoNormal\">Nos \u00faltimos anos, o avan\u00e7o tecnol\u00f3gico tem transformado o diagn\u00f3stico e o tratamento do c\u00e2ncer de pr\u00f3stata. A resson\u00e2ncia magn\u00e9tica multiparam\u00e9trica da pr\u00f3stata permite identificar altera\u00e7\u00f5es com muito mais precis\u00e3o, e a bi\u00f3psia guiada por fus\u00e3o de imagem, que combina a resson\u00e2ncia com o ultrassom, aumenta significativamente a taxa de detec\u00e7\u00e3o de tumores clinicamente relevantes.<\/p>\n<p class=\"x_yiv4993514040ydp7ad7eba9yiv1907094797MsoNormal\">Al\u00e9m disso, segundo o especialista, testes gen\u00f4micos v\u00eam sendo incorporados para avaliar o risco individual e definir estrat\u00e9gias mais personalizadas de acompanhamento. No tratamento, o advento da cirurgia rob\u00f3tica representa um salto importante, tornando o procedimento mais seguro e com menor \u00edndice de complica\u00e7\u00f5es, al\u00e9m de proporcionar uma recupera\u00e7\u00e3o mais r\u00e1pida aos pacientes. \u201c<em>O bom acesso aos servi\u00e7os de sa\u00fade e \u00e0 rede de diagn\u00f3stico faz com que mais casos sejam identificados precocemente, o que, embora eleve as estat\u00edsticas, reflete um rastreamento mais eficaz e melhora as chances de tratamento bem-sucedido<\/em>\u201d, refor\u00e7a.<\/p>\n<p class=\"x_yiv4993514040ydp7ad7eba9yiv1907094797MsoNormal\" aria-hidden=\"true\">\u00a0<\/p>\n<p class=\"x_yiv4993514040ydp7ad7eba9yiv1907094797MsoNormal\"><b>O medo e o preconceito devem ser combatidos<\/b><\/p>\n<p class=\"x_yiv4993514040ydp7ad7eba9yiv1907094797MsoNormal\"><b>\u00a0<\/b>Mesmo com todos os avan\u00e7os, o preconceito e o medo ainda s\u00e3o barreiras significativas ao diagn\u00f3stico precoce. O especialista destaca que falar abertamente sobre o tema \u00e9 essencial para desmistificar o exame de toque, que \u00e9 r\u00e1pido, indolor e pode salvar vidas. As campanhas do Novembro Azul t\u00eam papel fundamental ao trazerem o assunto para o cotidiano e estimularem o di\u00e1logo, especialmente com o envolvimento da fam\u00edlia, j\u00e1 que muitas vezes s\u00e3o as parceiras, filhas ou irm\u00e3s que incentivam os homens a procurar o m\u00e9dico. <em>\u201cCriar um ambiente acolhedor e sem julgamentos tamb\u00e9m \u00e9 fundamental para quebrar barreiras culturais que ainda afastam os homens dos consult\u00f3rios<\/em>\u201d, enfatiza.<\/p>\n<p class=\"x_yiv4993514040ydp7ad7eba9yiv1907094797MsoNormal\" aria-hidden=\"true\">\u00a0<\/p>\n<p class=\"x_yiv4993514040ydp7ad7eba9yiv1907094797MsoNormal\"><b>Novembro Azul no Grupo S\u00e3o Pietro Hospitais e Cl\u00ednicas<\/b><\/p>\n<p class=\"x_yiv4993514040ydp7ad7eba9yiv1907094797MsoNormal\"><b>\u00a0<\/b>Durante o m\u00eas de novembro, o Grupo S\u00e3o Pietro intensifica suas a\u00e7\u00f5es de conscientiza\u00e7\u00e3o com foco em informa\u00e7\u00e3o e acesso. A institui\u00e7\u00e3o promove palestras educativas, campanhas nas redes sociais e mutir\u00f5es de avalia\u00e7\u00e3o urol\u00f3gica, oferecendo condi\u00e7\u00f5es facilitadas para consultas e exames.<\/p>\n<p class=\"x_yiv4993514040ydp7ad7eba9yiv1907094797MsoNormal\">O objetivo \u00e9 alcan\u00e7ar tanto os homens que j\u00e1 t\u00eam acompanhamento quanto aqueles que nunca procuraram um urologista. O grupo tamb\u00e9m refor\u00e7a sua estrutura tecnol\u00f3gica para garantir diagn\u00f3sticos precisos e r\u00e1pidos, reafirmando seu compromisso com a preven\u00e7\u00e3o e com o cuidado integral da sa\u00fade masculina.<\/p>\n<p class=\"x_yiv4993514040ydp7ad7eba9yiv1907094797MsoNormal\" aria-hidden=\"true\">\u00a0<\/p>\n<p class=\"x_yiv4993514040ydp7ad7eba9yiv1907094797MsoNormal\"><b><u><span lang=\"X-NONE\">Sobre o Grupo S\u00e3o Pietro Hospitais e Cl\u00ednicas<\/span><\/u><\/b><\/p>\n<p class=\"x_yiv4993514040ydp7ad7eba9yiv1907094797MsoNormal\">Com cuidado e transforma\u00e7\u00e3o em seu DNA, o Grupo S\u00e3o Pietro Hospitais e Cl\u00ednicas destaca-se com atua\u00e7\u00e3o em hospitais especializados, em rede de cl\u00ednicas de Oftalmologia e Urologia e no segmento de s\u00eanior living com a gest\u00e3o do S\u00e3o Pietro S\u00eanior j\u00e1 em opera\u00e7\u00e3o.\u00a0 Possui em sua rede o Hospital Banco de olhos, o maior centro de ensino e cuidado de oftalmologia do sul do pa\u00eds, e o Prime Day Hospital especializado em urologia. O Grupo S\u00e3o Pietro Hospitais e Cl\u00ednicas conta com unidades em Porto Alegre, Canoas, S\u00e3o Leopoldo, Taquara e Xangri-l\u00e1, oferecendo \u00e0 popula\u00e7\u00e3o servi\u00e7os norteados pela sustentabilidade, qualidade e seguran\u00e7a, inova\u00e7\u00e3o e tecnologia, \u00e9tica e respeito. Mais informa\u00e7\u00f5es em:\u00a0<a title=\"http:\/\/www.saopietro.com.br\" href=\"http:\/\/www.saopietro.com.br\/\" target=\"_blank\" rel=\"nofollow noopener noreferrer\" shape=\"rect\" data-auth=\"NotApplicable\" data-linkindex=\"0\">www.saopietro.com.br<\/a>.<\/p>\n<hr \/>\n<h6><strong>Martha Becker Connections | Foto: Freepik<\/strong><\/h6>\n\n\n<center><iframe loading=\"lazy\" class=\"jmvplayer\" src=\"https:\/\/player.jmvstream.com\/lvw\/YYGWo5wfZuZ8fEW7Qoq1ISwhLSEDhU\" allowfullscreen allow=\"autoplay; fullscreen\" frameborder=\"0\" width=\"640\" height=\"360\" ><\/iframe><\/center>\n<\/div><\/div>","protected":false},"excerpt":{"rendered":"<p>Urologista do Grupo S\u00e3o Pietro destaca avan\u00e7os e a import\u00e2ncia do diagn\u00f3stico precoce do c\u00e2ncer de pr\u00f3stata \u00a0 O Rio Grande do Sul est\u00e1 entre os estados com maior incid\u00eancia de c\u00e2ncer de pr\u00f3stata no Brasil, segundo dados do Instituto Nacional de C\u00e2ncer (INCA). A cada ano, o pa\u00eds registra cerca de 71,7 mil novos [&hellip;]<\/p>\n","protected":false},"author":4,"featured_media":80125,"comment_status":"open","ping_status":"open","sticky":false,"template":"","format":"standard","meta":{"footnotes":""},"categories":[1],"tags":[],"class_list":["post-80124","post","type-post","status-publish","format-standard","has-post-thumbnail","hentry","category-sem-categoria"],"_links":{"self":[{"href":"http:\/\/sol.fm.br\/radio\/wp-json\/wp\/v2\/posts\/80124","targetHints":{"allow":["GET"]}}],"collection":[{"href":"http:\/\/sol.fm.br\/radio\/wp-json\/wp\/v2\/posts"}],"about":[{"href":"http:\/\/sol.fm.br\/radio\/wp-json\/wp\/v2\/types\/post"}],"author":[{"embeddable":true,"href":"http:\/\/sol.fm.br\/radio\/wp-json\/wp\/v2\/users\/4"}],"replies":[{"embeddable":true,"href":"http:\/\/sol.fm.br\/radio\/wp-json\/wp\/v2\/comments?post=80124"}],"version-history":[{"count":1,"href":"http:\/\/sol.fm.br\/radio\/wp-json\/wp\/v2\/posts\/80124\/revisions"}],"predecessor-version":[{"id":80126,"href":"http:\/\/sol.fm.br\/radio\/wp-json\/wp\/v2\/posts\/80124\/revisions\/80126"}],"wp:featuredmedia":[{"embeddable":true,"href":"http:\/\/sol.fm.br\/radio\/wp-json\/wp\/v2\/media\/80125"}],"wp:attachment":[{"href":"http:\/\/sol.fm.br\/radio\/wp-json\/wp\/v2\/media?parent=80124"}],"wp:term":[{"taxonomy":"category","embeddable":true,"href":"http:\/\/sol.fm.br\/radio\/wp-json\/wp\/v2\/categories?post=80124"},{"taxonomy":"post_tag","embeddable":true,"href":"http:\/\/sol.fm.br\/radio\/wp-json\/wp\/v2\/tags?post=80124"}],"curies":[{"name":"wp","href":"https:\/\/api.w.org\/{rel}","templated":true}]}}