{"id":80131,"date":"2025-11-14T10:19:33","date_gmt":"2025-11-14T13:19:33","guid":{"rendered":"http:\/\/sol.fm.br\/radio\/?p=80131"},"modified":"2025-11-14T10:19:36","modified_gmt":"2025-11-14T13:19:36","slug":"2a-flitaq-mobiliza-cerca-de-6-mil-pessoas-em-taquara-e-destaca-intercambio-cultural-entre-brasil-e-angola","status":"publish","type":"post","link":"http:\/\/sol.fm.br\/radio\/2a-flitaq-mobiliza-cerca-de-6-mil-pessoas-em-taquara-e-destaca-intercambio-cultural-entre-brasil-e-angola\/","title":{"rendered":"2\u00aa Flitaq mobiliza cerca de 6 mil pessoas em Taquara e destaca interc\u00e2mbio cultural entre Brasil e Angola"},"content":{"rendered":"<div id=\"dslc-theme-content\"><div id=\"dslc-theme-content-inner\"><p dir=\"ltr\" style=\"text-align: center;\"><em>Programa\u00e7\u00e3o gratuita levou grandes nomes da literatura a centros culturais, escolas e pra\u00e7as durante sete dias de evento<\/em><\/p>\n<p>A Festa Liter\u00e1ria Internacional de Taquara, Flitaq, encerrou sua segunda edi\u00e7\u00e3o celebrando a diversidade, o afeto e o di\u00e1logo entre diferentes culturas. Realizada de 5 a 11 de novembro pelo Sesc\/RS e pela Prefeitura de Taquara, com apoio cultural da Faculdades Integradas de Taquara, Faccat, a programa\u00e7\u00e3o gratuita reuniu cerca de 6 mil pessoas em atividades que ocuparam pra\u00e7as, escolas e centros culturais do munic\u00edpio.<\/p>\n<p>Com o tema \u201cEntre Palavras e Paix\u00f5es\u201d, o evento refor\u00e7ou sua voca\u00e7\u00e3o como espa\u00e7o de forma\u00e7\u00e3o, encontro e troca liter\u00e1ria. A edi\u00e7\u00e3o deste ano ampliou o alcance internacional da Flitaq ao destacar a literatura angolana, representada por Ondjaki, um dos autores mais influentes de l\u00edngua portuguesa, e por Kanhanga, que aproximou o p\u00fablico de uma produ\u00e7\u00e3o marcada pela oralidade, pela m\u00fasica e pela performance. Entre os nomes brasileiros presentes estiveram Let\u00edcia Wierzchowski, Nat\u00e1lia Borges Polesso, Werner Sch\u00fcnemann, Eliane Marques, Jos\u00e9 Falero, Julia Dantas, Tino Freitas e Duda Falc\u00e3o, que participaram de mesas de debate, rodas de conversa, oficinas e a\u00e7\u00f5es formativas. A circula\u00e7\u00e3o de editoras e livrarias refor\u00e7ou o compromisso do evento com a promo\u00e7\u00e3o da leitura e com o fortalecimento do mercado do livro.<\/p>\n<p>Durante sete dias, o p\u00fablico acompanhou exposi\u00e7\u00f5es, lan\u00e7amentos, saraus, pain\u00e9is e atividades de media\u00e7\u00e3o de leitura. O encerramento ficou por conta do show de Chico C\u00e9sar, que levou seu formato voz e viol\u00e3o ao Centro de Eventos da Faccat, marcando a celebra\u00e7\u00e3o dos 30 anos do \u00e1lbum \"Aos Vivos\".<\/p>\n<p>Com presen\u00e7a internacional, grande ades\u00e3o do p\u00fablico e programa\u00e7\u00e3o diversa, a Flitaq se afirma como um dos eventos liter\u00e1rios mais relevantes do Rio Grande do Sul, fortalecendo Taquara como cidade promotora da leitura e da circula\u00e7\u00e3o de ideias. <em>\u201cA Flitaq consolida Taquara como um ponto de encontro entre diferentes express\u00f5es liter\u00e1rias. Nesta edi\u00e7\u00e3o, refor\u00e7amos a import\u00e2ncia da literatura como ferramenta de di\u00e1logo e aproxima\u00e7\u00e3o entre culturas. \u00c9 gratificante ver a comunidade ocupando os espa\u00e7os, participando das atividades e reconhecendo seu papel na constru\u00e7\u00e3o de um ambiente cultural vivo e plural\u201d<\/em>, destacou a diretora do Sesc Taquara, Fabiane Oliveira.<\/p>\n<p><strong>Arte Sesc \u2013<\/strong> \u00c9 um dos pilares priorit\u00e1rios para o Sesc\/RS e tem como prop\u00f3sitos a valoriza\u00e7\u00e3o da arte e a dissemina\u00e7\u00e3o da cultura para a sociedade de forma democr\u00e1tica e acess\u00edvel, com a\u00e7\u00f5es que proporcionem a forma\u00e7\u00e3o de plateias dos mais diferentes p\u00fablicos. Dessa forma, promove atividades culturais de teatro, m\u00fasica, artes pl\u00e1sticas, circo, literatura e cinema, com uma intensa troca de experi\u00eancias para ampliar o acesso \u00e0 produ\u00e7\u00e3o art\u00edstica.<\/p>\n<hr \/>\n<h6><strong>Moglia Comunica\u00e7\u00e3o Empresarial | Foto: Bruna Let\u00edcia<\/strong><\/h6>\n\n\n<center><iframe loading=\"lazy\" class=\"jmvplayer\" src=\"https:\/\/player.jmvstream.com\/lvw\/YYGWo5wfZuZ8fEW7Qoq1ISwhLSEDhU\" allowfullscreen allow=\"autoplay; fullscreen\" frameborder=\"0\" width=\"640\" height=\"360\" ><\/iframe><\/center>\n<\/div><\/div>","protected":false},"excerpt":{"rendered":"<p>Programa\u00e7\u00e3o gratuita levou grandes nomes da literatura a centros culturais, escolas e pra\u00e7as durante sete dias de evento A Festa Liter\u00e1ria Internacional de Taquara, Flitaq, encerrou sua segunda edi\u00e7\u00e3o celebrando a diversidade, o afeto e o di\u00e1logo entre diferentes culturas. Realizada de 5 a 11 de novembro pelo Sesc\/RS e pela Prefeitura de Taquara, com [&hellip;]<\/p>\n","protected":false},"author":4,"featured_media":80132,"comment_status":"open","ping_status":"open","sticky":false,"template":"","format":"standard","meta":{"footnotes":""},"categories":[1],"tags":[],"class_list":["post-80131","post","type-post","status-publish","format-standard","has-post-thumbnail","hentry","category-sem-categoria"],"_links":{"self":[{"href":"http:\/\/sol.fm.br\/radio\/wp-json\/wp\/v2\/posts\/80131","targetHints":{"allow":["GET"]}}],"collection":[{"href":"http:\/\/sol.fm.br\/radio\/wp-json\/wp\/v2\/posts"}],"about":[{"href":"http:\/\/sol.fm.br\/radio\/wp-json\/wp\/v2\/types\/post"}],"author":[{"embeddable":true,"href":"http:\/\/sol.fm.br\/radio\/wp-json\/wp\/v2\/users\/4"}],"replies":[{"embeddable":true,"href":"http:\/\/sol.fm.br\/radio\/wp-json\/wp\/v2\/comments?post=80131"}],"version-history":[{"count":1,"href":"http:\/\/sol.fm.br\/radio\/wp-json\/wp\/v2\/posts\/80131\/revisions"}],"predecessor-version":[{"id":80133,"href":"http:\/\/sol.fm.br\/radio\/wp-json\/wp\/v2\/posts\/80131\/revisions\/80133"}],"wp:featuredmedia":[{"embeddable":true,"href":"http:\/\/sol.fm.br\/radio\/wp-json\/wp\/v2\/media\/80132"}],"wp:attachment":[{"href":"http:\/\/sol.fm.br\/radio\/wp-json\/wp\/v2\/media?parent=80131"}],"wp:term":[{"taxonomy":"category","embeddable":true,"href":"http:\/\/sol.fm.br\/radio\/wp-json\/wp\/v2\/categories?post=80131"},{"taxonomy":"post_tag","embeddable":true,"href":"http:\/\/sol.fm.br\/radio\/wp-json\/wp\/v2\/tags?post=80131"}],"curies":[{"name":"wp","href":"https:\/\/api.w.org\/{rel}","templated":true}]}}