{"id":80134,"date":"2025-11-14T10:24:02","date_gmt":"2025-11-14T13:24:02","guid":{"rendered":"http:\/\/sol.fm.br\/radio\/?p=80134"},"modified":"2025-11-14T10:24:04","modified_gmt":"2025-11-14T13:24:04","slug":"espetaculo-starlight-concert-concertos-de-natal-sera-apresentado-na-faccat-no-dia-8-de-dezembro","status":"publish","type":"post","link":"http:\/\/sol.fm.br\/radio\/espetaculo-starlight-concert-concertos-de-natal-sera-apresentado-na-faccat-no-dia-8-de-dezembro\/","title":{"rendered":"Espet\u00e1culo Starlight Concert \u2013 Concertos de Natal ser\u00e1 apresentado na Faccat no dia 8 de dezembro"},"content":{"rendered":"<div id=\"dslc-theme-content\"><div id=\"dslc-theme-content-inner\"><p data-olk-copy-source=\"MessageBody\">O clima natalino vai tomar conta do Centro de Eventos da Faccat, em Taquara, no dia 8 de dezembro, a partir das 20 horas, com o espet\u00e1culo Starlight Concert \u2013 Concertos de Natal. O evento promete uma noite inesquec\u00edvel de m\u00fasica e emo\u00e7\u00e3o, unindo repert\u00f3rio cl\u00e1ssico e can\u00e7\u00f5es natalinas em um cen\u00e1rio m\u00e1gico e imersivo. Os ingressos j\u00e1 est\u00e3o \u00e0 venda no site\u00a0<a title=\"https:\/\/ingressodigital.com\/starlight\/evento\/18196\/starlight-concert-concerto-de-natal\" href=\"https:\/\/ingressodigital.com\/starlight\/evento\/18196\/starlight-concert-concerto-de-natal\" target=\"_blank\" rel=\"noreferrer noopener\" shape=\"rect\" data-auth=\"NotApplicable\" data-linkindex=\"0\">ingressodigital.com\/starlight,<\/a>\u00a0com valores que variam de R$ 60 a R$ 180. A dura\u00e7\u00e3o do concerto ser\u00e1 de aproximadamente 1h20min. A realiza\u00e7\u00e3o \u00e9 da Lune Produtora. Classifica\u00e7\u00e3o livre.<\/p>\n<p data-olk-copy-source=\"MessageBody\">\u00a0<\/p>\n<p><strong>Um espet\u00e1culo que une m\u00fasica, luz e emo\u00e7\u00e3o<\/strong><\/p>\n<p>O Starlight Concerts \u00e9 um projeto que reinventa a experi\u00eancia da m\u00fasica cl\u00e1ssica, transformando o palco em um ambiente encantador que remete a um c\u00e9u estrelado. As luzes cuidadosamente posicionadas e a ambienta\u00e7\u00e3o natalina criam uma atmosfera \u00fanica, convidando o p\u00fablico a mergulhar em uma jornada sensorial de som e luz.<\/p>\n<p>Com um quarteto formado por m\u00fasicos de orquestras renomadas de S\u00e3o Paulo, o espet\u00e1culo combina grandes obras da m\u00fasica cl\u00e1ssica com can\u00e7\u00f5es que marcaram gera\u00e7\u00f5es, como \u201cNoite Feliz\u201d, \u201cAdeste Fideles\u201d e \u201cJingle Bells\u201d.<\/p>\n<p>O concerto busca celebrar o verdadeiro esp\u00edrito do Natal , de esperan\u00e7a, amor e renova\u00e7\u00e3o, al\u00e9m de proporcionar momentos de conex\u00e3o e emo\u00e7\u00e3o ao p\u00fablico.<\/p>\n<p>O Starlight Concert se destaca pela interatividade. O espectador \u00e9 envolvido pela ambienta\u00e7\u00e3o e pela m\u00fasica de forma participativa, vivendo uma experi\u00eancia imersiva e inesquec\u00edvel.<\/p>\n<p>\u00a0<\/p>\n<p><strong>SERVI\u00c7O:<\/strong><\/p>\n<p><strong>O qu\u00ea:<\/strong>\u00a0Starlight Concert \u2013 Concertos de Natal<\/p>\n<p><strong>Onde<\/strong>: Centro de Eventos Faccat \u2013 Taquara<\/p>\n<p><strong>Quando:<\/strong>\u00a08 de dezembro (segunda-feira)<\/p>\n<p><strong>Hor\u00e1rio:<\/strong>\u00a020h<\/p>\n<p><strong>Ingressos:<\/strong>\u00a0<a title=\"http:\/\/ingressodigital.com\/starlight\" href=\"http:\/\/ingressodigital.com\/starlight\" target=\"_blank\" rel=\"noreferrer noopener\" shape=\"rect\" data-auth=\"NotApplicable\" data-linkindex=\"1\">ingressodigital.com\/starlight<\/a><\/p>\n<p><strong>Valores:<\/strong>\u00a0de R$ 60 a R$ 180<\/p>\n<p><strong>Dura\u00e7\u00e3o:<\/strong>\u00a0cerca de 1h20min<\/p>\n<p><strong>Classifica\u00e7\u00e3o:<\/strong>\u00a0livre<\/p>\n<p><strong><a title=\"https:\/\/ingressodigital.com\/starlight\/evento\/18196\/starlight-concert-concerto-de-natal\" href=\"https:\/\/ingressodigital.com\/starlight\/evento\/18196\/starlight-concert-concerto-de-natal\" target=\"_blank\" rel=\"noreferrer noopener\" shape=\"rect\" data-auth=\"NotApplicable\" data-linkindex=\"2\">INGRESSOS: CLIQUE AQUI<\/a><\/strong><\/p>\n<hr \/>\n<h6 data-olk-copy-source=\"MessageBody\"><strong>Faculdades Integradas de Taquara - Faccat | Assessoria de Imprensa - Faccat | <span style=\"font-size: revert; color: initial;\">Texto: Claucia F da Silva\/Faccat | <\/span><span style=\"font-size: revert; color: initial;\">Foto: Starlight\/ Divulga\u00e7\u00e3o<\/span><span style=\"font-size: revert; color: initial;\"><br \/><\/span><\/strong><\/h6>\n\n\n<center><iframe loading=\"lazy\" class=\"jmvplayer\" src=\"https:\/\/player.jmvstream.com\/lvw\/YYGWo5wfZuZ8fEW7Qoq1ISwhLSEDhU\" allowfullscreen allow=\"autoplay; fullscreen\" frameborder=\"0\" width=\"640\" height=\"360\" ><\/iframe><\/center>\n<\/div><\/div>","protected":false},"excerpt":{"rendered":"<p>O clima natalino vai tomar conta do Centro de Eventos da Faccat, em Taquara, no dia 8 de dezembro, a partir das 20 horas, com o espet\u00e1culo Starlight Concert \u2013 Concertos de Natal. O evento promete uma noite inesquec\u00edvel de m\u00fasica e emo\u00e7\u00e3o, unindo repert\u00f3rio cl\u00e1ssico e can\u00e7\u00f5es natalinas em um cen\u00e1rio m\u00e1gico e imersivo. [&hellip;]<\/p>\n","protected":false},"author":4,"featured_media":80135,"comment_status":"open","ping_status":"open","sticky":false,"template":"","format":"standard","meta":{"footnotes":""},"categories":[1],"tags":[],"class_list":["post-80134","post","type-post","status-publish","format-standard","has-post-thumbnail","hentry","category-sem-categoria"],"_links":{"self":[{"href":"http:\/\/sol.fm.br\/radio\/wp-json\/wp\/v2\/posts\/80134","targetHints":{"allow":["GET"]}}],"collection":[{"href":"http:\/\/sol.fm.br\/radio\/wp-json\/wp\/v2\/posts"}],"about":[{"href":"http:\/\/sol.fm.br\/radio\/wp-json\/wp\/v2\/types\/post"}],"author":[{"embeddable":true,"href":"http:\/\/sol.fm.br\/radio\/wp-json\/wp\/v2\/users\/4"}],"replies":[{"embeddable":true,"href":"http:\/\/sol.fm.br\/radio\/wp-json\/wp\/v2\/comments?post=80134"}],"version-history":[{"count":1,"href":"http:\/\/sol.fm.br\/radio\/wp-json\/wp\/v2\/posts\/80134\/revisions"}],"predecessor-version":[{"id":80136,"href":"http:\/\/sol.fm.br\/radio\/wp-json\/wp\/v2\/posts\/80134\/revisions\/80136"}],"wp:featuredmedia":[{"embeddable":true,"href":"http:\/\/sol.fm.br\/radio\/wp-json\/wp\/v2\/media\/80135"}],"wp:attachment":[{"href":"http:\/\/sol.fm.br\/radio\/wp-json\/wp\/v2\/media?parent=80134"}],"wp:term":[{"taxonomy":"category","embeddable":true,"href":"http:\/\/sol.fm.br\/radio\/wp-json\/wp\/v2\/categories?post=80134"},{"taxonomy":"post_tag","embeddable":true,"href":"http:\/\/sol.fm.br\/radio\/wp-json\/wp\/v2\/tags?post=80134"}],"curies":[{"name":"wp","href":"https:\/\/api.w.org\/{rel}","templated":true}]}}