{"id":80150,"date":"2025-11-17T09:50:54","date_gmt":"2025-11-17T12:50:54","guid":{"rendered":"http:\/\/sol.fm.br\/radio\/?p=80150"},"modified":"2025-11-17T09:50:56","modified_gmt":"2025-11-17T12:50:56","slug":"alergias-e-doencas-imunologicas-em-criancas-estarao-em-foco-no-xiii-alergoped-gaucho","status":"publish","type":"post","link":"http:\/\/sol.fm.br\/radio\/alergias-e-doencas-imunologicas-em-criancas-estarao-em-foco-no-xiii-alergoped-gaucho\/","title":{"rendered":"Alergias e doen\u00e7as imunol\u00f3gicas em crian\u00e7as estar\u00e3o em foco no XIII Alergoped Ga\u00facho"},"content":{"rendered":"<div id=\"dslc-theme-content\"><div id=\"dslc-theme-content-inner\"><p style=\"text-align: center;\"><i data-olk-copy-source=\"MessageBody\">Simp\u00f3sio da SPRS reunir\u00e1 especialistas em Novo Hamburgo para discutir avan\u00e7os no diagn\u00f3stico e tratamento das doen\u00e7as pedi\u00e1tricas<\/i><\/p>\n<div>\n<p>O aumento dos casos de alergias, doen\u00e7as autoimunes e condi\u00e7\u00f5es imunomediadas entre crian\u00e7as e adolescentes tem acendido um alerta entre pediatras e profissionais da sa\u00fade. O cuidado com o sistema imunol\u00f3gico na inf\u00e2ncia exige atualiza\u00e7\u00e3o constante, diagn\u00f3stico precoce e tratamento multidisciplinar. Nesse contexto, o XIII Alergoped Ga\u00facho \u2013 Simp\u00f3sio Ga\u00facho de Alergia, Imunologia e Reumatologia Pedi\u00e1tricas reunir\u00e1, nos dias 28 e 29 de novembro, em Novo Hamburgo, especialistas dedicados a debater as principais novidades e pr\u00e1ticas cl\u00ednicas dessas \u00e1reas.<\/p>\n<p>Promovido pela Sociedade de Pediatria do Rio Grande do Sul (SPRS), o evento ser\u00e1 realizado no Audit\u00f3rio do Pr\u00e9dio Azul da Universidade Feevale \u2013 Campus 2 e reunir\u00e1 pediatras, residentes e demais profissionais interessados em aprimorar seus conhecimentos sobre doen\u00e7as imunomediadas, al\u00e9rgicas e reumatol\u00f3gicas na inf\u00e2ncia e adolesc\u00eancia.<\/p>\n<p>Reconhecido como um dos principais encontros cient\u00edficos da pediatria ga\u00facha, o Alergoped Ga\u00facho destaca-se pela proposta de integrar conhecimento te\u00f3rico e pr\u00e1tica cl\u00ednica. A edi\u00e7\u00e3o de 2025 marca o retorno do simp\u00f3sio ao interior do Estado, refor\u00e7ando o compromisso da SPRS com a descentraliza\u00e7\u00e3o da atualiza\u00e7\u00e3o m\u00e9dica e o fortalecimento da rede de cuidado infantil em todo o Rio Grande do Sul.<\/p>\n<p>A programa\u00e7\u00e3o abordar\u00e1 temas como urtic\u00e1ria, anafilaxia, dermatites, imunoterapia, erros inatos da imunidade, novas vacinas, uso de imunobiol\u00f3gicos na asma e vasculites pedi\u00e1tricas. Tamb\u00e9m est\u00e3o previstas esta\u00e7\u00f5es cl\u00ednicas pr\u00e1ticas, com simula\u00e7\u00f5es sobre anafilaxia, alergias alimentares, dermatite de contato, rinite e testes de puntura, aproximando o conte\u00fado da viv\u00eancia real dos consult\u00f3rios e hospitais.<\/p>\n<p>As inscri\u00e7\u00f5es seguem abertas e podem ser realizadas no site oficial da SPRS, onde est\u00e1 dispon\u00edvel a programa\u00e7\u00e3o completa\u00a0<a title=\"https:\/\/www.sprs.com.br\/hotsites\/home\/index.php?iddositeget=70\" href=\"https:\/\/www.sprs.com.br\/hotsites\/home\/index.php?iddositeget=70\" target=\"_blank\" rel=\"noreferrer noopener\" data-auth=\"NotApplicable\" data-linkindex=\"1\">https:\/\/www.sprs.com.br\/hotsites\/home\/index.php?iddositeget=70<\/a>\u00a0<\/p>\n<p>\u00a0<\/p>\n<\/div>\n<div><strong>Sobre a Sociedade de Pediatria do RS<\/strong><br \/><br \/>A Sociedade de Pediatria do Rio Grande do Sul foi fundada em 25 de junho de 1936 com o nome de Sociedade de Pediatria e Puericultura do Rio Grande do Sul pelo Prof. Raul Moreira e um grupo de m\u00e9dicos precursores da forma\u00e7\u00e3o pedi\u00e1trica no Estado. A entidade cresceu e se desenvolveu com o esp\u00edrito de seus idealizadores, que, preocupados com os avan\u00e7os da \u00e1rea m\u00e9dica e da pr\u00f3pria especialidade, uniram esfor\u00e7os na constru\u00e7\u00e3o de uma entidade que congregasse os colegas que a cada ano se multiplicavam no atendimento espec\u00edfico da popula\u00e7\u00e3o infantil. Atualmente conta com cerca de 1.750 s\u00f3cios, e se constitui em orgulho para a classe m\u00e9dica brasileira e, em especial, para a fam\u00edlia pedi\u00e1trica.<\/div>\n<hr \/>\n<h6><strong>PlayPress | SPRS - Sociedade de Pediatria do Rio Grande do Sul | Reda\u00e7\u00e3o: Marcelo Matusiak<\/strong><\/h6>\n\n\n<center><iframe loading=\"lazy\" class=\"jmvplayer\" src=\"https:\/\/player.jmvstream.com\/lvw\/YYGWo5wfZuZ8fEW7Qoq1ISwhLSEDhU\" allowfullscreen allow=\"autoplay; fullscreen\" frameborder=\"0\" width=\"640\" height=\"360\" ><\/iframe><\/center>\n<\/div><\/div>","protected":false},"excerpt":{"rendered":"<p>Simp\u00f3sio da SPRS reunir\u00e1 especialistas em Novo Hamburgo para discutir avan\u00e7os no diagn\u00f3stico e tratamento das doen\u00e7as pedi\u00e1tricas O aumento dos casos de alergias, doen\u00e7as autoimunes e condi\u00e7\u00f5es imunomediadas entre crian\u00e7as e adolescentes tem acendido um alerta entre pediatras e profissionais da sa\u00fade. O cuidado com o sistema imunol\u00f3gico na inf\u00e2ncia exige atualiza\u00e7\u00e3o constante, diagn\u00f3stico [&hellip;]<\/p>\n","protected":false},"author":4,"featured_media":80151,"comment_status":"open","ping_status":"open","sticky":false,"template":"","format":"standard","meta":{"footnotes":""},"categories":[1],"tags":[],"class_list":["post-80150","post","type-post","status-publish","format-standard","has-post-thumbnail","hentry","category-sem-categoria"],"_links":{"self":[{"href":"http:\/\/sol.fm.br\/radio\/wp-json\/wp\/v2\/posts\/80150","targetHints":{"allow":["GET"]}}],"collection":[{"href":"http:\/\/sol.fm.br\/radio\/wp-json\/wp\/v2\/posts"}],"about":[{"href":"http:\/\/sol.fm.br\/radio\/wp-json\/wp\/v2\/types\/post"}],"author":[{"embeddable":true,"href":"http:\/\/sol.fm.br\/radio\/wp-json\/wp\/v2\/users\/4"}],"replies":[{"embeddable":true,"href":"http:\/\/sol.fm.br\/radio\/wp-json\/wp\/v2\/comments?post=80150"}],"version-history":[{"count":1,"href":"http:\/\/sol.fm.br\/radio\/wp-json\/wp\/v2\/posts\/80150\/revisions"}],"predecessor-version":[{"id":80152,"href":"http:\/\/sol.fm.br\/radio\/wp-json\/wp\/v2\/posts\/80150\/revisions\/80152"}],"wp:featuredmedia":[{"embeddable":true,"href":"http:\/\/sol.fm.br\/radio\/wp-json\/wp\/v2\/media\/80151"}],"wp:attachment":[{"href":"http:\/\/sol.fm.br\/radio\/wp-json\/wp\/v2\/media?parent=80150"}],"wp:term":[{"taxonomy":"category","embeddable":true,"href":"http:\/\/sol.fm.br\/radio\/wp-json\/wp\/v2\/categories?post=80150"},{"taxonomy":"post_tag","embeddable":true,"href":"http:\/\/sol.fm.br\/radio\/wp-json\/wp\/v2\/tags?post=80150"}],"curies":[{"name":"wp","href":"https:\/\/api.w.org\/{rel}","templated":true}]}}