{"id":80153,"date":"2025-11-17T10:11:08","date_gmt":"2025-11-17T13:11:08","guid":{"rendered":"http:\/\/sol.fm.br\/radio\/?p=80153"},"modified":"2025-11-17T10:11:11","modified_gmt":"2025-11-17T13:11:11","slug":"neurosul-destaca-integracao-e-avancos-na-neurologia-e-neurocirurgia-do-rio-grande-do-sul","status":"publish","type":"post","link":"http:\/\/sol.fm.br\/radio\/neurosul-destaca-integracao-e-avancos-na-neurologia-e-neurocirurgia-do-rio-grande-do-sul\/","title":{"rendered":"NeuroSul destaca integra\u00e7\u00e3o e avan\u00e7os na Neurologia e Neurocirurgia do Rio Grande do Sul"},"content":{"rendered":"<div id=\"dslc-theme-content\"><div id=\"dslc-theme-content-inner\"><p style=\"text-align: center;\"><i data-olk-copy-source=\"MessageBody\">Com apoio da AMRIGS, evento re\u00fane especialistas e valoriza a ci\u00eancia e a pr\u00e1tica profissional<\/i><\/p>\n<div>\n<div>As doen\u00e7as neurol\u00f3gicas est\u00e3o entre as principais causas de incapacidade no mundo, impactando profundamente a autonomia, o bem-estar e a rotina de milhares de pessoas. Com o prop\u00f3sito de transformar esse cen\u00e1rio por meio do conhecimento e da pr\u00e1tica m\u00e9dica, o Congresso de Neurologia e Neurocirurgia do Rio Grande do Sul (NeuroSul) reafirma sua import\u00e2ncia ao promover atualiza\u00e7\u00e3o cient\u00edfica, troca de experi\u00eancias e integra\u00e7\u00e3o entre diferentes especialidades. Reconhecido como um dos mais tradicionais encontros m\u00e9dicos do Estado, o evento conta com o apoio institucional da Associa\u00e7\u00e3o M\u00e9dica do Rio Grande do Sul (AMRIGS) e re\u00fane profissionais dedicados a aperfei\u00e7oar o diagn\u00f3stico, o tratamento e o cuidado aos pacientes com doen\u00e7as do sistema nervoso.<\/div>\n<div aria-hidden=\"true\">\u00a0<\/div>\n<div>A expectativa \u00e9 receber entre 400 e 500 participantes, incluindo m\u00e9dicos, residentes e acad\u00eamicos, em uma programa\u00e7\u00e3o que combina ci\u00eancia, troca de experi\u00eancias e forma\u00e7\u00e3o continuada. <em>\u201cO NeuroSul \u00e9 um evento j\u00e1 consolidado no calend\u00e1rio da Neurologia e da Neurocirurgia ga\u00facha. Re\u00fane colegas de diferentes regi\u00f5es e promove n\u00e3o apenas o congra\u00e7amento, mas tamb\u00e9m a atualiza\u00e7\u00e3o em temas relevantes e o compartilhamento de conhecimento\u201d<\/em>, destacou o membro da Comiss\u00e3o Organizadora, Dr. Andr\u00e9 Palmeira.<\/div>\n<div aria-hidden=\"true\">\u00a0<\/div>\n<div>O congresso tamb\u00e9m se destaca pela ampla participa\u00e7\u00e3o acad\u00eamica, com 205 trabalhos cient\u00edficos submetidos por alunos de gradua\u00e7\u00e3o, p\u00f3s-gradua\u00e7\u00e3o e profissionais de diversas institui\u00e7\u00f5es.<\/div>\n<div aria-hidden=\"true\">\u00a0<\/div>\n<div><em>\u201cDesses, ser\u00e3o selecionados os melhores para apresenta\u00e7\u00e3o oral e, entre eles, os destaques nas \u00e1reas de Neurologia e Neurocirurgia receber\u00e3o premia\u00e7\u00e3o especial. O objetivo \u00e9 reconhecer a produ\u00e7\u00e3o cient\u00edfica e incentivar o desenvolvimento acad\u00eamico de novos talentos\u201d<\/em>, explicou o Dr. Palmeira.<\/div>\n<div aria-hidden=\"true\">\u00a0<\/div>\n<div>Com uma proposta que valoriza a interdisciplinaridade e o di\u00e1logo entre diferentes frentes da sa\u00fade, o NeuroSul 2025 conta com o apoio do Departamento de Ligas da Sociedade de Neurologia, do Departamento de Filosofia, al\u00e9m de laborat\u00f3rios, ind\u00fastrias farmac\u00eauticas e de materiais cir\u00fargicos, e associa\u00e7\u00f5es de pacientes, como a Associa\u00e7\u00e3o Regional de Parkinson do Rio Grande do Sul e a Associa\u00e7\u00e3o Regional de Esclerose Lateral Amiotr\u00f3fica. \u201c<em>\u00c9 um evento que congrega diversos setores e fortalece a uni\u00e3o entre ci\u00eancia, pr\u00e1tica cl\u00ednica e cuidado ao paciente\u201d<\/em>, completou o Dr. Palmeira.<\/div>\n<div aria-hidden=\"true\">\u00a0<\/div>\n<div><strong>Cefaleia ganha protagonismo com novos estudos e abordagens integradas<\/strong><\/div>\n<div aria-hidden=\"true\">\u00a0<\/div>\n<div>O tema da cefaleia ser\u00e1 um dos destaques do evento, trazendo \u00e0 tona a import\u00e2ncia de reconhecer e tratar a condi\u00e7\u00e3o de forma ampla e baseada em evid\u00eancias. Muitas vezes subestimada e conduzida apenas como um sintoma isolado, a dor de cabe\u00e7a ser\u00e1 debatida \u00e0 luz dos protocolos atuais de tratamento, com a apresenta\u00e7\u00e3o de resultados do Registro Brasileiro de Cefaleia (REBRACEF) e uma pr\u00e9via do primeiro estudo sobre o tema em andamento na Am\u00e9rica Latina. A tem\u00e1tica ser\u00e1 conduzida pela m\u00e9dica Dra. Vanise Grassi, que \u00e9 coordenadora do REBRACEF.<\/div>\n<div>\u00a0<\/div>\n<div><img loading=\"lazy\" decoding=\"async\" class=\"size-medium wp-image-80155 alignleft\" src=\"http:\/\/sol.fm.br\/radio\/wp-content\/uploads\/2025\/11\/1.1-1-400x300.jpg\" alt=\"\" width=\"400\" height=\"300\" srcset=\"http:\/\/sol.fm.br\/radio\/wp-content\/uploads\/2025\/11\/1.1-1-400x300.jpg 400w, http:\/\/sol.fm.br\/radio\/wp-content\/uploads\/2025\/11\/1.1-1-768x576.jpg 768w, http:\/\/sol.fm.br\/radio\/wp-content\/uploads\/2025\/11\/1.1-1-1536x1152.jpg 1536w, http:\/\/sol.fm.br\/radio\/wp-content\/uploads\/2025\/11\/1.1-1-2048x1536.jpg 2048w\" sizes=\"auto, (max-width: 400px) 100vw, 400px\" \/><\/div>\n<div>Essa iniciativa pioneira da Sociedade Brasileira de Cefaleia (SBCe) visa mapear os pacientes atendidos com diagn\u00f3stico de dor de cabe\u00e7a em centros especializados nas cinco macrorregi\u00f5es do pa\u00eds. \u00c9 o primeiro registro nacional com dados longitudinais permitindo um acompanhamento detalhado das caracter\u00edsticas das doen\u00e7as e sua evolu\u00e7\u00e3o ao longo do tempo. Um dos objetivos centrais \u00e9 avaliar a efetividade dos diversos tratamentos utilizados, gerando informa\u00e7\u00f5es essenciais para refor\u00e7ar as boas pr\u00e1ticas cl\u00ednicas e aprimorar o cuidado dos pacientes brasileiros, considerando suas particularidades regionais.\u00a0<\/div>\n<div aria-hidden=\"true\">\u00a0<\/div>\n<div>O Simp\u00f3sio de Epidemiologia e Ci\u00eancia de Dados em Cefaleia, que ocorrer\u00e1 dentro do evento, vai oportunizar o encontro dos pesquisadores do registro para discutir a otimiza\u00e7\u00e3o da coleta de dados, incluindo entrevistas cl\u00ednicas mais precisas e exames f\u00edsicos direcionados. Essa integra\u00e7\u00e3o fortalece a conex\u00e3o entre pesquisa e pr\u00e1tica cl\u00ednica, ampliando o acesso ao conhecimento e consolidando o NeuroSul como um espa\u00e7o de excel\u00eancia para a forma\u00e7\u00e3o, atualiza\u00e7\u00e3o de toda a comunidade acad\u00eamica e profissional da Neurologia e Neurocirurgia.<\/div>\n<div aria-hidden=\"true\">\u00a0<\/div>\n<div>Mais informa\u00e7\u00f5es sobre o evento est\u00e3o dispon\u00edveis no link\u00a0<a title=\"http:\/\/www.amrigs.org.br\/_agenda-amrigs\/neurosul-2025\/\" href=\"http:\/\/www.amrigs.org.br\/_agenda-amrigs\/neurosul-2025\/\" target=\"_blank\" rel=\"noreferrer noopener\" shape=\"rect\" data-auth=\"NotApplicable\" data-linkindex=\"0\">www.amrigs.org.br\/_agenda-amrigs\/neurosul-2025\/<\/a>\u00a0\u00a0<\/div>\n<div aria-hidden=\"true\">\u00a0<\/div>\n<div>\u00a0<\/div>\n<\/div>\n<div><strong>Sobre a AMRIGS<\/strong><br clear=\"none\" \/>\n<div class=\"x_yiv5520475563ydp2d76c37eyiv3399149258elementor-element x_yiv5520475563ydp2d76c37eyiv3399149258elementor-element-83e6b3c x_yiv5520475563ydp2d76c37eyiv3399149258elementor-widget x_yiv5520475563ydp2d76c37eyiv3399149258elementor-widget-text-editor\">\n<div class=\"x_yiv5520475563ydp2d76c37eyiv3399149258elementor-widget-container\">\n<p>A Associa\u00e7\u00e3o M\u00e9dica do Rio Grande do Sul \u00e9 uma organiza\u00e7\u00e3o sem fins lucrativos voltada para a atualiza\u00e7\u00e3o do conhecimento t\u00e9cnico-cient\u00edfico e para a realiza\u00e7\u00e3o de debates cient\u00edfico-culturais relacionados \u00e0 sa\u00fade, \u00e0 Medicina e \u00e0 vida profissional. Desde o momento de sua funda\u00e7\u00e3o em 1951, a AMRIGS integra a vida do m\u00e9dico em todas as etapas da profiss\u00e3o, tendo como objetivos:<\/p>\n<\/div>\n<\/div>\n<div class=\"x_yiv5520475563ydp2d76c37eyiv3399149258elementor-element x_yiv5520475563ydp2d76c37eyiv3399149258elementor-element-f227bbf x_yiv5520475563ydp2d76c37eyiv3399149258elementor-align-left x_yiv5520475563ydp2d76c37eyiv3399149258elementor-icon-list--layout-traditional x_yiv5520475563ydp2d76c37eyiv3399149258elementor-list-item-link-full_width x_yiv5520475563ydp2d76c37eyiv3399149258elementor-widget x_yiv5520475563ydp2d76c37eyiv3399149258elementor-widget-icon-list\">\n<div class=\"x_yiv5520475563ydp2d76c37eyiv3399149258elementor-widget-container\">\n<ul class=\"x_yiv5520475563ydp2d76c37eyiv3399149258elementor-icon-list-items\">\n<li class=\"x_yiv5520475563ydp2d76c37eyiv3399149258elementor-icon-list-item\"><span class=\"x_yiv5520475563ydp2d76c37eyiv3399149258elementor-icon-list-text\">Fomentar a ci\u00eancia e a cultura m\u00e9dica;<\/span><\/li>\n<li class=\"x_yiv5520475563ydp2d76c37eyiv3399149258elementor-icon-list-item\"><span class=\"x_yiv5520475563ydp2d76c37eyiv3399149258elementor-icon-list-text\">Promover a defesa profissional;<\/span><\/li>\n<li class=\"x_yiv5520475563ydp2d76c37eyiv3399149258elementor-icon-list-item\"><span class=\"x_yiv5520475563ydp2d76c37eyiv3399149258elementor-icon-list-text\">Fortalecer o associativismo e a representatividade m\u00e9dica;<\/span><\/li>\n<li class=\"x_yiv5520475563ydp2d76c37eyiv3399149258elementor-icon-list-item\"><span class=\"x_yiv5520475563ydp2d76c37eyiv3399149258elementor-icon-list-text\">Ser influenciadora como entidade protagonista de a\u00e7\u00f5es em prol da sa\u00fade.<\/span><\/li>\n<\/ul>\n<hr \/>\n<h6><strong>PlayPress | AMRIGS - Associa\u00e7\u00e3o M\u00e9dica do Rio Grande do Sul | Reda\u00e7\u00e3o: Marcelo Matusiak<\/strong><\/h6>\n<\/div>\n<\/div>\n<\/div>\n\n\n<center><iframe loading=\"lazy\" class=\"jmvplayer\" src=\"https:\/\/player.jmvstream.com\/lvw\/YYGWo5wfZuZ8fEW7Qoq1ISwhLSEDhU\" allowfullscreen allow=\"autoplay; fullscreen\" frameborder=\"0\" width=\"640\" height=\"360\" ><\/iframe><\/center>\n<\/div><\/div>","protected":false},"excerpt":{"rendered":"<p>Com apoio da AMRIGS, evento re\u00fane especialistas e valoriza a ci\u00eancia e a pr\u00e1tica profissional As doen\u00e7as neurol\u00f3gicas est\u00e3o entre as principais causas de incapacidade no mundo, impactando profundamente a autonomia, o bem-estar e a rotina de milhares de pessoas. Com o prop\u00f3sito de transformar esse cen\u00e1rio por meio do conhecimento e da pr\u00e1tica m\u00e9dica, [&hellip;]<\/p>\n","protected":false},"author":4,"featured_media":80154,"comment_status":"open","ping_status":"open","sticky":false,"template":"","format":"standard","meta":{"footnotes":""},"categories":[1],"tags":[],"class_list":["post-80153","post","type-post","status-publish","format-standard","has-post-thumbnail","hentry","category-sem-categoria"],"_links":{"self":[{"href":"http:\/\/sol.fm.br\/radio\/wp-json\/wp\/v2\/posts\/80153","targetHints":{"allow":["GET"]}}],"collection":[{"href":"http:\/\/sol.fm.br\/radio\/wp-json\/wp\/v2\/posts"}],"about":[{"href":"http:\/\/sol.fm.br\/radio\/wp-json\/wp\/v2\/types\/post"}],"author":[{"embeddable":true,"href":"http:\/\/sol.fm.br\/radio\/wp-json\/wp\/v2\/users\/4"}],"replies":[{"embeddable":true,"href":"http:\/\/sol.fm.br\/radio\/wp-json\/wp\/v2\/comments?post=80153"}],"version-history":[{"count":1,"href":"http:\/\/sol.fm.br\/radio\/wp-json\/wp\/v2\/posts\/80153\/revisions"}],"predecessor-version":[{"id":80156,"href":"http:\/\/sol.fm.br\/radio\/wp-json\/wp\/v2\/posts\/80153\/revisions\/80156"}],"wp:featuredmedia":[{"embeddable":true,"href":"http:\/\/sol.fm.br\/radio\/wp-json\/wp\/v2\/media\/80154"}],"wp:attachment":[{"href":"http:\/\/sol.fm.br\/radio\/wp-json\/wp\/v2\/media?parent=80153"}],"wp:term":[{"taxonomy":"category","embeddable":true,"href":"http:\/\/sol.fm.br\/radio\/wp-json\/wp\/v2\/categories?post=80153"},{"taxonomy":"post_tag","embeddable":true,"href":"http:\/\/sol.fm.br\/radio\/wp-json\/wp\/v2\/tags?post=80153"}],"curies":[{"name":"wp","href":"https:\/\/api.w.org\/{rel}","templated":true}]}}