{"id":80157,"date":"2025-11-17T10:25:35","date_gmt":"2025-11-17T13:25:35","guid":{"rendered":"http:\/\/sol.fm.br\/radio\/?p=80157"},"modified":"2025-11-17T10:25:37","modified_gmt":"2025-11-17T13:25:37","slug":"governo-apresenta-projeto-de-rastreabilidade-bovina-e-destaca-sustentabilidade-da-pecuaria-do-rs-na-cop30","status":"publish","type":"post","link":"http:\/\/sol.fm.br\/radio\/governo-apresenta-projeto-de-rastreabilidade-bovina-e-destaca-sustentabilidade-da-pecuaria-do-rs-na-cop30\/","title":{"rendered":"Governo apresenta projeto de rastreabilidade bovina e destaca sustentabilidade da pecu\u00e1ria do RS na COP30"},"content":{"rendered":"<div id=\"dslc-theme-content\"><div id=\"dslc-theme-content-inner\"><p style=\"text-align: center;\"><i data-olk-copy-source=\"MessageBody\">Dados do levantamento \"O Corre do MEI\", realizado pela MaisMei, tamb\u00e9m detalham o perfil m\u00e9dio das microempreendedoras brasileiras<\/i><\/p>\n<div>\n<p>O Dia Mundial do Empreendedorismo Feminino \u00e9 celebrado anualmente em 19 de novembro e, no Brasil, a consolida\u00e7\u00e3o do MEI (microempreendedor individual) vem promovendo avan\u00e7os concretos para a democratiza\u00e7\u00e3o de oportunidades e independ\u00eancia financeira para as mulheres. A \u00faltima edi\u00e7\u00e3o da pesquisa \u201cO Corre do MEI\u201d, realizada pela MaisMei, que auxilia e descomplica a gest\u00e3o dos neg\u00f3cios atrav\u00e9s do seu SuperApp, revelou o perfil m\u00e9dio das microempreendedoras e o protagonismo delas em setores essenciais como o com\u00e9rcio. Segundo o levantamento, dos cerca de 16 milh\u00f5es de CNPJs MEI ativos no pa\u00eds, 44% s\u00e3o de mulheres. Entre elas, o setor de vendas aparece como o mais representativo: 27,8% atuam nesse segmento. Servi\u00e7os de beleza e est\u00e9tica (16,76%) e alimenta\u00e7\u00e3o (14,96%) tamb\u00e9m possuem forte participa\u00e7\u00e3o das mulheres.\u00a0<\/p>\n<p>No recorte de ra\u00e7a, 53,9% das empreendedoras se identificam como negras (incluindo 42,1% que se consideram pardas) e 43,3% como brancas. O n\u00edvel educacional tamb\u00e9m chama aten\u00e7\u00e3o: 37,6% t\u00eam ensino m\u00e9dio e 20,9% t\u00eam ensino superior, com maioria concentrada na faixa dos 35 a 44 anos (31,7%). Segundo K\u00e1lyta Caetano, contadora especializada em MEI na MaisMei, esse contexto mostra que muitas mulheres iniciam seus neg\u00f3cios j\u00e1 com uma base s\u00f3lida de conhecimento.\u00a0<\/p>\n<p><em>\u201cO conceito de independ\u00eancia financeira impulsiona a transforma\u00e7\u00e3o de milhares de mulheres no Brasil. Ao empreenderem, elas rompem ciclos de depend\u00eancia com liberdade e autonomia. O MEI, com menos impostos e burocracia, fortalece essa jornada ao valorizar o m\u00e9rito, a iniciativa individual e o direito de crescer com seguran\u00e7a e sustentabilidade.N\u00e3o \u00e0 toa, a formaliza\u00e7\u00e3o dessas empreendedoras em um regime que exige impostos menores se torna crucial para garantir a sustentabilidade dessas atividades e os benef\u00edcios previdenci\u00e1rios importantes, como aposentadoria e sal\u00e1rio-maternidade<\/em>\u201d, afirma.\u00a0<\/p>\n<p>Mesmo assim, algumas barreiras ainda precisam ser superadas, aponta K\u00e1lyta, sendo a desigualdade salarial a principal delas. A pesquisa revelou que, atualmente, a faixa de faturamento mensal mais expressiva entre mulheres MEI \u00e9 de at\u00e9 4 mil reais, sendo que 23,2% faturam menos que 2 mil reais, e 26,6% entre 2 mil e 4 mil reais.<\/p>\n<p>\u00a0\u201c<em>Chama a aten\u00e7\u00e3o que a desigualdade salarial \u00e9 muito grande quando comparada aos homens, mesmo quando h\u00e1 maior preparo profissional por parte das mulheres. Nossos dados mostraram que, entre os microempreendedores individuais do Brasil, mais de 20% das mulheres possuem o ensino superior completo, enquanto apenas 8,8% dos homens alcan\u00e7am esse n\u00edvel de escolaridade. Mas enquanto 33,1% dos homens t\u00eam rendimentos superiores a 4 mil reais, somente 16,3% das mulheres faturam acima desse valor com suas atividades<\/em>\u201d, ressalta a especialista da MaisMei.\u00a0<\/p>\n<p>Considerando rendimentos acima de 6 mil reais mensais, 11,3% dos homens microempreendedores est\u00e3o neste patamar, comparado a apenas 4,9% das mulheres.\u00a0<\/p>\n<p><strong>Por que ser MEI?<\/strong><\/p>\n<p>As motiva\u00e7\u00f5es que levam as mulheres ao empreendedorismo tamb\u00e9m foram analisadas pela pesquisa: a microempreendedora individual \u00e9 impulsionada principalmente pela <em>\u201cvontade de ter seu pr\u00f3prio neg\u00f3cio<\/em>\u201d (26,11%), refletindo o desejo de autonomia. A \u201c<em>formaliza\u00e7\u00e3o<\/em>\u201d (18,99%) surge tamb\u00e9m como um passo essencial para legitimar suas atividades no mercado, enquanto o aumento da renda (10,65%) evidencia a busca por melhores condi\u00e7\u00f5es financeiras. A \u201c<em>flexibilidade de hor\u00e1rios<\/em>\u201d (7,70%) e os \u201c<em>benef\u00edcios fiscais e INSS\u201d<\/em> (7,15%) ressaltam a busca por seguran\u00e7a financeira. 29,39% responderam ter \"<em>outros motivos<\/em>\", sem especificar.\u00a0<\/p>\n<p>Ainda segundo a MaisMei, 39,5% das empreendedoras dedicam menos de 20 horas semanais ao neg\u00f3cio, o que pode indicar uma sobrecarga de responsabilidades ou a necessidade de equil\u00edbrio com a vida pessoal, fazendo com que muitas tenham jornadas duplas ou triplas de trabalho. <em>\u201cAo mesmo tempo em que celebramos os avan\u00e7os promovidos por iniciativas como o MEI para o empreendedorismo feminino, \u00e9 importante refor\u00e7ar que ainda existe uma grande necessidade de pol\u00edticas p\u00fablicas e iniciativas de suporte mais direcionadas, que n\u00e3o apenas reconhe\u00e7am a contribui\u00e7\u00e3o dessas mulheres \u00e0 economia, mas tamb\u00e9m trabalhem para diminuir as barreiras que enfrentam<\/em>\u201d, ressalta.<\/p>\n<p>O levantamento \u201cO Corre do MEI\u201d contou com uma amostra de 5.640 respondentes, alcan\u00e7ando um n\u00edvel de confian\u00e7a de 99% e uma margem de erro de 2%.<\/p>\n<hr \/>\n<h6><strong>Compliance Comunica\u00e7\u00e3o<\/strong><\/h6>\n<\/div>\n\n\n<center><iframe loading=\"lazy\" class=\"jmvplayer\" src=\"https:\/\/player.jmvstream.com\/lvw\/YYGWo5wfZuZ8fEW7Qoq1ISwhLSEDhU\" allowfullscreen allow=\"autoplay; fullscreen\" frameborder=\"0\" width=\"640\" height=\"360\" ><\/iframe><\/center>\n<\/div><\/div>","protected":false},"excerpt":{"rendered":"<p>Dados do levantamento \"O Corre do MEI\", realizado pela MaisMei, tamb\u00e9m detalham o perfil m\u00e9dio das microempreendedoras brasileiras O Dia Mundial do Empreendedorismo Feminino \u00e9 celebrado anualmente em 19 de novembro e, no Brasil, a consolida\u00e7\u00e3o do MEI (microempreendedor individual) vem promovendo avan\u00e7os concretos para a democratiza\u00e7\u00e3o de oportunidades e independ\u00eancia financeira para as mulheres. [&hellip;]<\/p>\n","protected":false},"author":4,"featured_media":80158,"comment_status":"open","ping_status":"open","sticky":false,"template":"","format":"standard","meta":{"footnotes":""},"categories":[1],"tags":[],"class_list":["post-80157","post","type-post","status-publish","format-standard","has-post-thumbnail","hentry","category-sem-categoria"],"_links":{"self":[{"href":"http:\/\/sol.fm.br\/radio\/wp-json\/wp\/v2\/posts\/80157","targetHints":{"allow":["GET"]}}],"collection":[{"href":"http:\/\/sol.fm.br\/radio\/wp-json\/wp\/v2\/posts"}],"about":[{"href":"http:\/\/sol.fm.br\/radio\/wp-json\/wp\/v2\/types\/post"}],"author":[{"embeddable":true,"href":"http:\/\/sol.fm.br\/radio\/wp-json\/wp\/v2\/users\/4"}],"replies":[{"embeddable":true,"href":"http:\/\/sol.fm.br\/radio\/wp-json\/wp\/v2\/comments?post=80157"}],"version-history":[{"count":1,"href":"http:\/\/sol.fm.br\/radio\/wp-json\/wp\/v2\/posts\/80157\/revisions"}],"predecessor-version":[{"id":80159,"href":"http:\/\/sol.fm.br\/radio\/wp-json\/wp\/v2\/posts\/80157\/revisions\/80159"}],"wp:featuredmedia":[{"embeddable":true,"href":"http:\/\/sol.fm.br\/radio\/wp-json\/wp\/v2\/media\/80158"}],"wp:attachment":[{"href":"http:\/\/sol.fm.br\/radio\/wp-json\/wp\/v2\/media?parent=80157"}],"wp:term":[{"taxonomy":"category","embeddable":true,"href":"http:\/\/sol.fm.br\/radio\/wp-json\/wp\/v2\/categories?post=80157"},{"taxonomy":"post_tag","embeddable":true,"href":"http:\/\/sol.fm.br\/radio\/wp-json\/wp\/v2\/tags?post=80157"}],"curies":[{"name":"wp","href":"https:\/\/api.w.org\/{rel}","templated":true}]}}