{"id":80160,"date":"2025-11-17T10:32:13","date_gmt":"2025-11-17T13:32:13","guid":{"rendered":"http:\/\/sol.fm.br\/radio\/?p=80160"},"modified":"2025-11-17T10:32:16","modified_gmt":"2025-11-17T13:32:16","slug":"cdl-de-igrejinha-e-tres-coroas-elege-nova-diretoria-e-conselho-fiscal","status":"publish","type":"post","link":"http:\/\/sol.fm.br\/radio\/cdl-de-igrejinha-e-tres-coroas-elege-nova-diretoria-e-conselho-fiscal\/","title":{"rendered":"CDL de Igrejinha e Tr\u00eas Coroas elege nova diretoria e conselho fiscal"},"content":{"rendered":"<div id=\"dslc-theme-content\"><div id=\"dslc-theme-content-inner\"><p style=\"text-align: center;\"><em>Juliana Ribeiro Herrmann \u00e9 eleita presidente na assembleia realizada em 13 de novembro<\/em><\/p>\n<p><br \/>A C\u00e2mara de Dirigentes Lojistas de Igrejinha e Tr\u00eas Coroas realizou, na noite da quinta-feira (13), a assembleia para escolha da nova diretoria e conselho fiscal para o per\u00edodo 2026-2029. Com a presen\u00e7a da diretoria atual, da diretoria candidata, ex-presidentes e dos associados efetivos com direito ao voto, o processo elegeu a chapa liderada por Juliana Ribeiro Herrmann.<\/p>\n<p><img loading=\"lazy\" decoding=\"async\" class=\"alignnone size-medium wp-image-80162 aligncenter\" src=\"http:\/\/sol.fm.br\/radio\/wp-content\/uploads\/2025\/11\/32-400x300.jpeg\" alt=\"\" width=\"400\" height=\"300\" srcset=\"http:\/\/sol.fm.br\/radio\/wp-content\/uploads\/2025\/11\/32-400x300.jpeg 400w, http:\/\/sol.fm.br\/radio\/wp-content\/uploads\/2025\/11\/32-768x576.jpeg 768w, http:\/\/sol.fm.br\/radio\/wp-content\/uploads\/2025\/11\/32-1536x1152.jpeg 1536w, http:\/\/sol.fm.br\/radio\/wp-content\/uploads\/2025\/11\/32.jpeg 2048w\" sizes=\"auto, (max-width: 400px) 100vw, 400px\" \/><\/p>\n<p>A condu\u00e7\u00e3o do processo ficou a cargo da comiss\u00e3o eleitoral, formada por tr\u00eas ex-presidentes da entidade, Cezar Dalateia, Giseli Selau e Vin\u00edcio Morgenstern; juntamente com a assessora jur\u00eddica, Dra. Magali Flocke Hack. Houve apenas uma chapa inscrita e, ap\u00f3s avalia\u00e7\u00e3o e aprova\u00e7\u00e3o por parte da comiss\u00e3o, ela foi apresentada na assembleia e aprovada por unanimidade.<\/p>\n<p><img loading=\"lazy\" decoding=\"async\" class=\"size-medium wp-image-80161 alignleft\" src=\"http:\/\/sol.fm.br\/radio\/wp-content\/uploads\/2025\/11\/3-1-400x300.jpeg\" alt=\"\" width=\"400\" height=\"300\" srcset=\"http:\/\/sol.fm.br\/radio\/wp-content\/uploads\/2025\/11\/3-1-400x300.jpeg 400w, http:\/\/sol.fm.br\/radio\/wp-content\/uploads\/2025\/11\/3-1-768x576.jpeg 768w, http:\/\/sol.fm.br\/radio\/wp-content\/uploads\/2025\/11\/3-1-1536x1152.jpeg 1536w, http:\/\/sol.fm.br\/radio\/wp-content\/uploads\/2025\/11\/3-1.jpeg 2048w\" sizes=\"auto, (max-width: 400px) 100vw, 400px\" \/><\/p>\n<p>A nova presidente destaca a responsabilidade de assumir o cargo. \u201c<em>A entidade tem uma trajet\u00f3ria muito rica, cheia de percal\u00e7os, mas tamb\u00e9m repleta de vit\u00f3rias. Manter uma entidade \u00e9 desafiador, e gra\u00e7as ao trabalho de todos que j\u00e1 passaram por aqui, hoje temos uma institui\u00e7\u00e3o s\u00f3lida, reconhecida e respons\u00e1vel. A nossa CDL \u00e9 muito bem vista regionalmente e no Estado. Meu trabalho \u00e9, junto \u00e0 diretoria e aos associados, manter e continuar desenvolvendo esse legado.\u201d<\/em><\/p>\n<p>Com parte dos membros j\u00e1 conhecidos e a chegada de novos empres\u00e1rios que contribuir\u00e3o com seus conhecimentos e parcerias estrat\u00e9gicas, a nova diretoria assume a entidade em 1\u00ba de janeiro de 2026. J\u00e1 no dia 15 de janeiro, ser\u00e1 realizada a cerim\u00f4nia de posse com jantar. Aos presentes na noite da elei\u00e7\u00e3o, Juliana comentou sobre o sentimento diante do novo desafio. <em>\u201cN\u00e3o era algo que eu imaginava quando entrei para a diretoria, mas as coisas foram se encaminhando para isso. Estou feliz e nervosa, claro. Feliz porque \u00e9 um reconhecimento da minha trajet\u00f3ria pessoal e profissional e do trabalho desenvolvido na diretoria. Sei que \u00e9 uma grande responsabilidade e estou na expectativa pelo que vamos construir juntos. Estou disposta a aprender muito, porque sei que vivenciamos in\u00fameros aprendizados nessa transi\u00e7\u00e3o como presidente da CDL\u201d,<\/em> afirmou.<\/p>\n<p><img loading=\"lazy\" decoding=\"async\" class=\"alignnone size-medium wp-image-80163 aligncenter\" src=\"http:\/\/sol.fm.br\/radio\/wp-content\/uploads\/2025\/11\/31-400x256.jpeg\" alt=\"\" width=\"400\" height=\"256\" srcset=\"http:\/\/sol.fm.br\/radio\/wp-content\/uploads\/2025\/11\/31-400x256.jpeg 400w, http:\/\/sol.fm.br\/radio\/wp-content\/uploads\/2025\/11\/31-768x492.jpeg 768w, http:\/\/sol.fm.br\/radio\/wp-content\/uploads\/2025\/11\/31-1536x985.jpeg 1536w, http:\/\/sol.fm.br\/radio\/wp-content\/uploads\/2025\/11\/31-2048x1313.jpeg 2048w\" sizes=\"auto, (max-width: 400px) 100vw, 400px\" \/><\/p>\n<p>\u00a0<\/p>\n<p><em><strong>Diretoria Eleita da CDL de Igrejinha e Tr\u00eas Coroas para o per\u00edodo 2026-2029:<\/strong><\/em><\/p>\n<p><strong>Presidente:<\/strong> Juliana Ribeiro Herrmann, da Polo Cont\u00e1bil, de Tr\u00eas Coroas<\/p>\n<p><strong>Vice-presidente:<\/strong> Bruno Dewes Wagner, da Gr\u00e1fica Igigraf, de Igrejinha<\/p>\n<p><strong>Diretora Financeira:<\/strong> Nat\u00e1lia Debarba, da Loja Arrepius, de Tr\u00eas Coroas<\/p>\n<p><strong>Diretora de Forma\u00e7\u00e3o e Capacita\u00e7\u00e3o:<\/strong> Priscila Veck Gil de Castilhos, da Ag\u00eancia Conceito, de Igrejinha<\/p>\n<p><strong>Diretora de Eventos:<\/strong> Saraiana Sabrina Zikoski, da Loja Sazi Baby e Teen, de Tr\u00eas Coroas<\/p>\n<p><strong>Diretor de Servi\u00e7os e Produtos:<\/strong> Jos\u00e9 Emilio Wilhelm, da Ultragaz, de Igrejinha<\/p>\n<p><strong>Diretor de Conv\u00eanios e Parcerias:<\/strong> Carlos Eduardo Zen Bononi, da Liv Sa\u00fade Integral e Odontologia, de Tr\u00eas Coroas<\/p>\n<p><strong>Diretor de Inova\u00e7\u00e3o e Tecnologia:<\/strong> S\u00e9rgio Joel Utz Junior, da Emp\u00f3rio do M\u00f3vel, de Igrejinha<\/p>\n<p><br \/><em><strong>CONSELHO FISCAL:<\/strong><\/em><\/p>\n<p><strong><em>Titulares:<\/em><\/strong><\/p>\n<p>Lib\u00f3rio In\u00e1cio Werlang, da Madeireira Werlang, de Igrejinha<\/p>\n<p>Messias Jorge Scheffel, da Funer\u00e1ria Caridade, de Igrejinha<\/p>\n<p>Tiago Hirt, da Ki Pneus, de Tr\u00eas Coroas<\/p>\n<p><strong><em>Suplentes:<\/em><\/strong><\/p>\n<p>Kelen Krichna Ferreira, da Aut\u00eantica Modas, de Tr\u00eas Coroas<\/p>\n<p>Joel Oberherr Brodbeck, da Refinare M\u00e1rmores e Granitos, de Igrejinha<\/p>\n<p>Manoel Carlos Rivas Franco Junior, da Wert Assessoria e Cobran\u00e7as Administrativas, de Igrejinha<\/p>\n<hr \/>\n<h6><strong>CDL Igrejinha | Fotos: Lidiani Lehnen<\/strong><\/h6>\n\n\n<center><iframe loading=\"lazy\" class=\"jmvplayer\" src=\"https:\/\/player.jmvstream.com\/lvw\/YYGWo5wfZuZ8fEW7Qoq1ISwhLSEDhU\" allowfullscreen allow=\"autoplay; fullscreen\" frameborder=\"0\" width=\"640\" height=\"360\" ><\/iframe><\/center>\n<\/div><\/div>","protected":false},"excerpt":{"rendered":"<p>Juliana Ribeiro Herrmann \u00e9 eleita presidente na assembleia realizada em 13 de novembro A C\u00e2mara de Dirigentes Lojistas de Igrejinha e Tr\u00eas Coroas realizou, na noite da quinta-feira (13), a assembleia para escolha da nova diretoria e conselho fiscal para o per\u00edodo 2026-2029. Com a presen\u00e7a da diretoria atual, da diretoria candidata, ex-presidentes e dos [&hellip;]<\/p>\n","protected":false},"author":4,"featured_media":80161,"comment_status":"open","ping_status":"open","sticky":false,"template":"","format":"standard","meta":{"footnotes":""},"categories":[1],"tags":[],"class_list":["post-80160","post","type-post","status-publish","format-standard","has-post-thumbnail","hentry","category-sem-categoria"],"_links":{"self":[{"href":"http:\/\/sol.fm.br\/radio\/wp-json\/wp\/v2\/posts\/80160","targetHints":{"allow":["GET"]}}],"collection":[{"href":"http:\/\/sol.fm.br\/radio\/wp-json\/wp\/v2\/posts"}],"about":[{"href":"http:\/\/sol.fm.br\/radio\/wp-json\/wp\/v2\/types\/post"}],"author":[{"embeddable":true,"href":"http:\/\/sol.fm.br\/radio\/wp-json\/wp\/v2\/users\/4"}],"replies":[{"embeddable":true,"href":"http:\/\/sol.fm.br\/radio\/wp-json\/wp\/v2\/comments?post=80160"}],"version-history":[{"count":1,"href":"http:\/\/sol.fm.br\/radio\/wp-json\/wp\/v2\/posts\/80160\/revisions"}],"predecessor-version":[{"id":80164,"href":"http:\/\/sol.fm.br\/radio\/wp-json\/wp\/v2\/posts\/80160\/revisions\/80164"}],"wp:featuredmedia":[{"embeddable":true,"href":"http:\/\/sol.fm.br\/radio\/wp-json\/wp\/v2\/media\/80161"}],"wp:attachment":[{"href":"http:\/\/sol.fm.br\/radio\/wp-json\/wp\/v2\/media?parent=80160"}],"wp:term":[{"taxonomy":"category","embeddable":true,"href":"http:\/\/sol.fm.br\/radio\/wp-json\/wp\/v2\/categories?post=80160"},{"taxonomy":"post_tag","embeddable":true,"href":"http:\/\/sol.fm.br\/radio\/wp-json\/wp\/v2\/tags?post=80160"}],"curies":[{"name":"wp","href":"https:\/\/api.w.org\/{rel}","templated":true}]}}