{"id":80165,"date":"2025-11-17T10:36:19","date_gmt":"2025-11-17T13:36:19","guid":{"rendered":"http:\/\/sol.fm.br\/radio\/?p=80165"},"modified":"2025-11-17T10:36:21","modified_gmt":"2025-11-17T13:36:21","slug":"um-em-cada-tres-jovens-brasileiros-esta-acima-do-peso-especialista-aponta-que-sobrepeso-e-sedentarismo-contribuem-para-o-avanco-do-diabetes","status":"publish","type":"post","link":"http:\/\/sol.fm.br\/radio\/um-em-cada-tres-jovens-brasileiros-esta-acima-do-peso-especialista-aponta-que-sobrepeso-e-sedentarismo-contribuem-para-o-avanco-do-diabetes\/","title":{"rendered":"Um em cada tr\u00eas jovens brasileiros est\u00e1 acima do peso; especialista aponta que sobrepeso e sedentarismo contribuem para o avan\u00e7o do diabetes"},"content":{"rendered":"<div id=\"dslc-theme-content\"><div id=\"dslc-theme-content-inner\"><p>O n\u00famero de crian\u00e7as e adolescentes com diabetes tipo 2 vem crescendo de forma acelerada no Brasil. Segundo o Minist\u00e9rio da Sa\u00fade, os atendimentos ambulatoriais de jovens com esse tipo de doen\u00e7a aumentaram 225% entre 2015 e 2023. Dados do Sistema \u00danico de Sa\u00fade (SUS) tamb\u00e9m indicam que uma em cada tr\u00eas crian\u00e7as e adolescentes de 10 a 19 anos est\u00e1 acima do peso, o que contribui diretamente para o avan\u00e7o da condi\u00e7\u00e3o.<\/p>\n<p>No Dia Mundial do Diabetes (14 de novembro), a endocrinologista da Hapvida, Camila Madruga, chama aten\u00e7\u00e3o para o diagn\u00f3stico cada vez mais precoce entre os jovens. <em>\u201cO diabetes tipo 1 sempre foi o mais comum em crian\u00e7as e adolescentes e continua predominando nessa faixa et\u00e1ria, especialmente nos mais novos. Entretanto, nas \u00faltimas duas d\u00e9cadas, tem-se observado um crescimento preocupante dos casos do tipo 2 em adolescentes, impulsionado pelo aumento do sobrepeso, obesidade, alimenta\u00e7\u00e3o ultraprocessada e sedentarismo<\/em>\u201d, explica.<\/p>\n<p>Camila explica que, diferente do diabetes tipo 1 (DM1), que \u00e9 uma doen\u00e7a autoimune em que o sistema imunol\u00f3gico destr\u00f3i as c\u00e9lulas do p\u00e2ncreas respons\u00e1veis pela produ\u00e7\u00e3o de insulina, o tipo 2 (DM2) est\u00e1 relacionado \u00e0 resist\u00eancia \u00e0 insulina.<em> \u201cO corpo ainda produz o horm\u00f4nio, mas ele n\u00e3o age de forma adequada. Com o tempo, essa produ\u00e7\u00e3o tende a diminuir. O DM2 \u00e9 mais associado ao excesso de peso, sedentarismo e fatores gen\u00e9ticos, apresentando um in\u00edcio mais gradual\u201d<\/em>, relata.<\/p>\n<p>Informa\u00e7\u00f5es do Sistema de Vigil\u00e2ncia Alimentar e Nutricional (SISVAN), analisadas pela organiza\u00e7\u00e3o ImpulsoGov, mostram que o n\u00famero de crian\u00e7as e adolescentes com excesso de peso cresceu quase 9% entre 2014 e 2024, totalizando 2,6 milh\u00f5es de jovens com algum grau de sobrepeso \u2013 sendo 1,5 milh\u00e3o com sobrepeso leve, 840 mil com obesidade e 237 mil com obesidade grave.<\/p>\n<p>\u00a0<\/p>\n<p><strong>Diagn\u00f3stico e preven\u00e7\u00e3o \u2013<\/strong> A endocrinologista afirma que os sintomas do diabetes s\u00e3o semelhantes em todas as idades e incluem sede e fome excessivas, urinar com frequ\u00eancia, perda de peso sem causa aparente, cansa\u00e7o e sonol\u00eancia. Em crian\u00e7as pequenas, pode haver retorno da enurese noturna (voltar a urinar na cama) e epis\u00f3dios de v\u00f4mito.<\/p>\n<p>Camila Madruga pontua que, em crian\u00e7as, o quadro pode evoluir rapidamente, sendo comum o diagn\u00f3stico apenas quando j\u00e1 h\u00e1 complica\u00e7\u00f5es, como a cetoacidose diab\u00e9tica. <em>\u201cOs pais devem ficar atentos a sinais de alerta como sede e urina em excesso, perda de peso sem motivo, cansa\u00e7o e irritabilidade. Diante desses sintomas, \u00e9 fundamental procurar um m\u00e9dico e realizar o exame de glicemia o quanto antes\u201d<\/em>, orienta a endocrinologista.<\/p>\n<p>A preven\u00e7\u00e3o deve come\u00e7ar cedo, com alimenta\u00e7\u00e3o equilibrada e incentivo \u00e0 pr\u00e1tica esportiva. A m\u00e9dica aponta que frutas, verduras, legumes e gr\u00e3os integrais devem fazer parte do card\u00e1pio di\u00e1rio, enquanto o consumo de ultraprocessados e refrigerantes precisa ser reduzido. \u201c<em>A alimenta\u00e7\u00e3o saud\u00e1vel mant\u00e9m a glicemia est\u00e1vel, reduz a necessidade de medicamentos e previne complica\u00e7\u00f5es. J\u00e1 a atividade f\u00edsica melhora a a\u00e7\u00e3o da insulina, ajuda no controle do peso e traz benef\u00edcios emocionais e cardiovasculares<\/em>\u201d, refor\u00e7a Camila.<\/p>\n<p>Em casos de pr\u00e9-diabetes, a doen\u00e7a pode ser revertida com mudan\u00e7as no estilo de vida.\u2028A especialista orienta que pequenas mudan\u00e7as consistentes, como caminhar diariamente, ajustar por\u00e7\u00f5es e reduzir bebidas a\u00e7ucaradas, j\u00e1 fazem grande diferen\u00e7a nos n\u00edveis de glicose.<\/p>\n<p>\u00a0<\/p>\n<p><strong>Sobre a Hapvida<\/strong><\/p>\n<p>Com 80 anos de experi\u00eancia, a Hapvida \u00e9 hoje a maior empresa de sa\u00fade integrada da Am\u00e9rica Latina. A companhia, que possui mais de 73 mil colaboradores, atende 16 milh\u00f5es de benefici\u00e1rios de sa\u00fade e odontologia espalhados pelas cinco regi\u00f5es do Brasil.<\/p>\n<p>Todo o aparato foi constru\u00eddo a partir de uma vis\u00e3o voltada ao cuidado de ponta a ponta, a partir de 86 hospitais, 78 prontos atendimentos, 363 cl\u00ednicas m\u00e9dicas e 305 centros de diagn\u00f3stico por imagem e coleta laboratorial, al\u00e9m de unidades especificamente voltadas ao cuidado preventivo e cr\u00f4nico. Dessa combina\u00e7\u00e3o de neg\u00f3cios, apoiada em qualidade m\u00e9dica e inova\u00e7\u00e3o, resulta uma empresa com os melhores recursos humanos e tecnol\u00f3gicos para os seus clientes.<\/p>\n<hr \/>\n<h6><strong>Martha Becker Connections | Foto: Freepik<\/strong><\/h6>\n\n\n<center><iframe loading=\"lazy\" class=\"jmvplayer\" src=\"https:\/\/player.jmvstream.com\/lvw\/YYGWo5wfZuZ8fEW7Qoq1ISwhLSEDhU\" allowfullscreen allow=\"autoplay; fullscreen\" frameborder=\"0\" width=\"640\" height=\"360\" ><\/iframe><\/center>\n<\/div><\/div>","protected":false},"excerpt":{"rendered":"<p>O n\u00famero de crian\u00e7as e adolescentes com diabetes tipo 2 vem crescendo de forma acelerada no Brasil. Segundo o Minist\u00e9rio da Sa\u00fade, os atendimentos ambulatoriais de jovens com esse tipo de doen\u00e7a aumentaram 225% entre 2015 e 2023. Dados do Sistema \u00danico de Sa\u00fade (SUS) tamb\u00e9m indicam que uma em cada tr\u00eas crian\u00e7as e adolescentes [&hellip;]<\/p>\n","protected":false},"author":4,"featured_media":80166,"comment_status":"open","ping_status":"open","sticky":false,"template":"","format":"standard","meta":{"footnotes":""},"categories":[1],"tags":[],"class_list":["post-80165","post","type-post","status-publish","format-standard","has-post-thumbnail","hentry","category-sem-categoria"],"_links":{"self":[{"href":"http:\/\/sol.fm.br\/radio\/wp-json\/wp\/v2\/posts\/80165","targetHints":{"allow":["GET"]}}],"collection":[{"href":"http:\/\/sol.fm.br\/radio\/wp-json\/wp\/v2\/posts"}],"about":[{"href":"http:\/\/sol.fm.br\/radio\/wp-json\/wp\/v2\/types\/post"}],"author":[{"embeddable":true,"href":"http:\/\/sol.fm.br\/radio\/wp-json\/wp\/v2\/users\/4"}],"replies":[{"embeddable":true,"href":"http:\/\/sol.fm.br\/radio\/wp-json\/wp\/v2\/comments?post=80165"}],"version-history":[{"count":1,"href":"http:\/\/sol.fm.br\/radio\/wp-json\/wp\/v2\/posts\/80165\/revisions"}],"predecessor-version":[{"id":80167,"href":"http:\/\/sol.fm.br\/radio\/wp-json\/wp\/v2\/posts\/80165\/revisions\/80167"}],"wp:featuredmedia":[{"embeddable":true,"href":"http:\/\/sol.fm.br\/radio\/wp-json\/wp\/v2\/media\/80166"}],"wp:attachment":[{"href":"http:\/\/sol.fm.br\/radio\/wp-json\/wp\/v2\/media?parent=80165"}],"wp:term":[{"taxonomy":"category","embeddable":true,"href":"http:\/\/sol.fm.br\/radio\/wp-json\/wp\/v2\/categories?post=80165"},{"taxonomy":"post_tag","embeddable":true,"href":"http:\/\/sol.fm.br\/radio\/wp-json\/wp\/v2\/tags?post=80165"}],"curies":[{"name":"wp","href":"https:\/\/api.w.org\/{rel}","templated":true}]}}