{"id":80168,"date":"2025-11-17T10:38:35","date_gmt":"2025-11-17T13:38:35","guid":{"rendered":"http:\/\/sol.fm.br\/radio\/?p=80168"},"modified":"2025-11-17T10:38:37","modified_gmt":"2025-11-17T13:38:37","slug":"novembro-azul-reforca-a-importancia-do-diagnostico-precoce-do-cancer-de-prostata","status":"publish","type":"post","link":"http:\/\/sol.fm.br\/radio\/novembro-azul-reforca-a-importancia-do-diagnostico-precoce-do-cancer-de-prostata\/","title":{"rendered":"Novembro Azul refor\u00e7a a import\u00e2ncia do diagn\u00f3stico precoce do c\u00e2ncer de pr\u00f3stata"},"content":{"rendered":"<div id=\"dslc-theme-content\"><div id=\"dslc-theme-content-inner\"><p style=\"text-align: center;\"><i data-olk-copy-source=\"MessageBody\">AMRIGS e SBU-RS unem esfor\u00e7os em campanha que incentiva h\u00e1bitos saud\u00e1veis e estimula os homens a cuidarem mais da pr\u00f3pria sa\u00fade<\/i><\/p>\n<div>\n<div>A Associa\u00e7\u00e3o M\u00e9dica do Rio Grande do Sul (AMRIGS) e a Sociedade Brasileira de Urologia \u2013 Sec\u00e7\u00e3o Rio Grande do Sul (SBU-RS) refor\u00e7am, neste m\u00eas de novembro, a import\u00e2ncia do cuidado e do diagn\u00f3stico precoce do c\u00e2ncer de pr\u00f3stata. A iniciativa conjunta busca conscientizar a popula\u00e7\u00e3o masculina sobre os sinais de alerta, os fatores de risco e a necessidade de acompanhamento m\u00e9dico regular.<\/div>\n<div aria-hidden=\"true\">\u00a0<\/div>\n<div>O c\u00e2ncer de pr\u00f3stata \u00e9 o segundo tipo mais comum entre os homens no Brasil, segundo o Instituto Nacional de C\u00e2ncer (INCA). Em muitos casos, pode ser totalmente assintom\u00e1tico nas fases iniciais, o que torna essencial a realiza\u00e7\u00e3o de exames preventivos. Sintomas como aumento da frequ\u00eancia urin\u00e1ria, jato urin\u00e1rio enfraquecido e sensa\u00e7\u00e3o de esvaziamento incompleto da bexiga devem ser observados com aten\u00e7\u00e3o. Em est\u00e1gios mais avan\u00e7ados, podem ocorrer dor ao urinar, sangramento e at\u00e9 reten\u00e7\u00e3o urin\u00e1ria.<\/div>\n<div aria-hidden=\"true\">\u00a0<\/div>\n<div>Al\u00e9m da detec\u00e7\u00e3o precoce, manter h\u00e1bitos saud\u00e1veis \u00e9 uma das formas mais eficazes de reduzir o risco da doen\u00e7a. O h\u00e1bito de manter uma alimenta\u00e7\u00e3o equilibrada, com modera\u00e7\u00e3o no consumo de alimentos ultraprocessados e cal\u00f3ricos, associada \u00e0 pr\u00e1tica regular de atividades f\u00edsicas e ao controle do peso corporal, contribui diretamente para a preven\u00e7\u00e3o.<\/div>\n<div aria-hidden=\"true\">\u00a0<\/div>\n<div>Outro desafio importante \u00e9 superar a resist\u00eancia ainda existente entre os homens em procurar atendimento m\u00e9dico e realizar exames preventivos. Informa\u00e7\u00e3o, educa\u00e7\u00e3o em sa\u00fade e acesso facilitado aos servi\u00e7os de aten\u00e7\u00e3o b\u00e1sica s\u00e3o medidas essenciais para estimular o cuidado cont\u00ednuo e respons\u00e1vel com o pr\u00f3prio corpo.<\/div>\n<div aria-hidden=\"true\">\u00a0<\/div>\n<div>Com o Novembro Azul, AMRIGS e SBU-RS renovam seu compromisso de promover a sa\u00fade do homem e de estimular uma cultura de autocuidado durante todo o ano.<\/div>\n<div aria-hidden=\"true\">\u00a0<\/div>\n<div><strong>Dr. Gerson Junqueira Jr.<\/strong><\/div>\n<div>Presidente da AMRIGS<\/div>\n<div aria-hidden=\"true\">\u00a0<\/div>\n<div><strong>Dr. Ernani Luis Rhoden<\/strong><\/div>\n<div>Presidente da SBU-RS\u00a0<\/div>\n<div aria-hidden=\"true\">\u00a0<\/div>\n<div aria-hidden=\"true\">\u00a0<\/div>\n<\/div>\n<div><strong>Sobre a AMRIGS<\/strong><br clear=\"none\" \/>\n<div class=\"x_yiv2426092305ydp660ca0dayiv5811493548elementor-element x_yiv2426092305ydp660ca0dayiv5811493548elementor-element-83e6b3c x_yiv2426092305ydp660ca0dayiv5811493548elementor-widget x_yiv2426092305ydp660ca0dayiv5811493548elementor-widget-text-editor\">\n<div class=\"x_yiv2426092305ydp660ca0dayiv5811493548elementor-widget-container\">\n<p>A Associa\u00e7\u00e3o M\u00e9dica do Rio Grande do Sul \u00e9 uma organiza\u00e7\u00e3o sem fins lucrativos voltada para a atualiza\u00e7\u00e3o do conhecimento t\u00e9cnico-cient\u00edfico e para a realiza\u00e7\u00e3o de debates cient\u00edfico-culturais relacionados \u00e0 sa\u00fade, \u00e0 Medicina e \u00e0 vida profissional. Desde o momento de sua funda\u00e7\u00e3o em 1951, a AMRIGS integra a vida do m\u00e9dico em todas as etapas da profiss\u00e3o, tendo como objetivos:<\/p>\n<\/div>\n<\/div>\n<div class=\"x_yiv2426092305ydp660ca0dayiv5811493548elementor-element x_yiv2426092305ydp660ca0dayiv5811493548elementor-element-f227bbf x_yiv2426092305ydp660ca0dayiv5811493548elementor-align-left x_yiv2426092305ydp660ca0dayiv5811493548elementor-icon-list--layout-traditional x_yiv2426092305ydp660ca0dayiv5811493548elementor-list-item-link-full_width x_yiv2426092305ydp660ca0dayiv5811493548elementor-widget x_yiv2426092305ydp660ca0dayiv5811493548elementor-widget-icon-list\">\n<div class=\"x_yiv2426092305ydp660ca0dayiv5811493548elementor-widget-container\">\n<ul class=\"x_yiv2426092305ydp660ca0dayiv5811493548elementor-icon-list-items\">\n<li class=\"x_yiv2426092305ydp660ca0dayiv5811493548elementor-icon-list-item\"><span class=\"x_yiv2426092305ydp660ca0dayiv5811493548elementor-icon-list-text\">Fomentar a ci\u00eancia e a cultura m\u00e9dica;<\/span><\/li>\n<li class=\"x_yiv2426092305ydp660ca0dayiv5811493548elementor-icon-list-item\"><span class=\"x_yiv2426092305ydp660ca0dayiv5811493548elementor-icon-list-text\">Promover a defesa profissional;<\/span><\/li>\n<li class=\"x_yiv2426092305ydp660ca0dayiv5811493548elementor-icon-list-item\"><span class=\"x_yiv2426092305ydp660ca0dayiv5811493548elementor-icon-list-text\">Fortalecer o associativismo e a representatividade m\u00e9dica;<\/span><\/li>\n<li class=\"x_yiv2426092305ydp660ca0dayiv5811493548elementor-icon-list-item\"><span class=\"x_yiv2426092305ydp660ca0dayiv5811493548elementor-icon-list-text\">Ser influenciadora como entidade protagonista de a\u00e7\u00f5es em prol da sa\u00fade.<\/span><\/li>\n<\/ul>\n<hr \/>\n<h6><strong>PlayPress | AMRIGS - Associa\u00e7\u00e3o M\u00e9dica do Rio Grande do Sul | Marcelo Roxo Matusiak<\/strong><\/h6>\n<\/div>\n<\/div>\n<\/div>\n\n\n<center><iframe loading=\"lazy\" class=\"jmvplayer\" src=\"https:\/\/player.jmvstream.com\/lvw\/YYGWo5wfZuZ8fEW7Qoq1ISwhLSEDhU\" allowfullscreen allow=\"autoplay; fullscreen\" frameborder=\"0\" width=\"640\" height=\"360\" ><\/iframe><\/center>\n<\/div><\/div>","protected":false},"excerpt":{"rendered":"<p>AMRIGS e SBU-RS unem esfor\u00e7os em campanha que incentiva h\u00e1bitos saud\u00e1veis e estimula os homens a cuidarem mais da pr\u00f3pria sa\u00fade A Associa\u00e7\u00e3o M\u00e9dica do Rio Grande do Sul (AMRIGS) e a Sociedade Brasileira de Urologia \u2013 Sec\u00e7\u00e3o Rio Grande do Sul (SBU-RS) refor\u00e7am, neste m\u00eas de novembro, a import\u00e2ncia do cuidado e do diagn\u00f3stico [&hellip;]<\/p>\n","protected":false},"author":4,"featured_media":80169,"comment_status":"open","ping_status":"open","sticky":false,"template":"","format":"standard","meta":{"footnotes":""},"categories":[1],"tags":[],"class_list":["post-80168","post","type-post","status-publish","format-standard","has-post-thumbnail","hentry","category-sem-categoria"],"_links":{"self":[{"href":"http:\/\/sol.fm.br\/radio\/wp-json\/wp\/v2\/posts\/80168","targetHints":{"allow":["GET"]}}],"collection":[{"href":"http:\/\/sol.fm.br\/radio\/wp-json\/wp\/v2\/posts"}],"about":[{"href":"http:\/\/sol.fm.br\/radio\/wp-json\/wp\/v2\/types\/post"}],"author":[{"embeddable":true,"href":"http:\/\/sol.fm.br\/radio\/wp-json\/wp\/v2\/users\/4"}],"replies":[{"embeddable":true,"href":"http:\/\/sol.fm.br\/radio\/wp-json\/wp\/v2\/comments?post=80168"}],"version-history":[{"count":1,"href":"http:\/\/sol.fm.br\/radio\/wp-json\/wp\/v2\/posts\/80168\/revisions"}],"predecessor-version":[{"id":80170,"href":"http:\/\/sol.fm.br\/radio\/wp-json\/wp\/v2\/posts\/80168\/revisions\/80170"}],"wp:featuredmedia":[{"embeddable":true,"href":"http:\/\/sol.fm.br\/radio\/wp-json\/wp\/v2\/media\/80169"}],"wp:attachment":[{"href":"http:\/\/sol.fm.br\/radio\/wp-json\/wp\/v2\/media?parent=80168"}],"wp:term":[{"taxonomy":"category","embeddable":true,"href":"http:\/\/sol.fm.br\/radio\/wp-json\/wp\/v2\/categories?post=80168"},{"taxonomy":"post_tag","embeddable":true,"href":"http:\/\/sol.fm.br\/radio\/wp-json\/wp\/v2\/tags?post=80168"}],"curies":[{"name":"wp","href":"https:\/\/api.w.org\/{rel}","templated":true}]}}