{"id":80183,"date":"2025-11-17T14:56:27","date_gmt":"2025-11-17T17:56:27","guid":{"rendered":"http:\/\/sol.fm.br\/radio\/?p=80183"},"modified":"2025-11-17T14:56:29","modified_gmt":"2025-11-17T17:56:29","slug":"governo-apresenta-projeto-de-rastreabilidade-bovina-e-destaca-sustentabilidade-da-pecuaria-do-rs-na-cop30-2","status":"publish","type":"post","link":"http:\/\/sol.fm.br\/radio\/governo-apresenta-projeto-de-rastreabilidade-bovina-e-destaca-sustentabilidade-da-pecuaria-do-rs-na-cop30-2\/","title":{"rendered":"Governo apresenta projeto de rastreabilidade bovina e destaca sustentabilidade da pecu\u00e1ria do RS na COP30"},"content":{"rendered":"<div id=\"dslc-theme-content\"><div id=\"dslc-theme-content-inner\"><p class=\"artigo__subtitulo\" style=\"text-align: center;\"><em>Painel promovido pela Secretaria da Agricultura ocorreu nesta sexta-feira (14), em Bel\u00e9m, no Par\u00e1<\/em><\/p>\n<p dir=\"ltr\">Atualmente em fase de projeto-piloto no Rio Grande do Sul, o sistema de rastreabilidade de bovinos e bubalinos configura-se como uma ferramenta estrat\u00e9gica para a promo\u00e7\u00e3o de um modelo de desenvolvimento sustent\u00e1vel, aliando conserva\u00e7\u00e3o e produ\u00e7\u00e3o, especialmente no bioma Pampa. Proposto pelo governo do Estado, por meio da Secretaria da Agricultura, Pecu\u00e1ria, Produ\u00e7\u00e3o Sustent\u00e1vel e Irriga\u00e7\u00e3o (Seapi), o painel sobre o tema foi realizado nesta sexta-feira (14\/11) durante a COP30, em Bel\u00e9m (PA), no espa\u00e7o montado pelo Instituto Interamericano de Coopera\u00e7\u00e3o para a Agricultura (Iica) na Agrizone.<\/p>\n<p dir=\"ltr\">O secret\u00e1rio-adjunto da Agricultura, M\u00e1rcio Madalena destacou que o Rio Grande do Sul \u00e9 o \u00fanico Estado que tem o bioma Pampa.<em> \u201cA pecu\u00e1ria \u00e9 praticada com uma simbiose perfeita neste bioma: n\u00e3o h\u00e1 devasta\u00e7\u00e3o, nem degrada\u00e7\u00e3o da vegeta\u00e7\u00e3o para a produ\u00e7\u00e3o pecu\u00e1ria. Ela funciona de maneira muito equilibrada, com uma forma muito particular e caracter\u00edstica de sustentabilidade ambiental.\u201d<\/em><\/p>\n<ul>\n<li dir=\"ltr\"><a href=\"https:\/\/www.estado.rs.gov.br\/governo-lanca-formulario-de-rastreabilidade-individual-de-bovinos-e-bubalinos-para-produtores-gauchos\" target=\"_blank\" rel=\"noopener\"><strong>Governo lan\u00e7a formul\u00e1rio de rastreabilidade individual de bovinos e bubalinos para produtores ga\u00fachos<\/strong><\/a><\/li>\n<\/ul>\n<p dir=\"ltr\">Madalena tamb\u00e9m apresentou o andamento do projeto-piloto de rastreabilidade bovina que a Seapi est\u00e1 conduzindo no Estado, com vistas a antecipar os prazos do Plano Nacional de Rastreabilidade no Rio Grande do Sul. <em>\u201cO plano nacional prev\u00ea a conclus\u00e3o da implementa\u00e7\u00e3o at\u00e9 2032, mas estamos trabalhando ao m\u00e1ximo para antecipar esse prazo. Com todos os diferenciais que n\u00f3s temos de qualidade e status sanit\u00e1rio, com a rastreabilidade implementada a pleno, teremos certamente um posicionamento extremamente estrat\u00e9gico no mercado para a carne ga\u00facha\u201d<\/em>, pontuou.<\/p>\n<p dir=\"ltr\">O vice-presidente da Federa\u00e7\u00e3o da Agricultura do Estado do Rio Grande do Sul (Farsul), Domingos Velho Lopes, participou do painel como representante do setor produtivo. <em>\u201cFalamos sobre a sustentabilidade da pecu\u00e1ria ga\u00facha, em especial no bioma Pampa, com todos os seus compromissos e resultados, valorizando o produtor e tamb\u00e9m mostrando os novos caminhos das rotas de descarboniza\u00e7\u00e3o, da pesquisa e da rastreabilidade \u201d<\/em>, avaliou.<\/p>\n<ul>\n<li dir=\"ltr\"><a href=\"https:\/\/www.estado.rs.gov.br\/governo-firma-parceria-com-a-embrapa-para-projeto-de-rastreabilidade-individual-de-bovinos-no-estado\" target=\"_blank\" rel=\"noopener\"><strong>Governo firma parceria com a Embrapa para projeto de rastreabilidade individual de bovinos no Estado<\/strong><\/a>\u00a0<\/li>\n<\/ul>\n<p dir=\"ltr\">Para o pesquisador da Embrapa Pecu\u00e1ria Sul, Fernando Cardoso, a rastreabilidade bovina se apresenta como uma tecnologia que contribui para o equil\u00edbrio entre conserva\u00e7\u00e3o ambiental e produ\u00e7\u00e3o de alimentos de origem animal saud\u00e1veis. \u201c<em>Acredito que foi um marco muito importante nessa parceria com a Seapi, ao\u00a0demonstrar\u00a0como o processo de rastreabilidade que o Rio Grande do Sul est\u00e1 se adiantando em controlar todo o seu rebanho,\u00a0evidencia n\u00e3o apenas a\u00a0qualidade do produto final, que j\u00e1 \u00e9 reconhecida, mas tamb\u00e9m toda a seguran\u00e7a e a qualidade do processo\u201d<\/em>, concluiu.<\/p>\n<hr \/>\n<h6 dir=\"ltr\"><strong>GOV RS | Texto: Ascom Seapi | Edi\u00e7\u00e3o: Secom | Foto: Igor de Almeida\/Ascom Sema<\/strong><\/h6>\n\n\n<center><iframe loading=\"lazy\" class=\"jmvplayer\" src=\"https:\/\/player.jmvstream.com\/lvw\/YYGWo5wfZuZ8fEW7Qoq1ISwhLSEDhU\" allowfullscreen allow=\"autoplay; fullscreen\" frameborder=\"0\" width=\"640\" height=\"360\" ><\/iframe><\/center>\n<\/div><\/div>","protected":false},"excerpt":{"rendered":"<p>Painel promovido pela Secretaria da Agricultura ocorreu nesta sexta-feira (14), em Bel\u00e9m, no Par\u00e1 Atualmente em fase de projeto-piloto no Rio Grande do Sul, o sistema de rastreabilidade de bovinos e bubalinos configura-se como uma ferramenta estrat\u00e9gica para a promo\u00e7\u00e3o de um modelo de desenvolvimento sustent\u00e1vel, aliando conserva\u00e7\u00e3o e produ\u00e7\u00e3o, especialmente no bioma Pampa. Proposto [&hellip;]<\/p>\n","protected":false},"author":4,"featured_media":80184,"comment_status":"open","ping_status":"open","sticky":false,"template":"","format":"standard","meta":{"footnotes":""},"categories":[1],"tags":[],"class_list":["post-80183","post","type-post","status-publish","format-standard","has-post-thumbnail","hentry","category-sem-categoria"],"_links":{"self":[{"href":"http:\/\/sol.fm.br\/radio\/wp-json\/wp\/v2\/posts\/80183","targetHints":{"allow":["GET"]}}],"collection":[{"href":"http:\/\/sol.fm.br\/radio\/wp-json\/wp\/v2\/posts"}],"about":[{"href":"http:\/\/sol.fm.br\/radio\/wp-json\/wp\/v2\/types\/post"}],"author":[{"embeddable":true,"href":"http:\/\/sol.fm.br\/radio\/wp-json\/wp\/v2\/users\/4"}],"replies":[{"embeddable":true,"href":"http:\/\/sol.fm.br\/radio\/wp-json\/wp\/v2\/comments?post=80183"}],"version-history":[{"count":1,"href":"http:\/\/sol.fm.br\/radio\/wp-json\/wp\/v2\/posts\/80183\/revisions"}],"predecessor-version":[{"id":80185,"href":"http:\/\/sol.fm.br\/radio\/wp-json\/wp\/v2\/posts\/80183\/revisions\/80185"}],"wp:featuredmedia":[{"embeddable":true,"href":"http:\/\/sol.fm.br\/radio\/wp-json\/wp\/v2\/media\/80184"}],"wp:attachment":[{"href":"http:\/\/sol.fm.br\/radio\/wp-json\/wp\/v2\/media?parent=80183"}],"wp:term":[{"taxonomy":"category","embeddable":true,"href":"http:\/\/sol.fm.br\/radio\/wp-json\/wp\/v2\/categories?post=80183"},{"taxonomy":"post_tag","embeddable":true,"href":"http:\/\/sol.fm.br\/radio\/wp-json\/wp\/v2\/tags?post=80183"}],"curies":[{"name":"wp","href":"https:\/\/api.w.org\/{rel}","templated":true}]}}