{"id":80186,"date":"2025-11-18T10:12:01","date_gmt":"2025-11-18T13:12:01","guid":{"rendered":"http:\/\/sol.fm.br\/radio\/?p=80186"},"modified":"2025-11-18T10:12:03","modified_gmt":"2025-11-18T13:12:03","slug":"mudancas-bruscas-de-temperatura-aumentam-riscos-de-amigdalite","status":"publish","type":"post","link":"http:\/\/sol.fm.br\/radio\/mudancas-bruscas-de-temperatura-aumentam-riscos-de-amigdalite\/","title":{"rendered":"Mudan\u00e7as bruscas de temperatura aumentam riscos de amigdalite\u00a0"},"content":{"rendered":"<div id=\"dslc-theme-content\"><div id=\"dslc-theme-content-inner\"><p class=\"x_yiv0018030639ydp1d7e4c15yiv0883646643MsoNormal\" align=\"center\"><i><span data-olk-copy-source=\"MessageBody\">Otorrinolaringologista da Hapvida orienta sobre preven\u00e7\u00e3o de infec\u00e7\u00f5es na garganta\u00a0<\/span><\/i>\u00a0<\/p>\n<p class=\"x_yiv0018030639ydp1d7e4c15yiv0883646643MsoNormal\">\u00a0<\/p>\n<p class=\"x_yiv0018030639ydp1d7e4c15yiv0883646643MsoNormal\">A amigdalite \u00e9 uma doen\u00e7a infecciosa que afeta as am\u00edgdalas, estruturas localizadas no fundo da garganta que fazem parte do sistema de defesa do organismo. Embora seja mais comum em per\u00edodos frios, tamb\u00e9m pode surgir nas bruscas mudan\u00e7as clim\u00e1ticas t\u00edpicas da primavera no sul do Brasil. Apesar de ser uma esta\u00e7\u00e3o mais quente, a esta\u00e7\u00e3o apresenta grande amplitude t\u00e9rmica, aumento da umidade e poliniza\u00e7\u00e3o intensa, fatores que, combinados, podem causar um desequil\u00edbrio da microbiota oral e favorecer o surgimento de infec\u00e7\u00f5es. Por isso, \u00e9 essencial estar atento aos sintomas e \u00e0 preven\u00e7\u00e3o tamb\u00e9m nesta \u00e9poca do ano.\u00a0<\/p>\n<p class=\"x_yiv0018030639ydp1d7e4c15yiv0883646643MsoNormal\">Segundo o otorrinolaringologista Felipe Marques, da Hapvida, a amigdalite pode ser causada por v\u00edrus, por bact\u00e9rias ou pela associa\u00e7\u00e3o de ambos os agentes. <em>\u201cO ressecamento associado \u00e0 respira\u00e7\u00e3o pela boca leva \u00e0 irrita\u00e7\u00e3o da mucosa orofar\u00edngea, propiciando quadros infecciosos<\/em>\u201d, explica.\u00a0\u00a0<\/p>\n<p class=\"x_yiv0018030639ydp1d7e4c15yiv0883646643MsoNormal\">J\u00e1 o Minist\u00e9rio da Sa\u00fade refor\u00e7a que a transmiss\u00e3o geralmente ocorre por got\u00edculas expelidas ao tossir, espirrar ou beijar. O cont\u00e1gio tamb\u00e9m pode acontecer pelo compartilhamento de objetos pessoais. Tamb\u00e9m \u00e9 destacado que problemas como o refluxo gastroesof\u00e1gico, caracterizado pelo retorno do l\u00edquido do est\u00f4mago para a garganta, podem desencadear o surgimento de epis\u00f3dios de amigdalite, pois o l\u00edquido que volta cont\u00e9m subst\u00e2ncias que irritam a mucosa e alteram a acidez da regi\u00e3o, favorecendo a prolifera\u00e7\u00e3o de micro-organismos respons\u00e1veis pelas inflama\u00e7\u00f5es.\u00a0<\/p>\n<p class=\"x_yiv0018030639ydp1d7e4c15yiv0883646643MsoNormal\">Com isso, estar atento aos sintomas \u00e9 fundamental. As amigdalites virais costumam ser mais brandas, apresentam febre baixa, podem vir acompanhadas de desconfortos nasais e, geralmente, n\u00e3o t\u00eam placas brancas nas am\u00edgdalas. J\u00e1 as amigdalites bacterianas se manifestam com presen\u00e7a de exsudato amigdaliano (placas ou pontos brancos e amarelos que aparecem nas am\u00edgdalas), febre alta, aus\u00eancia de outros sintomas das vias a\u00e9reas superiores e, quase sempre, linfonodomegalias submandibulares, popularmente conhecidas como \u00ednguas.\u00a0<\/p>\n<p class=\"x_yiv0018030639ydp1d7e4c15yiv0883646643MsoNormal\">Dentro desse cen\u00e1rio, o otorrinolaringologista da Hapvida recomenda que, em casos de dificuldade para abrir a boca, febre alta persistente ou aus\u00eancia de melhora mesmo ap\u00f3s cinco dias, o ideal \u00e9 procurar atendimento m\u00e9dico para descartar a forma\u00e7\u00e3o de abscessos ou uma poss\u00edvel septicemia.\u00a0<\/p>\n<p class=\"x_yiv0018030639ydp1d7e4c15yiv0883646643MsoNormal\">J\u00e1 para prevenir infec\u00e7\u00f5es e reduzir as crises recorrentes, o especialista orienta:<em> \u201cManter a lavagem nasal, a hidrata\u00e7\u00e3o em dia e o controle do quadro al\u00e9rgico s\u00e3o fundamentais para a preven\u00e7\u00e3o<\/em>\u201d, salienta. <em>\u201cOutros cuidados importantes s\u00e3o evitar choques t\u00e9rmicos bruscos e ambientes muito secos. \u00c9 essencial tamb\u00e9m checar os filtros dos aparelhos de ar-condicionado, j\u00e1 que a falta de limpeza \u00e9 um fator de risco para infec\u00e7\u00f5es.\u201d\u00a0<\/em><\/p>\n<p class=\"x_yiv0018030639ydp1d7e4c15yiv0883646643MsoNormal\">\u00a0<\/p>\n<p class=\"x_yiv0018030639ydp1d7e4c15yiv0883646643MsoNormal\"><b>Sobre a Hapvida<\/b>\u00a0<\/p>\n<p class=\"x_yiv0018030639ydp1d7e4c15yiv0883646643MsoNormal\">Com 80 anos de experi\u00eancia, a Hapvida \u00e9 hoje a maior empresa de sa\u00fade integrada da Am\u00e9rica Latina. A companhia, que possui mais de 73 mil colaboradores, atende 16 milh\u00f5es de benefici\u00e1rios de sa\u00fade e odontologia espalhados pelas cinco regi\u00f5es do Brasil.\u00a0<\/p>\n<p class=\"x_yiv0018030639ydp1d7e4c15yiv0883646643MsoNormal\">Todo o aparato foi constru\u00eddo a partir de uma vis\u00e3o voltada ao cuidado de ponta a ponta, a partir de 86 hospitais, 78 prontos atendimentos, 363 cl\u00ednicas m\u00e9dicas e 305 centros de diagn\u00f3stico por imagem e coleta laboratorial, al\u00e9m de unidades especificamente voltadas ao cuidado preventivo e cr\u00f4nico. Dessa combina\u00e7\u00e3o de neg\u00f3cios, apoiada em qualidade m\u00e9dica e inova\u00e7\u00e3o, resulta uma empresa com os melhores recursos humanos e tecnol\u00f3gicos para os\u202fseus\u202fclientes.\u00a0<\/p>\n<hr \/>\n<h6><strong>Martha Becker Connections | Foto: Freepik<\/strong><\/h6>\n\n\n<center><iframe loading=\"lazy\" class=\"jmvplayer\" src=\"https:\/\/player.jmvstream.com\/lvw\/YYGWo5wfZuZ8fEW7Qoq1ISwhLSEDhU\" allowfullscreen allow=\"autoplay; fullscreen\" frameborder=\"0\" width=\"640\" height=\"360\" ><\/iframe><\/center>\n<\/div><\/div>","protected":false},"excerpt":{"rendered":"<p>Otorrinolaringologista da Hapvida orienta sobre preven\u00e7\u00e3o de infec\u00e7\u00f5es na garganta\u00a0\u00a0 \u00a0 A amigdalite \u00e9 uma doen\u00e7a infecciosa que afeta as am\u00edgdalas, estruturas localizadas no fundo da garganta que fazem parte do sistema de defesa do organismo. Embora seja mais comum em per\u00edodos frios, tamb\u00e9m pode surgir nas bruscas mudan\u00e7as clim\u00e1ticas t\u00edpicas da primavera no sul [&hellip;]<\/p>\n","protected":false},"author":4,"featured_media":80187,"comment_status":"open","ping_status":"open","sticky":false,"template":"","format":"standard","meta":{"footnotes":""},"categories":[1],"tags":[],"class_list":["post-80186","post","type-post","status-publish","format-standard","has-post-thumbnail","hentry","category-sem-categoria"],"_links":{"self":[{"href":"http:\/\/sol.fm.br\/radio\/wp-json\/wp\/v2\/posts\/80186","targetHints":{"allow":["GET"]}}],"collection":[{"href":"http:\/\/sol.fm.br\/radio\/wp-json\/wp\/v2\/posts"}],"about":[{"href":"http:\/\/sol.fm.br\/radio\/wp-json\/wp\/v2\/types\/post"}],"author":[{"embeddable":true,"href":"http:\/\/sol.fm.br\/radio\/wp-json\/wp\/v2\/users\/4"}],"replies":[{"embeddable":true,"href":"http:\/\/sol.fm.br\/radio\/wp-json\/wp\/v2\/comments?post=80186"}],"version-history":[{"count":1,"href":"http:\/\/sol.fm.br\/radio\/wp-json\/wp\/v2\/posts\/80186\/revisions"}],"predecessor-version":[{"id":80188,"href":"http:\/\/sol.fm.br\/radio\/wp-json\/wp\/v2\/posts\/80186\/revisions\/80188"}],"wp:featuredmedia":[{"embeddable":true,"href":"http:\/\/sol.fm.br\/radio\/wp-json\/wp\/v2\/media\/80187"}],"wp:attachment":[{"href":"http:\/\/sol.fm.br\/radio\/wp-json\/wp\/v2\/media?parent=80186"}],"wp:term":[{"taxonomy":"category","embeddable":true,"href":"http:\/\/sol.fm.br\/radio\/wp-json\/wp\/v2\/categories?post=80186"},{"taxonomy":"post_tag","embeddable":true,"href":"http:\/\/sol.fm.br\/radio\/wp-json\/wp\/v2\/tags?post=80186"}],"curies":[{"name":"wp","href":"https:\/\/api.w.org\/{rel}","templated":true}]}}