{"id":80189,"date":"2025-11-18T10:35:56","date_gmt":"2025-11-18T13:35:56","guid":{"rendered":"http:\/\/sol.fm.br\/radio\/?p=80189"},"modified":"2025-11-18T10:35:58","modified_gmt":"2025-11-18T13:35:58","slug":"governo-apresenta-na-cop30-estudos-que-mostram-potencial-da-erva-mate-como-aliada-no-processo-de-descarbonizacao","status":"publish","type":"post","link":"http:\/\/sol.fm.br\/radio\/governo-apresenta-na-cop30-estudos-que-mostram-potencial-da-erva-mate-como-aliada-no-processo-de-descarbonizacao\/","title":{"rendered":"Governo apresenta na COP30 estudos que mostram potencial da erva-mate como aliada no processo de descarboniza\u00e7\u00e3o"},"content":{"rendered":"<div id=\"dslc-theme-content\"><div id=\"dslc-theme-content-inner\"><p class=\"artigo__subtitulo\" style=\"text-align: center;\"><em>Pesquisadores do DDPA apresentam evid\u00eancias de que o cultivo sombreado amplia o carbono no solo<\/em><\/p>\n<p dir=\"ltr\">A erva-mate foi tema de debate na COP30, em Bel\u00e9m (PA), no domingo (16\/11). No painel \u201cErva-mate e o futuro verde: descarboniza\u00e7\u00e3o, florestas e comunidade\u201d, o governo do Estado, por meio de pesquisadores do Departamento de Diagn\u00f3stico e Pesquisa Agropecu\u00e1ria (DDPA) da Secretaria da Agricultura, Pecu\u00e1ria, Produ\u00e7\u00e3o Sustent\u00e1vel e Irriga\u00e7\u00e3o (Seapi), apresentaram os estudos que mostram o potencial da erva-mate para promover a descarboniza\u00e7\u00e3o e aumentar o carbono no solo.<\/p>\n<p dir=\"ltr\">O engenheiro florestal do DDPA, Jackson Brilhante, mostrou que o sistema sombreado utilizado na produ\u00e7\u00e3o de erva-mate \u00e9 o que mais se aproxima da mata nativa, de acordo com os estudos que a Seapi vem desenvolvendo. \u201c<em>\u00c9 um sistema que vai ter maior capacidade de adapta\u00e7\u00e3o \u00e0s mudan\u00e7as clim\u00e1ticas, porque tem maior reserva de nutrientes, maior taxa de infiltra\u00e7\u00e3o de \u00e1gua no solo e consequentemente maior atividade biol\u00f3gica. Na pequena por\u00e7\u00e3o de solo analisada at\u00e9 agora neste estudo, estimativas indicam a presen\u00e7a de dezenas de bilh\u00f5es de microrganismos, entre bact\u00e9rias e fungos, convivendo com as ra\u00edzes da erva-mate<\/em>\u201d, afirmou.<\/p>\n<p dir=\"ltr\">J\u00e1 o meteorologista da Seapi, Fl\u00e1vio Varone, falou sobre os dados das esta\u00e7\u00f5es meteorol\u00f3gicas, comparando as que est\u00e3o no sistema sombreado com as que est\u00e3o no sistema pleno sol. \u201c<em>O sistema sombreado proporciona um resultado melhor para a planta, registrando temperaturas mais baixas durante o ver\u00e3o e m\u00ednimas mais altas durante o inverno, o que favorece o conforto da planta<\/em>\u201d, explicou Varone.<\/p>\n<p dir=\"ltr\"><strong>Selos e potencial de crescimento<\/strong><\/p>\n<p dir=\"ltr\">A diretora de Biodiversidade da Secretaria do Meio Ambiente e Infraestrutura (Sema), C\u00e1tia Viviane Gon\u00e7alves, apresentou o\u00a0<a href=\"https:\/\/www.sema.rs.gov.br\/certificacaofloranativa\" target=\"_blank\" rel=\"noopener\"><strong>Selo de Manejo Certificado<\/strong><\/a>\u00a0entregue pela Sema como instrumento de reconhecimento e valoriza\u00e7\u00e3o das pr\u00e1ticas sustent\u00e1veis desenvolvidas no Rio Grande do Sul. Atualmente, h\u00e1 97 propriedades certificadas que cultivam erva-mate entre suas esp\u00e9cies nativas, demonstrando que \u00e9 poss\u00edvel conciliar produ\u00e7\u00e3o econ\u00f4mica com conserva\u00e7\u00e3o ambiental. <em>\u201cO selo garante seguran\u00e7a jur\u00eddica, rastreabilidade e credibilidade ao manejo da flora nativa, fortalecendo o compromisso dos produtores com o uso sustent\u00e1vel dos recursos florestais e estimulando novos modelos de economia verde no Estado\u201d<\/em>, destacou C\u00e1tia.<\/p>\n<p dir=\"ltr\">J\u00e1 o gerente de classifica\u00e7\u00e3o e certifica\u00e7\u00e3o da Emater\/RS-Ascar, Mateus Rocha, explicou como funciona o selo de certifica\u00e7\u00e3o da erva-mate emitido pela empresa. Atualmente, seis ervateiras participam do programa. <em>\u201cRealizamos o acompanhamento de todo o processo, desde a lavoura at\u00e9 a g\u00f4ndola, por meio de auditorias, para fazer as orienta\u00e7\u00f5es e adapta\u00e7\u00f5es devidas<\/em>\u201d, afirmou. O selo de qualidade da Emater fica impresso nas embalagens de erva-mate, garantindo a seguran\u00e7a do produto que chega at\u00e9 o consumidor.<\/p>\n<p dir=\"ltr\">A representante da Embrapa Florestas do Paran\u00e1, Josileia Zanatta, falou sobre o potencial de crescimento que a erva-mate tem para o desenvolvimento de novos produtos destinados \u00e0s ind\u00fastrias farmac\u00eautica, aliment\u00edcia e de cosm\u00e9ticos. A empresa tamb\u00e9m desenvolve pesquisas sobre melhoramento gen\u00e9tico (produtividade e controle de pragas), sistemas de produ\u00e7\u00e3o e testes de novos produtos, como a ferramenta Carbon Matte, desenvolvida em parceria com a Funda\u00e7\u00e3o Solidaridad.<\/p>\n<p dir=\"ltr\">O diretor de pa\u00eds da Funda\u00e7\u00e3o Solidaridad, Rodrigo Castro, destacou as vantagens do cultivo da planta nativa da Am\u00e9rica do Sul. <em>\u201cA erva-mate oferece m\u00faltiplos benef\u00edcios para o produtor, a floresta e o clima, al\u00e9m da implanta\u00e7\u00e3o de sistemas agroflorestais que representam uma solu\u00e7\u00e3o baseada na natureza muito eficiente<\/em>\", afirmou.<\/p>\n<p dir=\"ltr\">A presidente da Associa\u00e7\u00e3o de Produtores e Parceiros da Erva-Mate do Alto Taquari (Appemat), Ariane Maia, mostrou o processo desenvolvido pela associa\u00e7\u00e3o para entrar com pedido de uma Indica\u00e7\u00e3o Geogr\u00e1fica (IG) da Erva-Mate do Alto Taquari. <em>\u201cTemos uma identidade singular que apresenta caracter\u00edsticas qu\u00edmicas e sensoriais \u00fanicas, resultantes da integra\u00e7\u00e3o entre solo, clima, manejo e processo industrial<\/em>\u201d, afirmou. O pedido da IG est\u00e1 sendo encaminhado pela associa\u00e7\u00e3o e contou com estudos do DDPA\/Seapi.<\/p>\n<hr \/>\n<h6 dir=\"ltr\"><strong>GOV RS | Texto: Maria Alice Lussani\/Ascom Seapi | Edi\u00e7\u00e3o: Secom | Foto: Divulga\u00e7\u00e3o Seapi<\/strong><\/h6>\n\n\n<center><iframe loading=\"lazy\" class=\"jmvplayer\" src=\"https:\/\/player.jmvstream.com\/lvw\/YYGWo5wfZuZ8fEW7Qoq1ISwhLSEDhU\" allowfullscreen allow=\"autoplay; fullscreen\" frameborder=\"0\" width=\"640\" height=\"360\" ><\/iframe><\/center>\n<\/div><\/div>","protected":false},"excerpt":{"rendered":"<p>Pesquisadores do DDPA apresentam evid\u00eancias de que o cultivo sombreado amplia o carbono no solo A erva-mate foi tema de debate na COP30, em Bel\u00e9m (PA), no domingo (16\/11). No painel \u201cErva-mate e o futuro verde: descarboniza\u00e7\u00e3o, florestas e comunidade\u201d, o governo do Estado, por meio de pesquisadores do Departamento de Diagn\u00f3stico e Pesquisa Agropecu\u00e1ria [&hellip;]<\/p>\n","protected":false},"author":4,"featured_media":80190,"comment_status":"open","ping_status":"open","sticky":false,"template":"","format":"standard","meta":{"footnotes":""},"categories":[1],"tags":[],"class_list":["post-80189","post","type-post","status-publish","format-standard","has-post-thumbnail","hentry","category-sem-categoria"],"_links":{"self":[{"href":"http:\/\/sol.fm.br\/radio\/wp-json\/wp\/v2\/posts\/80189","targetHints":{"allow":["GET"]}}],"collection":[{"href":"http:\/\/sol.fm.br\/radio\/wp-json\/wp\/v2\/posts"}],"about":[{"href":"http:\/\/sol.fm.br\/radio\/wp-json\/wp\/v2\/types\/post"}],"author":[{"embeddable":true,"href":"http:\/\/sol.fm.br\/radio\/wp-json\/wp\/v2\/users\/4"}],"replies":[{"embeddable":true,"href":"http:\/\/sol.fm.br\/radio\/wp-json\/wp\/v2\/comments?post=80189"}],"version-history":[{"count":1,"href":"http:\/\/sol.fm.br\/radio\/wp-json\/wp\/v2\/posts\/80189\/revisions"}],"predecessor-version":[{"id":80191,"href":"http:\/\/sol.fm.br\/radio\/wp-json\/wp\/v2\/posts\/80189\/revisions\/80191"}],"wp:featuredmedia":[{"embeddable":true,"href":"http:\/\/sol.fm.br\/radio\/wp-json\/wp\/v2\/media\/80190"}],"wp:attachment":[{"href":"http:\/\/sol.fm.br\/radio\/wp-json\/wp\/v2\/media?parent=80189"}],"wp:term":[{"taxonomy":"category","embeddable":true,"href":"http:\/\/sol.fm.br\/radio\/wp-json\/wp\/v2\/categories?post=80189"},{"taxonomy":"post_tag","embeddable":true,"href":"http:\/\/sol.fm.br\/radio\/wp-json\/wp\/v2\/tags?post=80189"}],"curies":[{"name":"wp","href":"https:\/\/api.w.org\/{rel}","templated":true}]}}