{"id":80208,"date":"2025-11-18T15:11:07","date_gmt":"2025-11-18T18:11:07","guid":{"rendered":"http:\/\/sol.fm.br\/radio\/?p=80208"},"modified":"2025-11-18T15:11:09","modified_gmt":"2025-11-18T18:11:09","slug":"concurso-de-carcacas-confirma-avanco-da-carne-hereford-na-entrega-ao-consumidor","status":"publish","type":"post","link":"http:\/\/sol.fm.br\/radio\/concurso-de-carcacas-confirma-avanco-da-carne-hereford-na-entrega-ao-consumidor\/","title":{"rendered":"Concurso de Carca\u00e7as confirma avan\u00e7o da Carne Hereford na entrega ao consumidor"},"content":{"rendered":"<div id=\"dslc-theme-content\"><div id=\"dslc-theme-content-inner\"><p style=\"text-align: center;\"><em>Com lotes padronizados, animais jovens e carca\u00e7as de alto padr\u00e3o, edi\u00e7\u00e3o confirma evolu\u00e7\u00e3o gen\u00e9tica e qualidade da carne entregue ao consumidor<\/em><\/p>\n<p>O XIII Concurso de Carca\u00e7as \u2013 Etapa Frigor\u00edfico Silva, realizado pela Associa\u00e7\u00e3o Brasileira de Hereford e Braford (ABHB), Programa Carne Hereford e Frigor\u00edfico Silva, em Santa Maria (RS), destacou a qualidade dos lotes e das carca\u00e7as Hereford, Braford e Cruza Hereford e Braford. De acordo com a ABHB, os resultados refor\u00e7am o compromisso dos produtores com a padroniza\u00e7\u00e3o, o desempenho e a excel\u00eancia na produ\u00e7\u00e3o de carne de alta qualidade.<\/p>\n<p>A executiva de Neg\u00f3cios do Frigor\u00edfico Silva, Ana Doralina Menezes, qualificou o momento como de celebra\u00e7\u00e3o e importante no sentido de todos testemunharem o crescimento das ra\u00e7as Hereford e Braford, a partir da certifica\u00e7\u00e3o das carnes oriunda de uma gen\u00e9tica de qualidade. <em>\u201cO resultado de tudo que foi visto aqui com lotes padronizados, animais jovens, pesados, carca\u00e7as bem acabadas \u00e9 consequ\u00eancia do melhoramento gen\u00e9tico destas ra\u00e7as de origem europ\u00e9ia que foram devidamente ambientadas ao Rio Grande do Sul\u201d<\/em>, constatou..<\/p>\n<p>O diretor do Programa Carne Hereford, Eduardo Eichenberg, comemorou a boa ades\u00e3o de exemplares no concurso. <em>\u201cTivemos mangueiras cheias e, acima de tudo, com animais Hereford e Braford de qualidade e que certamente ir\u00e3o gerar resultado muito positivo junto ao consumidor<\/em>\u201d, projetou.<\/p>\n<p>J\u00e1 o gerente Executivo da ABHB, Felipe Azambuja, parabenizou os produtores e agradeceu a participa\u00e7\u00e3o de todos no concurso de carca\u00e7as Hereford e Braford na unidade do Frigor\u00edfico Silva, em Santa Maria. \u201c<em>Tivemos lotes excelentes e com acabamentos maravilhosos, vindos de produtores de oito munic\u00edpios do Rio Grande do Sul. O produto est\u00e1 sendo muito bem lapidado para chegar com qualidade na mesa do consumidor\u201d<\/em>, concluiu. Azambuja refor\u00e7ou que o Programa Carne Hereford visa unir os elos da cadeia e valorizar o produtor, ind\u00fastria e consumidor.<\/p>\n<p>O Melhor Lote Hereford ficou com Ricardo Terra, de Santa Vit\u00f3ria do Palmar (RS). Segundo lugar, Luciano Terra, e terceiro, Marco Silva de Marco, ambos tamb\u00e9m de tamb\u00e9m de Santa Vit\u00f3ria do Palmar. J\u00e1 o Melhor Lote Braford foi de Carlos Edmundo Cirne Lima, de Alegrete (RS). Segundo lugar, S\u00e9rgio Renato Dias Barbi\u00e9ri, de Bag\u00e9 (RS), e terceiro lugar, Vilson Elibio Teichamann, S\u00e3o Borja (RS). E o Melhor Lote Cruza Hereford e Braford (HB) ficou com Odilon Cotica, de Andr\u00e9 da Rocha, (RS). Segundo lugar, Luis Ot\u00e1vio Gomes da Silva, Santa Vit\u00f3ria do Palmar (RS).<\/p>\n<p>Melhor Carca\u00e7a Hereford, Luciano Terra, de Santa Vit\u00f3ria do Palmar (RS). Segundo lugar Marco Silva de Marco e, terceiro lugar, Ricardo Terra, ambos tamb\u00e9m de Santa Vit\u00f3ria do Palmar. Melhor Carca\u00e7a Braford, Carlos Edmundo Cirne Lima de Alegrete (RS). Segundo lugar, Vilson Elibio Teichamann, S\u00e3o Borja (RS) e terceiro lugar, S\u00e9rgio Renato Dias Barbieri, de Bag\u00e9 (RS). Melhor Carca\u00e7a Cruza Hereford e Braford (HB) Luis Ot\u00e1vio Gomes da Silva, de Santa Vit\u00f3ria do Palmar (RS). Segundo lugar: Odilon Cotica, de Andr\u00e9 da Rocha (RS).<\/p>\n<hr \/>\n<h6><strong>AgroEffective | Assessoria de Comunica\u00e7\u00e3o da Associa\u00e7\u00e3o Brasileira de Hereford e Braford (ABHB) | <span style=\"font-size: revert; color: initial;\">Foto: ABHB\/Divulga\u00e7\u00e3o | <\/span><span style=\"font-size: revert; color: initial;\">Texto: Artur Chagas\/AgroEffective<\/span><\/strong><\/h6>\n\n\n<center><iframe loading=\"lazy\" class=\"jmvplayer\" src=\"https:\/\/player.jmvstream.com\/lvw\/YYGWo5wfZuZ8fEW7Qoq1ISwhLSEDhU\" allowfullscreen allow=\"autoplay; fullscreen\" frameborder=\"0\" width=\"640\" height=\"360\" ><\/iframe><\/center>\n<\/div><\/div>","protected":false},"excerpt":{"rendered":"<p>Com lotes padronizados, animais jovens e carca\u00e7as de alto padr\u00e3o, edi\u00e7\u00e3o confirma evolu\u00e7\u00e3o gen\u00e9tica e qualidade da carne entregue ao consumidor O XIII Concurso de Carca\u00e7as \u2013 Etapa Frigor\u00edfico Silva, realizado pela Associa\u00e7\u00e3o Brasileira de Hereford e Braford (ABHB), Programa Carne Hereford e Frigor\u00edfico Silva, em Santa Maria (RS), destacou a qualidade dos lotes e [&hellip;]<\/p>\n","protected":false},"author":4,"featured_media":80209,"comment_status":"open","ping_status":"open","sticky":false,"template":"","format":"standard","meta":{"footnotes":""},"categories":[1],"tags":[],"class_list":["post-80208","post","type-post","status-publish","format-standard","has-post-thumbnail","hentry","category-sem-categoria"],"_links":{"self":[{"href":"http:\/\/sol.fm.br\/radio\/wp-json\/wp\/v2\/posts\/80208","targetHints":{"allow":["GET"]}}],"collection":[{"href":"http:\/\/sol.fm.br\/radio\/wp-json\/wp\/v2\/posts"}],"about":[{"href":"http:\/\/sol.fm.br\/radio\/wp-json\/wp\/v2\/types\/post"}],"author":[{"embeddable":true,"href":"http:\/\/sol.fm.br\/radio\/wp-json\/wp\/v2\/users\/4"}],"replies":[{"embeddable":true,"href":"http:\/\/sol.fm.br\/radio\/wp-json\/wp\/v2\/comments?post=80208"}],"version-history":[{"count":1,"href":"http:\/\/sol.fm.br\/radio\/wp-json\/wp\/v2\/posts\/80208\/revisions"}],"predecessor-version":[{"id":80210,"href":"http:\/\/sol.fm.br\/radio\/wp-json\/wp\/v2\/posts\/80208\/revisions\/80210"}],"wp:featuredmedia":[{"embeddable":true,"href":"http:\/\/sol.fm.br\/radio\/wp-json\/wp\/v2\/media\/80209"}],"wp:attachment":[{"href":"http:\/\/sol.fm.br\/radio\/wp-json\/wp\/v2\/media?parent=80208"}],"wp:term":[{"taxonomy":"category","embeddable":true,"href":"http:\/\/sol.fm.br\/radio\/wp-json\/wp\/v2\/categories?post=80208"},{"taxonomy":"post_tag","embeddable":true,"href":"http:\/\/sol.fm.br\/radio\/wp-json\/wp\/v2\/tags?post=80208"}],"curies":[{"name":"wp","href":"https:\/\/api.w.org\/{rel}","templated":true}]}}