{"id":80211,"date":"2025-11-18T15:17:50","date_gmt":"2025-11-18T18:17:50","guid":{"rendered":"http:\/\/sol.fm.br\/radio\/?p=80211"},"modified":"2025-11-18T15:17:52","modified_gmt":"2025-11-18T18:17:52","slug":"leite-destaca-papel-estrategico-do-setor-supermercadista-na-entrega-do-premio-carrinho-agas-2025","status":"publish","type":"post","link":"http:\/\/sol.fm.br\/radio\/leite-destaca-papel-estrategico-do-setor-supermercadista-na-entrega-do-premio-carrinho-agas-2025\/","title":{"rendered":"Leite destaca papel estrat\u00e9gico do setor supermercadista na entrega do Pr\u00eamio Carrinho Agas 2025"},"content":{"rendered":"<div id=\"dslc-theme-content\"><div id=\"dslc-theme-content-inner\"><p class=\"artigo__subtitulo\" style=\"text-align: center;\"><em>Evento reconheceu empresas e lideran\u00e7as que impulsionam o varejo no Estado<\/em><\/p>\n<p dir=\"ltr\">O governador Eduardo Leite participou, na noite desta segunda-feira (17\/11), da 42\u00aa edi\u00e7\u00e3o do Pr\u00eamio Carrinho Agas, promovido pela Associa\u00e7\u00e3o Ga\u00facha de Supermercados (Agas), no Gr\u00eamio N\u00e1utico Uni\u00e3o, em Porto Alegre. A premia\u00e7\u00e3o, realizada desde 1984, reconhece empresas e personalidades que se destacaram em segmentos ligados \u00e0 cadeia de abastecimento e ao varejo supermercadista ga\u00facho, no ano de 2025.<\/p>\n<p dir=\"ltr\">Nesta edi\u00e7\u00e3o, 39 agraciados foram escolhidos a partir da avalia\u00e7\u00e3o direta de 147 empres\u00e1rios do setor, com base em crit\u00e9rios como inova\u00e7\u00e3o, agilidade, qualidade de atendimento, participa\u00e7\u00e3o de mercado e relacionamento com o varejo. O setor, que est\u00e1 presente em todos os munic\u00edpios ga\u00fachos, fatura R$ 69,8 bilh\u00f5es por ano, o equivalente a 9,1% do PIB do Estado, empregando 172 mil pessoas e recebendo 4 milh\u00f5es de consumidores por dia.<\/p>\n<ul>\n<li dir=\"ltr\"><a href=\"https:\/\/www.estado.rs.gov.br\/leite-lanca-o-rs-digital-programa-de-desenvolvimento-municipal-do-estado\" target=\"_blank\" rel=\"noopener\"><b>Leite lan\u00e7a o RS+Digital, programa de desenvolvimento municipal do Estado<\/b><\/a><\/li>\n<\/ul>\n<p dir=\"ltr\">Em sua fala, Leite refor\u00e7ou a import\u00e2ncia do varejo na economia estadual e seu papel estrat\u00e9gico para a competitividade do Rio Grande do Sul. \u201c<em>O setor supermercadista \u00e9 um dos pilares da economia ga\u00facha. Ele representa quase 70 bilh\u00f5es em faturamento, movimenta mais de 170 mil empregos diretos e garante presen\u00e7a em todos os munic\u00edpios do Estado. Mais do que n\u00fameros, isso mostra a for\u00e7a de uma atividade que impulsiona investimentos, estimula a inova\u00e7\u00e3o e mant\u00e9m a economia em movimento. Por isso, reconhecemos hoje empresas e lideran\u00e7as que n\u00e3o s\u00f3 entregam resultados, mas que ajudam a transformar o varejo, fortalecer o ambiente de neg\u00f3cios e nos inspiram a seguir trabalhando juntos por um Estado mais forte, mais justo e mais resiliente<\/em>\u201d, apontou.<\/p>\n<ul>\n<li dir=\"ltr\"><a href=\"https:\/\/www.estado.rs.gov.br\/leite-autoriza-inicio-das-obras-de-mais-um-trecho-na-ers-348-entre-agudo-e-dona-francisca\" target=\"_blank\" rel=\"noopener\"><b>Leite autoriza in\u00edcio das obras de mais um trecho na ERS-348, entre Agudo e Dona Francisca<\/b><\/a><\/li>\n<\/ul>\n<p dir=\"ltr\"><strong>Di\u00e1logo e compromisso<\/strong><\/p>\n<p dir=\"ltr\">O governador tamb\u00e9m ressaltou o di\u00e1logo do Estado com o setor supermercadista. \u201c<em>A rela\u00e7\u00e3o da Agas com o governo sempre foi pautada por respeito, lealdade e compromisso com o Rio Grande. \u00c9 assim que n\u00f3s constru\u00edmos pol\u00edticas p\u00fablicas eficazes: ouvindo, dialogando e buscando solu\u00e7\u00f5es que atendam ao interesse coletivo<\/em>\u201d, declarou.<\/p>\n<p dir=\"ltr\"><img loading=\"lazy\" decoding=\"async\" class=\"alignnone size-medium wp-image-80213 aligncenter\" src=\"http:\/\/sol.fm.br\/radio\/wp-content\/uploads\/2025\/11\/51-1-400x267.jpeg\" alt=\"\" width=\"400\" height=\"267\" srcset=\"http:\/\/sol.fm.br\/radio\/wp-content\/uploads\/2025\/11\/51-1-400x267.jpeg 400w, http:\/\/sol.fm.br\/radio\/wp-content\/uploads\/2025\/11\/51-1-768x512.jpeg 768w, http:\/\/sol.fm.br\/radio\/wp-content\/uploads\/2025\/11\/51-1-600x400.jpeg 600w, http:\/\/sol.fm.br\/radio\/wp-content\/uploads\/2025\/11\/51-1.jpeg 945w\" sizes=\"auto, (max-width: 400px) 100vw, 400px\" \/><\/p>\n<p dir=\"ltr\">O presidente da Agas, Lindonor Peruzzo Junior, enfatizou a import\u00e2ncia do momento vivido pela entidade e o compromisso com inova\u00e7\u00e3o e di\u00e1logo: <em>\u201cO Carrinho Agas 2025 tem um significado especial, porque marca tamb\u00e9m uma nova fase da Agas: mais colaborativa, transparente e pr\u00f3xima dos associados. Pela primeira vez, adotamos uma pesquisa totalmente espont\u00e2nea para premiar os melhores do ano, garantindo mais justi\u00e7a e oportunidade a todas as empresas. Seguiremos defendendo o nosso setor com firmeza, responsabilidade e di\u00e1logo, sempre abertos a ouvir, acolher e construir solu\u00e7\u00f5es coletivas para fortalecer o varejo ga\u00facho<\/em>\u201d, discursou.<\/p>\n<p dir=\"ltr\">Al\u00e9m da entrega de trof\u00e9us em 39 categorias, incluindo \u201cPersonalidade P\u00fablica do Ano\u201d, \u201cEmpres\u00e1rio do Ano\u201d e \u201cPr\u00eamio Centen\u00e1rio\u201d, a cerim\u00f4nia tamb\u00e9m contou com a posse do Conselho Superior da Agas.<\/p>\n<p dir=\"ltr\"><img loading=\"lazy\" decoding=\"async\" class=\"alignnone size-medium wp-image-80214 aligncenter\" src=\"http:\/\/sol.fm.br\/radio\/wp-content\/uploads\/2025\/11\/52-1-400x267.jpeg\" alt=\"\" width=\"400\" height=\"267\" srcset=\"http:\/\/sol.fm.br\/radio\/wp-content\/uploads\/2025\/11\/52-1-400x267.jpeg 400w, http:\/\/sol.fm.br\/radio\/wp-content\/uploads\/2025\/11\/52-1-768x512.jpeg 768w, http:\/\/sol.fm.br\/radio\/wp-content\/uploads\/2025\/11\/52-1-600x400.jpeg 600w, http:\/\/sol.fm.br\/radio\/wp-content\/uploads\/2025\/11\/52-1.jpeg 945w\" sizes=\"auto, (max-width: 400px) 100vw, 400px\" \/><\/p>\n<hr \/>\n<h6 dir=\"ltr\"><strong>GOV RS | Texto: Sue Gotardo\/Secom | Edi\u00e7\u00e3o: Secom | Fotos: Vitor Rosa\/Secom<\/strong><\/h6>\n\n\n<center><iframe loading=\"lazy\" class=\"jmvplayer\" src=\"https:\/\/player.jmvstream.com\/lvw\/YYGWo5wfZuZ8fEW7Qoq1ISwhLSEDhU\" allowfullscreen allow=\"autoplay; fullscreen\" frameborder=\"0\" width=\"640\" height=\"360\" ><\/iframe><\/center>\n<\/div><\/div>","protected":false},"excerpt":{"rendered":"<p>Evento reconheceu empresas e lideran\u00e7as que impulsionam o varejo no Estado O governador Eduardo Leite participou, na noite desta segunda-feira (17\/11), da 42\u00aa edi\u00e7\u00e3o do Pr\u00eamio Carrinho Agas, promovido pela Associa\u00e7\u00e3o Ga\u00facha de Supermercados (Agas), no Gr\u00eamio N\u00e1utico Uni\u00e3o, em Porto Alegre. A premia\u00e7\u00e3o, realizada desde 1984, reconhece empresas e personalidades que se destacaram em [&hellip;]<\/p>\n","protected":false},"author":4,"featured_media":80212,"comment_status":"open","ping_status":"open","sticky":false,"template":"","format":"standard","meta":{"footnotes":""},"categories":[1],"tags":[],"class_list":["post-80211","post","type-post","status-publish","format-standard","has-post-thumbnail","hentry","category-sem-categoria"],"_links":{"self":[{"href":"http:\/\/sol.fm.br\/radio\/wp-json\/wp\/v2\/posts\/80211","targetHints":{"allow":["GET"]}}],"collection":[{"href":"http:\/\/sol.fm.br\/radio\/wp-json\/wp\/v2\/posts"}],"about":[{"href":"http:\/\/sol.fm.br\/radio\/wp-json\/wp\/v2\/types\/post"}],"author":[{"embeddable":true,"href":"http:\/\/sol.fm.br\/radio\/wp-json\/wp\/v2\/users\/4"}],"replies":[{"embeddable":true,"href":"http:\/\/sol.fm.br\/radio\/wp-json\/wp\/v2\/comments?post=80211"}],"version-history":[{"count":1,"href":"http:\/\/sol.fm.br\/radio\/wp-json\/wp\/v2\/posts\/80211\/revisions"}],"predecessor-version":[{"id":80215,"href":"http:\/\/sol.fm.br\/radio\/wp-json\/wp\/v2\/posts\/80211\/revisions\/80215"}],"wp:featuredmedia":[{"embeddable":true,"href":"http:\/\/sol.fm.br\/radio\/wp-json\/wp\/v2\/media\/80212"}],"wp:attachment":[{"href":"http:\/\/sol.fm.br\/radio\/wp-json\/wp\/v2\/media?parent=80211"}],"wp:term":[{"taxonomy":"category","embeddable":true,"href":"http:\/\/sol.fm.br\/radio\/wp-json\/wp\/v2\/categories?post=80211"},{"taxonomy":"post_tag","embeddable":true,"href":"http:\/\/sol.fm.br\/radio\/wp-json\/wp\/v2\/tags?post=80211"}],"curies":[{"name":"wp","href":"https:\/\/api.w.org\/{rel}","templated":true}]}}