{"id":80219,"date":"2025-11-18T16:45:47","date_gmt":"2025-11-18T19:45:47","guid":{"rendered":"http:\/\/sol.fm.br\/radio\/?p=80219"},"modified":"2025-11-18T16:45:49","modified_gmt":"2025-11-18T19:45:49","slug":"crise-do-setor-leiteiro-e-oportunidades-de-enfrenta-la-serao-tema-no-encontro-do-ensino-agricola","status":"publish","type":"post","link":"http:\/\/sol.fm.br\/radio\/crise-do-setor-leiteiro-e-oportunidades-de-enfrenta-la-serao-tema-no-encontro-do-ensino-agricola\/","title":{"rendered":"Crise do setor leiteiro e oportunidades de enfrent\u00e1-la ser\u00e3o tema no Encontro do Ensino Agr\u00edcola"},"content":{"rendered":"<div id=\"dslc-theme-content\"><div id=\"dslc-theme-content-inner\"><p style=\"text-align: center;\"><em>Evento que chega a sua 40\u00aa edi\u00e7\u00e3o, contar\u00e1 com o presidente da Gadolando para tra\u00e7ar um panorama da produ\u00e7\u00e3o de leite no estado<\/em><\/p>\n<p>Em meio a uma grande crise devido aos custos elevados de produ\u00e7\u00e3o e baixa remunera\u00e7\u00e3o por litro de leite, a produ\u00e7\u00e3o leiteira no Rio Grande do Sul ser\u00e1 tema de uma das palestras que integram a programa\u00e7\u00e3o do 40\u00ba Encontro Estadual do Ensino Agr\u00edcola. Promovido e organizado pela Associa\u00e7\u00e3o Ga\u00facha de Professores T\u00e9cnicos do Ensino Agr\u00edcola (Agptea) o evento ser\u00e1 realizado entre os dias 26 e 29 de novembro, em Porto Alegre.<\/p>\n<p>O presidente da Associa\u00e7\u00e3o dos Criadores de Gado Holand\u00eas do Rio Grande do Sul (Gadolando), Marcos Tang, vai falar sobre o setor leiteiro, no dia 28. Criador e produtor de leite em parceria com a fam\u00edlia, na Granja Tang, de Farroupilha (RS), o dirigente destaca a integra\u00e7\u00e3o das duas entidades, seja na realiza\u00e7\u00e3o de eventos, como a Fenasul Expoleite, como tamb\u00e9m na dissemina\u00e7\u00e3o de conhecimento. <em>\u201cPara quem quer come\u00e7ar na atividade, por mais paradoxal que seja, a crise deve ser abordada, alguns caminhos apontados, temos trabalhado junto com todas as entidades nisso e queremos levar um pouco desta experi\u00eancia como produtor<\/em>\u201d, afirma Tang.<\/p>\n<p>Em sua palestra, no Hotel Embaixador onde ser\u00e1 realizado o encontro, Marcos Tang abordar\u00e1 os principais fatores que levam a produ\u00e7\u00e3o leiteira no Rio Grande do Sul ao momento atual, de acentuada crise. Segundo ele, h\u00e1 uma oferta muito grande de leite no momento, e importa\u00e7\u00f5es desenfreadas, desonestas na competi\u00e7\u00e3o com o produtor, redundando em uma remunera\u00e7\u00e3o baixa ao litro de leite. <em>\u201cCom isso, dificuldades na atividade para continuar investindo, para se manter. Dificuldade n\u00e3o \u00e9 a primeira vez que se enfrenta, nem ser\u00e1 a \u00faltima, e quem consegue sobreviver a ela, geralmente sai fortalecido e provavelmente aprende muito com essas crises e vai se lapidando<\/em>\u201d, garante o produtor.<\/p>\n<p>Lembrando que \u00e9 criador desde que nasceu, Marcos Tang observa que j\u00e1 viu muitas coisas no setor, <em>\u201cmas esta \u00e9 uma crise das maiores, realmente<\/em>\u201d. Ele conta que n\u00e3o tem como fugir dela, mas que, em sua fala, pretende apontar caminhos para a solu\u00e7\u00e3o e oportunidades. Ele ainda destaca que o produtor que puder, deve aproveitar este momento para investir em vacas, pois elas est\u00e3o com um custo menor e logo ali, quando o leite melhorar, elas v\u00e3o estar custando mais.<\/p>\n<hr \/>\n<h6><strong>AgroEffective | Assessoria de Comunica\u00e7\u00e3o da Associa\u00e7\u00e3o Ga\u00facha de Professores T\u00e9cnicos de Ensino Agr\u00edcola (Agptea) | <span style=\"font-size: revert; color: initial;\">Foto: Divulga\u00e7\u00e3o | <\/span><span style=\"font-size: revert; color: initial;\">Texto: Ieda Risco\/AgroEffective<\/span><\/strong><\/h6>\n\n\n<center><iframe loading=\"lazy\" class=\"jmvplayer\" src=\"https:\/\/player.jmvstream.com\/lvw\/YYGWo5wfZuZ8fEW7Qoq1ISwhLSEDhU\" allowfullscreen allow=\"autoplay; fullscreen\" frameborder=\"0\" width=\"640\" height=\"360\" ><\/iframe><\/center>\n<\/div><\/div>","protected":false},"excerpt":{"rendered":"<p>Evento que chega a sua 40\u00aa edi\u00e7\u00e3o, contar\u00e1 com o presidente da Gadolando para tra\u00e7ar um panorama da produ\u00e7\u00e3o de leite no estado Em meio a uma grande crise devido aos custos elevados de produ\u00e7\u00e3o e baixa remunera\u00e7\u00e3o por litro de leite, a produ\u00e7\u00e3o leiteira no Rio Grande do Sul ser\u00e1 tema de uma das [&hellip;]<\/p>\n","protected":false},"author":4,"featured_media":80220,"comment_status":"open","ping_status":"open","sticky":false,"template":"","format":"standard","meta":{"footnotes":""},"categories":[1],"tags":[],"class_list":["post-80219","post","type-post","status-publish","format-standard","has-post-thumbnail","hentry","category-sem-categoria"],"_links":{"self":[{"href":"http:\/\/sol.fm.br\/radio\/wp-json\/wp\/v2\/posts\/80219","targetHints":{"allow":["GET"]}}],"collection":[{"href":"http:\/\/sol.fm.br\/radio\/wp-json\/wp\/v2\/posts"}],"about":[{"href":"http:\/\/sol.fm.br\/radio\/wp-json\/wp\/v2\/types\/post"}],"author":[{"embeddable":true,"href":"http:\/\/sol.fm.br\/radio\/wp-json\/wp\/v2\/users\/4"}],"replies":[{"embeddable":true,"href":"http:\/\/sol.fm.br\/radio\/wp-json\/wp\/v2\/comments?post=80219"}],"version-history":[{"count":1,"href":"http:\/\/sol.fm.br\/radio\/wp-json\/wp\/v2\/posts\/80219\/revisions"}],"predecessor-version":[{"id":80221,"href":"http:\/\/sol.fm.br\/radio\/wp-json\/wp\/v2\/posts\/80219\/revisions\/80221"}],"wp:featuredmedia":[{"embeddable":true,"href":"http:\/\/sol.fm.br\/radio\/wp-json\/wp\/v2\/media\/80220"}],"wp:attachment":[{"href":"http:\/\/sol.fm.br\/radio\/wp-json\/wp\/v2\/media?parent=80219"}],"wp:term":[{"taxonomy":"category","embeddable":true,"href":"http:\/\/sol.fm.br\/radio\/wp-json\/wp\/v2\/categories?post=80219"},{"taxonomy":"post_tag","embeddable":true,"href":"http:\/\/sol.fm.br\/radio\/wp-json\/wp\/v2\/tags?post=80219"}],"curies":[{"name":"wp","href":"https:\/\/api.w.org\/{rel}","templated":true}]}}