{"id":80232,"date":"2025-11-19T09:47:30","date_gmt":"2025-11-19T12:47:30","guid":{"rendered":"http:\/\/sol.fm.br\/radio\/?p=80232"},"modified":"2025-11-19T09:47:32","modified_gmt":"2025-11-19T12:47:32","slug":"governo-leite-promove-audiencias-publicas-em-gramado-e-taquara-para-debater-projeto-de-concessao-de-rodovias-do-bloco-1","status":"publish","type":"post","link":"http:\/\/sol.fm.br\/radio\/governo-leite-promove-audiencias-publicas-em-gramado-e-taquara-para-debater-projeto-de-concessao-de-rodovias-do-bloco-1\/","title":{"rendered":"Governo Leite promove audi\u00eancias p\u00fablicas em Gramado e Taquara para debater projeto de concess\u00e3o de rodovias do Bloco 1"},"content":{"rendered":"<div id=\"dslc-theme-content\"><div id=\"dslc-theme-content-inner\"><p class=\"artigo__subtitulo\" style=\"text-align: center;\"><em>Encontros presenciais comp\u00f5em etapa de consulta p\u00fablica que, at\u00e9 dezembro, tamb\u00e9m recebe sugest\u00f5es por meio de formul\u00e1rio online<\/em><\/p>\n<p>O governo do Estado apresentou o projeto da concess\u00e3o de rodovias do chamado Bloco 1, que re\u00fane estradas da Serra, da Regi\u00e3o Metropolitana e do Litoral Norte, em duas audi\u00eancias p\u00fablicas realizadas na ter\u00e7a-feira (18\/11) em Gramado e em Taquara. Nos dois encontros, estiveram\u00a0presentes prefeitos, vereadores, secret\u00e1rios municipais, empres\u00e1rios e representantes de entidades locais, entre outros segmentos da popula\u00e7\u00e3o.<\/p>\n<ul>\n<li><a href=\"https:\/\/www.estado.rs.gov.br\/por-que-o-governo-do-estado-esta-fazendo-concessoes-de-rodovias-do-chamado-bloco-1\" target=\"_blank\" rel=\"noopener\"><strong>Por que o governo do Estado est\u00e1 fazendo concess\u00f5es de rodovias do chamado Bloco 1?<br \/><br \/><\/strong><\/a><\/li>\n<li><strong><a href=\"https:\/\/www.estado.rs.gov.br\/governo-do-estado-abre-etapa-para-consulta-publica-sobre-a-concessao-do-bloco-1-de-rodovias\" target=\"_blank\" rel=\"noopener\">Governo do Estado abre etapa para consulta p\u00fablica sobre a concess\u00e3o do Bloco 1 de rodovias<br \/><\/a><br \/><\/strong><\/li>\n<\/ul>\n<p>As duas audi\u00eancias formam parte da etapa de consulta p\u00fablica do projeto de concess\u00e3o, per\u00edodo que se estende at\u00e9 o m\u00eas de dezembro. O Bloco 1, composto por 454 quil\u00f4metros de extens\u00e3o, prev\u00ea a constru\u00e7\u00e3o de uma nova rodovia, a ERS-010, e conta com trechos das estradas ERS-020, ERS-040, ERS-115, ERS-118, ERS-235, ERS-239, ERS-466 e ERS-474.<\/p>\n<p>Foram objeto de questionamento a localiza\u00e7\u00e3o dos p\u00f3rticos de ped\u00e1gio, o funcionamento da modalidade\u00a0<em>free flow<\/em>, o valor das tarifas e a extens\u00e3o dos trechos duplicados na regi\u00e3o, bem como os preju\u00edzos registrados nas cidades ap\u00f3s as enchentes.<\/p>\n<ul>\n<li><a href=\"https:\/\/www.estado.rs.gov.br\/quais-as-principais-vantagens-do-sistema-free-flow-implantado-em-rodovias-do-rio-grande-do-sul\" target=\"_blank\" rel=\"noopener\"><strong>Quais as principais vantagens do sistema free flow nas rodovias?<br \/><br \/><\/strong><\/a><\/li>\n<\/ul>\n<p><strong>Investimentos via Fundo do Plano Rio Grande<\/strong><\/p>\n<p>Essas rodovias atendem 34% da popula\u00e7\u00e3o ga\u00facha e foram, direta ou indiretamente, afetadas pelas enchentes hist\u00f3ricas de ano de 2024. O investimento ser\u00e1 de R$ 6,41 bilh\u00f5es ao longo dos 30 anos da concess\u00e3o. Nos primeiros dez anos, os recursos aportados ser\u00e3o de R$ 4,86 bilh\u00f5es. O governo do Estado ir\u00e1 investir R$ 1,5 bilh\u00e3o, via Fundo do Plano Rio Grande (Funrigs).<\/p>\n<p>Liderado pelo governador Eduardo Leite, o\u00a0<a href=\"https:\/\/planoriogrande.rs.gov.br\/inicial\" target=\"_blank\" rel=\"noopener\"><strong>Plano Rio Grande<\/strong><\/a>\u00a0\u00e9 um programa de Estado criado para proteger a popula\u00e7\u00e3o, reconstruir o Rio Grande do Sul e torn\u00e1-lo ainda mais forte e resiliente, preparado para o futuro.<\/p>\n<p>O secret\u00e1rio da Reconstru\u00e7\u00e3o Ga\u00facha, Pedro Capeluppi, que esteve \u00e0 frente da apresenta\u00e7\u00e3o do projeto, ressaltou que<em> \u201ceste \u00e9 um dos momentos mais importantes da etapa de consulta porque essas discuss\u00f5es permitem que a proposta seja aprimorada. Sabemos que os investimentos em infraestrutura das \u00faltimas d\u00e9cadas n\u00e3o estiveram \u00e0 altura do potencial dessas regi\u00f5es e por isso buscamos um novo modelo de investimento<\/em>\u201d, destacou.<\/p>\n<p>J\u00e1 o secret\u00e1rio de Comunica\u00e7\u00e3o,\u00a0Caio Tomazeli, enfatizou a import\u00e2ncia do projeto para a regi\u00e3o.\u00a0<em>\u201cSabemos que as cidades dessa regi\u00e3o, como Gramado e Canela, esperam h\u00e1 vinte anos para discutir um projeto desse tamanho para a infraestrutura da regi\u00e3o. Essas cidades mudaram e cresceram muito, mas a estrutura rodovi\u00e1ria n\u00e3o acompanhou. Temos agora a chance de realizar esse debate e apresentar uma proposta a partir da concess\u00e3o\u201d<\/em>, afirmou.<\/p>\n<ul>\n<li><a href=\"https:\/\/www.estado.rs.gov.br\/eduardo-leite-apresenta-investimentos-de-mais-de-r-12-bilhoes-em-rodovias-dos-blocos-1-e-2-sem-pedagio-na-ers-118\" target=\"_blank\" rel=\"noopener\"><strong>Eduardo Leite apresenta investimentos de mais de R$ 12 bilh\u00f5es em rodovias dos Blocos 1 e 2, sem ped\u00e1gio na ERS-118<\/strong><\/a><\/li>\n<\/ul>\n<p><img loading=\"lazy\" decoding=\"async\" class=\"alignnone size-medium wp-image-80234 aligncenter\" src=\"http:\/\/sol.fm.br\/radio\/wp-content\/uploads\/2025\/11\/1.1-400x300.jpeg\" alt=\"\" width=\"400\" height=\"300\" srcset=\"http:\/\/sol.fm.br\/radio\/wp-content\/uploads\/2025\/11\/1.1-400x300.jpeg 400w, http:\/\/sol.fm.br\/radio\/wp-content\/uploads\/2025\/11\/1.1-768x575.jpeg 768w, http:\/\/sol.fm.br\/radio\/wp-content\/uploads\/2025\/11\/1.1.jpeg 945w\" sizes=\"auto, (max-width: 400px) 100vw, 400px\" \/><\/p>\n<p><strong>Pr\u00f3ximas audi\u00eancias<\/strong><\/p>\n<p>Na pr\u00f3xima ter\u00e7a-feira (25\/11), outras duas audi\u00eancias p\u00fablicas ser\u00e3o realizadas na Regi\u00e3o Metropolitana: em Gravata\u00ed, \u00e0s 9h30, e em Novo Hamburgo, \u00e0s 15h30. Durante a etapa de consulta p\u00fablica, os interessados podem participar tamb\u00e9m de maneira remota atrav\u00e9s de\u00a0<a href=\"https:\/\/parcerias.rs.gov.br\/rodovia-bloco-1\" target=\"_blank\" rel=\"noopener\"><strong>formul\u00e1rio<\/strong><\/a>\u00a0no site sobre o Bloco 1.\u00a0Al\u00e9m disso, os interessados tamb\u00e9m podem enviar\u00a0sugest\u00f5es pelo e-mail\u00a0<a href=\"mailto:consultarodovias@serg.rs.gov.br\" target=\"_blank\" rel=\"noopener\"><strong>consultarodovias@serg.rs.gov.br<\/strong><\/a>\u00a0durante o per\u00edodo de vig\u00eancia da consulta.<\/p>\n<ul>\n<li><a href=\"https:\/\/parcerias.rs.gov.br\/rodovia-bloco-1\" target=\"_blank\" rel=\"noopener\"><strong>Formul\u00e1rio de contribui\u00e7\u00f5es sobre o Bloco 1<br \/><br \/><\/strong><\/a><\/li>\n<li><a href=\"https:\/\/parcerias.rs.gov.br\/rodovia-bloco-1\" target=\"_blank\" rel=\"noopener\"><strong>Links das transmiss\u00f5es das audi\u00eancias p\u00fablicas<\/strong><\/a><\/li>\n<\/ul>\n<p><img loading=\"lazy\" decoding=\"async\" class=\"alignnone size-medium wp-image-80235 aligncenter\" src=\"http:\/\/sol.fm.br\/radio\/wp-content\/uploads\/2025\/11\/12-400x267.jpeg\" alt=\"\" width=\"400\" height=\"267\" srcset=\"http:\/\/sol.fm.br\/radio\/wp-content\/uploads\/2025\/11\/12-400x267.jpeg 400w, http:\/\/sol.fm.br\/radio\/wp-content\/uploads\/2025\/11\/12-768x512.jpeg 768w, http:\/\/sol.fm.br\/radio\/wp-content\/uploads\/2025\/11\/12-600x400.jpeg 600w, http:\/\/sol.fm.br\/radio\/wp-content\/uploads\/2025\/11\/12.jpeg 945w\" sizes=\"auto, (max-width: 400px) 100vw, 400px\" \/><\/p>\n<hr \/>\n<h6><strong>GOV RS | Texto: Iuri M\u00fcller\/Ascom Serg | Edi\u00e7\u00e3o: Secom | Fotos: Ascom Serg<\/strong><\/h6>\n\n\n<center><iframe loading=\"lazy\" class=\"jmvplayer\" src=\"https:\/\/player.jmvstream.com\/lvw\/YYGWo5wfZuZ8fEW7Qoq1ISwhLSEDhU\" allowfullscreen allow=\"autoplay; fullscreen\" frameborder=\"0\" width=\"640\" height=\"360\" ><\/iframe><\/center>\n<\/div><\/div>","protected":false},"excerpt":{"rendered":"<p>Encontros presenciais comp\u00f5em etapa de consulta p\u00fablica que, at\u00e9 dezembro, tamb\u00e9m recebe sugest\u00f5es por meio de formul\u00e1rio online O governo do Estado apresentou o projeto da concess\u00e3o de rodovias do chamado Bloco 1, que re\u00fane estradas da Serra, da Regi\u00e3o Metropolitana e do Litoral Norte, em duas audi\u00eancias p\u00fablicas realizadas na ter\u00e7a-feira (18\/11) em Gramado [&hellip;]<\/p>\n","protected":false},"author":4,"featured_media":80233,"comment_status":"open","ping_status":"open","sticky":false,"template":"","format":"standard","meta":{"footnotes":""},"categories":[1],"tags":[],"class_list":["post-80232","post","type-post","status-publish","format-standard","has-post-thumbnail","hentry","category-sem-categoria"],"_links":{"self":[{"href":"http:\/\/sol.fm.br\/radio\/wp-json\/wp\/v2\/posts\/80232","targetHints":{"allow":["GET"]}}],"collection":[{"href":"http:\/\/sol.fm.br\/radio\/wp-json\/wp\/v2\/posts"}],"about":[{"href":"http:\/\/sol.fm.br\/radio\/wp-json\/wp\/v2\/types\/post"}],"author":[{"embeddable":true,"href":"http:\/\/sol.fm.br\/radio\/wp-json\/wp\/v2\/users\/4"}],"replies":[{"embeddable":true,"href":"http:\/\/sol.fm.br\/radio\/wp-json\/wp\/v2\/comments?post=80232"}],"version-history":[{"count":1,"href":"http:\/\/sol.fm.br\/radio\/wp-json\/wp\/v2\/posts\/80232\/revisions"}],"predecessor-version":[{"id":80236,"href":"http:\/\/sol.fm.br\/radio\/wp-json\/wp\/v2\/posts\/80232\/revisions\/80236"}],"wp:featuredmedia":[{"embeddable":true,"href":"http:\/\/sol.fm.br\/radio\/wp-json\/wp\/v2\/media\/80233"}],"wp:attachment":[{"href":"http:\/\/sol.fm.br\/radio\/wp-json\/wp\/v2\/media?parent=80232"}],"wp:term":[{"taxonomy":"category","embeddable":true,"href":"http:\/\/sol.fm.br\/radio\/wp-json\/wp\/v2\/categories?post=80232"},{"taxonomy":"post_tag","embeddable":true,"href":"http:\/\/sol.fm.br\/radio\/wp-json\/wp\/v2\/tags?post=80232"}],"curies":[{"name":"wp","href":"https:\/\/api.w.org\/{rel}","templated":true}]}}