{"id":80237,"date":"2025-11-19T09:59:08","date_gmt":"2025-11-19T12:59:08","guid":{"rendered":"http:\/\/sol.fm.br\/radio\/?p=80237"},"modified":"2025-11-19T09:59:11","modified_gmt":"2025-11-19T12:59:11","slug":"abimetal-sicetel-lidera-esforco-setorial-e-convida-ipem-sp-para-integrar-iniciativa-em-defesa-do-aco-brasileiro","status":"publish","type":"post","link":"http:\/\/sol.fm.br\/radio\/abimetal-sicetel-lidera-esforco-setorial-e-convida-ipem-sp-para-integrar-iniciativa-em-defesa-do-aco-brasileiro\/","title":{"rendered":"Abimetal-Sicetel lidera esfor\u00e7o setorial e convida IPEM-SP para integrar iniciativa em defesa do a\u00e7o brasileiro"},"content":{"rendered":"<div id=\"dslc-theme-content\"><div id=\"dslc-theme-content-inner\"><p style=\"text-align: center;\"><i data-olk-copy-source=\"MessageBody\">Entidade prop\u00f5e colabora\u00e7\u00e3o com o Instituto para aprimorar normas e refor\u00e7ar a fiscaliza\u00e7\u00e3o de produtos usados na constru\u00e7\u00e3o civil<\/i><\/p>\n<div>\n<p>A Associa\u00e7\u00e3o Brasileira da Ind\u00fastria Processadora de A\u00e7o e o Sindicato Nacional da Ind\u00fastria Processadora de A\u00e7o (Abimetal-Sicetel) lideram um esfor\u00e7o conjunto com o Instituto de Pesos e Medidas do Estado de S\u00e3o Paulo (IPEM-SP) para fortalecer a fiscaliza\u00e7\u00e3o e garantir a conformidade dos produtos de a\u00e7o utilizados na constru\u00e7\u00e3o civil. A iniciativa, proposta pela Abimetal-Sicetel, tem o objetivo de aprimorar as normas de qualidade e seguran\u00e7a aplic\u00e1veis ao setor, coibindo a comercializa\u00e7\u00e3o de materiais fora dos padr\u00f5es t\u00e9cnicos.<\/p>\n<p>O movimento resultou na cria\u00e7\u00e3o, pelo IPEM-SP, da Portaria n\u00ba 120\/2025, que formaliza um grupo dedicado \u00e0 revis\u00e3o e ao aperfei\u00e7oamento das regras de controle de qualidade de produtos como telas e vergalh\u00f5es. A medida faz parte dos esfor\u00e7os da Abimetal-Sicetel, que vem atuando para aproximar o setor produtivo dos \u00f3rg\u00e3os de fiscaliza\u00e7\u00e3o e certifica\u00e7\u00e3o, como o IPEM-SP, a fim de fortalecer a fiscaliza\u00e7\u00e3o e aprimorar a regula\u00e7\u00e3o de produtos de a\u00e7o, levando o debate, a experi\u00eancia do setor e as demandas reais da ind\u00fastria.<\/p>\n<p>Para o presidente da associa\u00e7\u00e3o, Ricardo Martins, a medida representa um avan\u00e7o significativo para o setor e o resultado direto da articula\u00e7\u00e3o das entidades com o poder p\u00fablico. \u201cEssa iniciativa \u00e9 fruto de um di\u00e1logo t\u00e9cnico e construtivo que vem sendo mantido com o IPEM-SP. \u00c9 um passo decisivo para garantir mais rigor na fiscaliza\u00e7\u00e3o e combater pr\u00e1ticas que prejudicam quem atua dentro das normas\u201d, destaca o representante da Abimetal-Sicetel.<\/p>\n<p><em>\u201cVamos contribuir com a viv\u00eancia do mercado, compartilhando informa\u00e7\u00f5es e dados que ajudem a identificar gargalos e na proposta de solu\u00e7\u00f5es. Esse trabalho conjunto \u00e9 fundamental para que o processo regulat\u00f3rio reflita a realidade das empresas e promova um ambiente mais equilibrado e competitivo\u201d,<\/em> afirma.<\/p>\n<p>A iniciativa est\u00e1 alinhada \u00e0 Portaria Inmetro n\u00ba 139\/2021, que define regras para barras e fios de a\u00e7o destinados a armaduras de concreto armado, e dever\u00e1 avaliar a amplia\u00e7\u00e3o desse regulamento ou a cria\u00e7\u00e3o de um novo RAC (Regulamento de Avalia\u00e7\u00e3o da Conformidade), que inclua telas e outros produtos correlatos ainda sem norma espec\u00edfica.<\/p>\n<p>O presidente ressalta, ainda, que o movimento vai muito al\u00e9m da atualiza\u00e7\u00e3o t\u00e9cnica, representando um esfor\u00e7o coletivo para fortalecer o mercado nacional de a\u00e7o. <em>\u201cEsse grupo \u00e9 um marco hist\u00f3rico na defesa da ind\u00fastria do a\u00e7o brasileiro. Ele mostra que o setor est\u00e1 unido e comprometido com a qualidade, a seguran\u00e7a e a lealdade comercial. \u00c9 uma conquista que refor\u00e7a a credibilidade da ind\u00fastria e protege o consumidor final\u201d,<\/em> avalia Martins.<\/p>\n<p>Entre os resultados esperados, o presidente aponta o combate \u00e0 concorr\u00eancia desleal como um dos ganhos mais significativos. \u201c<em>Queremos eliminar pr\u00e1ticas predat\u00f3rias e proteger o fabricante que investe em qualidade, tecnologia e conformidade. Essa \u00e9 uma conquista do setor e um compromisso com o futuro da ind\u00fastria brasileira de a\u00e7o<\/em>\u201d, conclui.<\/p>\n<p>Com essa iniciativa, a Abimetal-Sicetel refor\u00e7a seu papel na defesa da ind\u00fastria nacional e na promo\u00e7\u00e3o de pr\u00e1ticas que assegurem a qualidade dos materiais comercializados, contribuindo para a seguran\u00e7a das obras e para a competitividade do mercado de a\u00e7o processado.<br clear=\"none\" \/><br clear=\"none\" \/><\/p>\n<hr \/>\n<p><strong><u>Sobre a Abimetal-Sicetel:<\/u><\/strong><\/p>\n<p>A Abimetal-Sicetel representa a ind\u00fastria processadora do a\u00e7o no Brasil. \u00a0Sua base re\u00fane 350 ind\u00fastrias de pequeno, m\u00e9dio e grande portes, de capital nacional e estrangeiro, que integram o segundo elo da cadeia produtiva do a\u00e7o no pa\u00eds. A organiza\u00e7\u00e3o promove a competitividade, a inova\u00e7\u00e3o e o crescimento sustent\u00e1vel do setor, al\u00e9m de atuar em defesa de pol\u00edticas p\u00fablicas que incentivem o desenvolvimento econ\u00f4mico e a integra\u00e7\u00e3o da ind\u00fastria nacional.<\/p>\n<p><strong><u>A Abimetal:<\/u><\/strong><\/p>\n<p>A Abimetal (Associa\u00e7\u00e3o Brasileira da Ind\u00fastria Processadora de A\u00e7o) surgiu no final de 2018 para atender \u00e0s necessidades de suas representadas por um modelo moderno de atua\u00e7\u00e3o associativa. Seu objetivo \u00e9 focado no fortalecimento e desenvolvimento do setor, promovendo a defesa dos interesses das empresas associadas.<\/p>\n<p><strong><u>O Sicetel:<\/u><\/strong><\/p>\n<p>O Sicetel (Sindicato Nacional da Ind\u00fastria Processadora de A\u00e7o) \u00e9 uma entidade de classe patronal sem fins lucrativos, fundada em setembro de 1934. Desde 1979, representa exclusivamente as empresas processadoras de a\u00e7o, sendo respons\u00e1vel pela defesa de seus interesses e pelo fortalecimento do setor.<\/p>\n<\/div>\n<p><strong data-olk-copy-source=\"MessageBody\">Mais informa\u00e7\u00f5es:<\/strong><\/p>\n<p>https:\/\/sicetel-abimetal.com.br\/<\/p>\n<div><hr \/>\n<h6><strong>Nathalia Abreu Assessoria de Imprensa<\/strong><\/h6>\n<\/div>\n\n\n<center><iframe loading=\"lazy\" class=\"jmvplayer\" src=\"https:\/\/player.jmvstream.com\/lvw\/YYGWo5wfZuZ8fEW7Qoq1ISwhLSEDhU\" allowfullscreen allow=\"autoplay; fullscreen\" frameborder=\"0\" width=\"640\" height=\"360\" ><\/iframe><\/center>\n<\/div><\/div>","protected":false},"excerpt":{"rendered":"<p>Entidade prop\u00f5e colabora\u00e7\u00e3o com o Instituto para aprimorar normas e refor\u00e7ar a fiscaliza\u00e7\u00e3o de produtos usados na constru\u00e7\u00e3o civil A Associa\u00e7\u00e3o Brasileira da Ind\u00fastria Processadora de A\u00e7o e o Sindicato Nacional da Ind\u00fastria Processadora de A\u00e7o (Abimetal-Sicetel) lideram um esfor\u00e7o conjunto com o Instituto de Pesos e Medidas do Estado de S\u00e3o Paulo (IPEM-SP) para [&hellip;]<\/p>\n","protected":false},"author":4,"featured_media":80238,"comment_status":"open","ping_status":"open","sticky":false,"template":"","format":"standard","meta":{"footnotes":""},"categories":[1],"tags":[],"class_list":["post-80237","post","type-post","status-publish","format-standard","has-post-thumbnail","hentry","category-sem-categoria"],"_links":{"self":[{"href":"http:\/\/sol.fm.br\/radio\/wp-json\/wp\/v2\/posts\/80237","targetHints":{"allow":["GET"]}}],"collection":[{"href":"http:\/\/sol.fm.br\/radio\/wp-json\/wp\/v2\/posts"}],"about":[{"href":"http:\/\/sol.fm.br\/radio\/wp-json\/wp\/v2\/types\/post"}],"author":[{"embeddable":true,"href":"http:\/\/sol.fm.br\/radio\/wp-json\/wp\/v2\/users\/4"}],"replies":[{"embeddable":true,"href":"http:\/\/sol.fm.br\/radio\/wp-json\/wp\/v2\/comments?post=80237"}],"version-history":[{"count":1,"href":"http:\/\/sol.fm.br\/radio\/wp-json\/wp\/v2\/posts\/80237\/revisions"}],"predecessor-version":[{"id":80239,"href":"http:\/\/sol.fm.br\/radio\/wp-json\/wp\/v2\/posts\/80237\/revisions\/80239"}],"wp:featuredmedia":[{"embeddable":true,"href":"http:\/\/sol.fm.br\/radio\/wp-json\/wp\/v2\/media\/80238"}],"wp:attachment":[{"href":"http:\/\/sol.fm.br\/radio\/wp-json\/wp\/v2\/media?parent=80237"}],"wp:term":[{"taxonomy":"category","embeddable":true,"href":"http:\/\/sol.fm.br\/radio\/wp-json\/wp\/v2\/categories?post=80237"},{"taxonomy":"post_tag","embeddable":true,"href":"http:\/\/sol.fm.br\/radio\/wp-json\/wp\/v2\/tags?post=80237"}],"curies":[{"name":"wp","href":"https:\/\/api.w.org\/{rel}","templated":true}]}}