{"id":80240,"date":"2025-11-19T10:08:34","date_gmt":"2025-11-19T13:08:34","guid":{"rendered":"http:\/\/sol.fm.br\/radio\/?p=80240"},"modified":"2025-11-19T10:08:36","modified_gmt":"2025-11-19T13:08:36","slug":"eduardo-leite-inaugura-primeira-etapa-da-revitalizacao-da-estacao-ferrea-de-caxias-do-sul","status":"publish","type":"post","link":"http:\/\/sol.fm.br\/radio\/eduardo-leite-inaugura-primeira-etapa-da-revitalizacao-da-estacao-ferrea-de-caxias-do-sul\/","title":{"rendered":"Eduardo Leite inaugura primeira etapa da revitaliza\u00e7\u00e3o da Esta\u00e7\u00e3o F\u00e9rrea de Caxias do Sul"},"content":{"rendered":"<div id=\"dslc-theme-content\"><div id=\"dslc-theme-content-inner\"><p class=\"artigo__subtitulo\" style=\"text-align: center;\"><em>Investimento do Avan\u00e7ar no Turismo fortalece infraestrutura e amplia potencial tur\u00edstico do munic\u00edpio<\/em><\/p>\n<p dir=\"ltr\">A primeira etapa da revitaliza\u00e7\u00e3o da Esta\u00e7\u00e3o F\u00e9rrea de Caxias do Sul foi inaugurada na noite desta ter\u00e7a-feira (18\/11), em ato com a presen\u00e7a do governador Eduardo Leite. A entrega marca o avan\u00e7o de um dos projetos urbanos mais importantes do munic\u00edpio, que transforma o Largo da Esta\u00e7\u00e3o em um espa\u00e7o renovado de conviv\u00eancia, cultura e integra\u00e7\u00e3o com a comunidade. A obra contar\u00e1 com investimento total de R$ 4.999.056,23, sendo R$ 3.499.339,36 provenientes do governo do Estado, por meio do Avan\u00e7ar no Turismo.<\/p>\n<p dir=\"ltr\">Leite destacou que o Estado voltou a ter capacidade de investir em projetos estrat\u00e9gicos para os munic\u00edpios e que isso se reflete diretamente em obras como a da Esta\u00e7\u00e3o F\u00e9rrea. <em>\u201cN\u00f3s aportamos recursos n\u00e3o apenas aqui nessa pra\u00e7a de Caxias do Sul, mas em centenas de munic\u00edpios pelo Interior, revitalizando espa\u00e7os de conviv\u00eancia e garantindo que as cidades tenham ambientes de encontro, de orgulho e de atra\u00e7\u00e3o de turistas<\/em>\u201d, afirmou.<\/p>\n<ul>\n<li dir=\"ltr\"><a href=\"https:\/\/www.estado.rs.gov.br\/governador-eduardo-leite-entrega-mais-de-r-100-milhoes-em-viaturas-para-a-seguranca-publica\" target=\"_blank\" rel=\"noopener\"><b>Governador Eduardo Leite entrega mais de R$ 100 milh\u00f5es em viaturas para a seguran\u00e7a p\u00fablica<\/b><\/a><\/li>\n<\/ul>\n<p dir=\"ltr\">O governador tamb\u00e9m ressaltou o papel de Caxias do Sul no cen\u00e1rio tur\u00edstico do Estado. \u201c<em>O prefeito Adil\u00f3 est\u00e1 determinado a fazer com que Caxias recupere o protagonismo no turismo do Rio Grande do Sul, e o governo do Estado est\u00e1 junto para apoiar essa retomada, porque essa cidade tem voca\u00e7\u00e3o, tem potencial e tem o nosso reconhecimento\u201d<\/em>, completou.<\/p>\n<p dir=\"ltr\"><img loading=\"lazy\" decoding=\"async\" class=\"alignnone size-medium wp-image-80242 aligncenter\" src=\"http:\/\/sol.fm.br\/radio\/wp-content\/uploads\/2025\/11\/31-1-400x267.jpeg\" alt=\"\" width=\"400\" height=\"267\" srcset=\"http:\/\/sol.fm.br\/radio\/wp-content\/uploads\/2025\/11\/31-1-400x267.jpeg 400w, http:\/\/sol.fm.br\/radio\/wp-content\/uploads\/2025\/11\/31-1-768x512.jpeg 768w, http:\/\/sol.fm.br\/radio\/wp-content\/uploads\/2025\/11\/31-1-600x400.jpeg 600w, http:\/\/sol.fm.br\/radio\/wp-content\/uploads\/2025\/11\/31-1.jpeg 945w\" sizes=\"auto, (max-width: 400px) 100vw, 400px\" \/><\/p>\n<p><b>Patrim\u00f4nio hist\u00f3rico<\/b><\/p>\n<p dir=\"ltr\">A interven\u00e7\u00e3o conclu\u00edda contempla nova pavimenta\u00e7\u00e3o, drenagem, instala\u00e7\u00e3o de ilumina\u00e7\u00e3o em LED, reorganiza\u00e7\u00e3o dos acessos, implanta\u00e7\u00e3o de mobili\u00e1rio urbano, decks, anfiteatro e \u00e1reas destinadas ao lazer e aos eventos. O conjunto integra o planejamento de revitaliza\u00e7\u00e3o total da \u00e1rea ferrovi\u00e1ria, que prev\u00ea ainda novas estruturas culturais, paisagismo, reformas de pr\u00e9dios hist\u00f3ricos e melhorias de acessibilidade.<\/p>\n<ul>\n<li dir=\"ltr\"><a href=\"https:\/\/www.estado.rs.gov.br\/governo-leite-inicia-obras-de-melhorias-no-arquivo-publico-do-rio-grande-do-sul\" target=\"_blank\" rel=\"noopener\"><b>Governo Leite inicia obras de melhorias no Arquivo P\u00fablico do Rio Grande do Sul<\/b><\/a><\/li>\n<\/ul>\n<p dir=\"ltr\">O projeto da Esta\u00e7\u00e3o F\u00e9rrea representa uma etapa fundamental no processo de requalifica\u00e7\u00e3o do centro urbano de Caxias do Sul, aproximando a popula\u00e7\u00e3o de um patrim\u00f4nio hist\u00f3rico marcante e estimulando o uso cotidiano do espa\u00e7o. A melhoria da infraestrutura ganha relev\u00e2ncia adicional ao se integrar \u00e0s atividades econ\u00f4micas, culturais e tur\u00edsticas, fortalecendo a circula\u00e7\u00e3o de moradores e visitantes e ampliando as possibilidades de ocupa\u00e7\u00e3o qualificada da \u00e1rea.<\/p>\n<p dir=\"ltr\"><img loading=\"lazy\" decoding=\"async\" class=\"alignnone size-medium wp-image-80243 aligncenter\" src=\"http:\/\/sol.fm.br\/radio\/wp-content\/uploads\/2025\/11\/32-1-400x267.jpeg\" alt=\"\" width=\"400\" height=\"267\" srcset=\"http:\/\/sol.fm.br\/radio\/wp-content\/uploads\/2025\/11\/32-1-400x267.jpeg 400w, http:\/\/sol.fm.br\/radio\/wp-content\/uploads\/2025\/11\/32-1-768x512.jpeg 768w, http:\/\/sol.fm.br\/radio\/wp-content\/uploads\/2025\/11\/32-1-600x400.jpeg 600w, http:\/\/sol.fm.br\/radio\/wp-content\/uploads\/2025\/11\/32-1.jpeg 945w\" sizes=\"auto, (max-width: 400px) 100vw, 400px\" \/><\/p>\n<p><b>Est\u00edmulo ao desenvolvimento<\/b><\/p>\n<p dir=\"ltr\">O secret\u00e1rio de Turismo do Rio Grande do Sul, Ronaldo Santini, afirmou que o Avan\u00e7ar no Turismo tem sido decisivo para viabilizar obras estruturantes que impactam diretamente o desenvolvimento das cidades. <em>\"O programa segue entregando melhorias que transformam realidades, fortalecem a infraestrutura p\u00fablica e ampliam o potencial tur\u00edstico dos munic\u00edpios, com investimentos que qualificam espa\u00e7os, estimulam a economia e criam novas oportunidades para as comunidades<\/em>\u201d, disse.<\/p>\n<ul>\n<li dir=\"ltr\"><a href=\"https:\/\/www.estado.rs.gov.br\/em-cerimonia-no-piratini-eduardo-leite-lanca-700-novas-bolsas-de-graduacao-em-licenciaturas-e-engenharias\" target=\"_blank\" rel=\"noopener\"><b>Em cerim\u00f4nia no Piratini, Eduardo Leite lan\u00e7a 700 novas bolsas de gradua\u00e7\u00e3o em licenciaturas e engenharias<\/b><\/a><\/li>\n<\/ul>\n<p dir=\"ltr\">A solenidade contou com a presen\u00e7a de autoridades municipais e estaduais, al\u00e9m de representantes de entidades e lideran\u00e7as da regi\u00e3o. A nova etapa entregue simboliza o in\u00edcio de um ciclo de revitaliza\u00e7\u00e3o cont\u00ednua na \u00e1rea ferrovi\u00e1ria, com impacto direto na vida urbana e no desenvolvimento tur\u00edstico de Caxias do Sul.<\/p>\n<p dir=\"ltr\"><img loading=\"lazy\" decoding=\"async\" class=\"alignnone size-medium wp-image-80244 aligncenter\" src=\"http:\/\/sol.fm.br\/radio\/wp-content\/uploads\/2025\/11\/33-400x267.jpeg\" alt=\"\" width=\"400\" height=\"267\" srcset=\"http:\/\/sol.fm.br\/radio\/wp-content\/uploads\/2025\/11\/33-400x267.jpeg 400w, http:\/\/sol.fm.br\/radio\/wp-content\/uploads\/2025\/11\/33-768x512.jpeg 768w, http:\/\/sol.fm.br\/radio\/wp-content\/uploads\/2025\/11\/33-600x400.jpeg 600w, http:\/\/sol.fm.br\/radio\/wp-content\/uploads\/2025\/11\/33.jpeg 945w\" sizes=\"auto, (max-width: 400px) 100vw, 400px\" \/><\/p>\n<p><strong>Brilha Caxias 2025<\/strong><\/p>\n<p>A inaugura\u00e7\u00e3o da obra ocorreu em sequ\u00eancia \u00e0 abertura oficial do Brilha Caxias 2025, programa\u00e7\u00e3o natalina que movimenta diferentes pontos da cidade. As atividades come\u00e7aram com o acendimento das luzes de Natal na Avenida J\u00falio de Castilhos, seguido pelo deslocamento das autoridades at\u00e9 o Largo da Esta\u00e7\u00e3o.<\/p>\n<p>A cerim\u00f4nia incluiu b\u00ean\u00e7\u00e3o ecum\u00eanica, entrega da chave da cidade ao Papai Noel e o descerramento do monumento alusivo aos 150 anos da imigra\u00e7\u00e3o italiana no Estado. A noite encerrou com apresenta\u00e7\u00e3o da Fam\u00edlia Lima, integrando cultura, m\u00fasica e celebra\u00e7\u00e3o em um dos eventos mais tradicionais do calend\u00e1rio local.<\/p>\n<hr \/>\n<h6><strong>GOV RS | Texto: Ascom Turismo | Edi\u00e7\u00e3o: Secom | Fotos: Vitor Rosa\/Secom<\/strong><\/h6>\n\n\n<center><iframe loading=\"lazy\" class=\"jmvplayer\" src=\"https:\/\/player.jmvstream.com\/lvw\/YYGWo5wfZuZ8fEW7Qoq1ISwhLSEDhU\" allowfullscreen allow=\"autoplay; fullscreen\" frameborder=\"0\" width=\"640\" height=\"360\" ><\/iframe><\/center>\n<\/div><\/div>","protected":false},"excerpt":{"rendered":"<p>Investimento do Avan\u00e7ar no Turismo fortalece infraestrutura e amplia potencial tur\u00edstico do munic\u00edpio A primeira etapa da revitaliza\u00e7\u00e3o da Esta\u00e7\u00e3o F\u00e9rrea de Caxias do Sul foi inaugurada na noite desta ter\u00e7a-feira (18\/11), em ato com a presen\u00e7a do governador Eduardo Leite. A entrega marca o avan\u00e7o de um dos projetos urbanos mais importantes do munic\u00edpio, [&hellip;]<\/p>\n","protected":false},"author":4,"featured_media":80241,"comment_status":"open","ping_status":"open","sticky":false,"template":"","format":"standard","meta":{"footnotes":""},"categories":[1],"tags":[],"class_list":["post-80240","post","type-post","status-publish","format-standard","has-post-thumbnail","hentry","category-sem-categoria"],"_links":{"self":[{"href":"http:\/\/sol.fm.br\/radio\/wp-json\/wp\/v2\/posts\/80240","targetHints":{"allow":["GET"]}}],"collection":[{"href":"http:\/\/sol.fm.br\/radio\/wp-json\/wp\/v2\/posts"}],"about":[{"href":"http:\/\/sol.fm.br\/radio\/wp-json\/wp\/v2\/types\/post"}],"author":[{"embeddable":true,"href":"http:\/\/sol.fm.br\/radio\/wp-json\/wp\/v2\/users\/4"}],"replies":[{"embeddable":true,"href":"http:\/\/sol.fm.br\/radio\/wp-json\/wp\/v2\/comments?post=80240"}],"version-history":[{"count":1,"href":"http:\/\/sol.fm.br\/radio\/wp-json\/wp\/v2\/posts\/80240\/revisions"}],"predecessor-version":[{"id":80245,"href":"http:\/\/sol.fm.br\/radio\/wp-json\/wp\/v2\/posts\/80240\/revisions\/80245"}],"wp:featuredmedia":[{"embeddable":true,"href":"http:\/\/sol.fm.br\/radio\/wp-json\/wp\/v2\/media\/80241"}],"wp:attachment":[{"href":"http:\/\/sol.fm.br\/radio\/wp-json\/wp\/v2\/media?parent=80240"}],"wp:term":[{"taxonomy":"category","embeddable":true,"href":"http:\/\/sol.fm.br\/radio\/wp-json\/wp\/v2\/categories?post=80240"},{"taxonomy":"post_tag","embeddable":true,"href":"http:\/\/sol.fm.br\/radio\/wp-json\/wp\/v2\/tags?post=80240"}],"curies":[{"name":"wp","href":"https:\/\/api.w.org\/{rel}","templated":true}]}}