{"id":80247,"date":"2025-11-19T10:47:03","date_gmt":"2025-11-19T13:47:03","guid":{"rendered":"http:\/\/sol.fm.br\/radio\/?p=80247"},"modified":"2025-11-19T10:47:05","modified_gmt":"2025-11-19T13:47:05","slug":"antes-do-brinde-olhe-o-rotulo-campanha-vinho-legal-orienta-consumidores-sobre-vinhos-de-procedencia-garantida","status":"publish","type":"post","link":"http:\/\/sol.fm.br\/radio\/antes-do-brinde-olhe-o-rotulo-campanha-vinho-legal-orienta-consumidores-sobre-vinhos-de-procedencia-garantida\/","title":{"rendered":"Antes do brinde, olhe o r\u00f3tulo: campanha Vinho Legal orienta consumidores sobre vinhos de proced\u00eancia garantida"},"content":{"rendered":"<div id=\"dslc-theme-content\"><div id=\"dslc-theme-content-inner\"><p style=\"text-align: center;\"><em>Iniciativa refor\u00e7a import\u00e2ncia de verificar as principais informa\u00e7\u00f5es nos r\u00f3tulos e contrarr\u00f3tulos de vinhos brasileiros e importados, evitando riscos \u00e0 sa\u00fade e preju\u00edzos ao setor vitivin\u00edcola<\/em><\/p>\n<p>Dando continuidade \u00e0s a\u00e7\u00f5es da campanha Vinho Legal, o Instituto de Gest\u00e3o, Planejamento e Desenvolvimento da Vitivinicultura do Estado do Rio Grande do Sul (Consevitis-RS) e entidades do setor lan\u00e7am infogr\u00e1ficos de conscientiza\u00e7\u00e3o voltados ao consumidor final. O objetivo \u00e9 orientar o p\u00fablico sobre como identificar vinhos de proced\u00eancia garantida, por meio da leitura atenta dos r\u00f3tulos e contrarr\u00f3tulos.<\/p>\n<p>\u00a0<\/p>\n<p><strong>O que observar nos r\u00f3tulos e contrarr\u00f3tulos<\/strong><\/p>\n<p>No caso de vinhos brasileiros, o r\u00f3tulo deve conter marca comercial, denomina\u00e7\u00e3o do produto e indica\u00e7\u00e3o da gradua\u00e7\u00e3o alco\u00f3lica. J\u00e1 o contrarr\u00f3tulo precisa apresentar o nome empresarial e endere\u00e7o do produtor ou fabricante, o n\u00famero de registro do produto no Minist\u00e9rio da Agricultura e Pecu\u00e1ria (Mapa), a indica\u00e7\u00e3o dos ingredientes, a identifica\u00e7\u00e3o do lote, o respons\u00e1vel t\u00e9cnico e a express\u00e3o \u201cInd\u00fastria Brasileira\u201d por extenso.<\/p>\n<p><span data-olk-copy-source=\"MessageBody\">Para<\/span>\u00a0vinhos importados, o r\u00f3tulo pode estar em l\u00edngua estrangeira, desde que traga a\u00a0marca comercial, a\u00a0denomina\u00e7\u00e3o do produto\u00a0e a\u00a0gradua\u00e7\u00e3o alco\u00f3lica. O\u00a0contrarr\u00f3tulo,\u00a0no entanto,\u00a0deve estar traduzido para o portugu\u00eas\u00a0e conter o\u00a0registro do importador no Mapa, a identifica\u00e7\u00e3o do\u00a0pa\u00eds de origem\u00a0(por exemplo, \u201cProduto da Argentina\u201d), a\u00a0raz\u00e3o social\u00a0e o\u00a0endere\u00e7o do estabelecimento produtor\u00a0ou fabricante estrangeiro, al\u00e9m da inscri\u00e7\u00e3o\u00a0\u201cImportado por\u00a0(raz\u00e3o social, endere\u00e7o e CNPJ)\u201d e a identifica\u00e7\u00e3o do\u00a0lote.<\/p>\n<p>\u00a0<\/p>\n<p><strong>Por que a aten\u00e7\u00e3o aos detalhes importa?<\/strong><\/p>\n<p>A presen\u00e7a dessas informa\u00e7\u00f5es \u00e9 o que assegura que o vinho foi produzido, armazenado e comercializado dentro das normas legais e sanit\u00e1rias, garantindo sua qualidade e seguran\u00e7a. A aus\u00eancia de dados obrigat\u00f3rios, por outro lado, pode indicar produto irregular ou sem proced\u00eancia, o que coloca em risco o consumidor e gera preju\u00edzos ao setor vitivin\u00edcola formal.<\/p>\n<p>\u201c<em>Consumir vinho legal \u00e9 uma escolha que beneficia toda a cadeia produtiva. Quando o consumidor verifica o r\u00f3tulo, ele est\u00e1 ajudando a combater a informalidade e a valorizar o trabalho de quem atua corretamente\u201d<\/em>, destaca o presidente do Consevitis-RS, Luciano Rebellatto.<\/p>\n<p>\u00a0<\/p>\n<p><strong>Consumo consciente e valoriza\u00e7\u00e3o do setor<\/strong><\/p>\n<p>A campanha Vinho Legal refor\u00e7a que a informa\u00e7\u00e3o \u00e9 a principal ferramenta de prote\u00e7\u00e3o do consumidor. Al\u00e9m de evitar riscos \u00e0 sa\u00fade, a verifica\u00e7\u00e3o do r\u00f3tulo contribui para o fortalecimento de um mercado mais justo e transparente.<\/p>\n<p>Os infogr\u00e1ficos produzidos pelo Consevitis-RS est\u00e3o sendo divulgados nas redes sociais da campanha e em ve\u00edculos de imprensa, como parte do esfor\u00e7o cont\u00ednuo de orienta\u00e7\u00e3o ao p\u00fablico.<\/p>\n<p style=\"text-align: center;\"><img loading=\"lazy\" decoding=\"async\" class=\"alignnone size-medium wp-image-80252\" src=\"http:\/\/sol.fm.br\/radio\/wp-content\/uploads\/2025\/11\/44-320x400.jpg\" alt=\"\" width=\"320\" height=\"400\" srcset=\"http:\/\/sol.fm.br\/radio\/wp-content\/uploads\/2025\/11\/44-320x400.jpg 320w, http:\/\/sol.fm.br\/radio\/wp-content\/uploads\/2025\/11\/44-768x960.jpg 768w, http:\/\/sol.fm.br\/radio\/wp-content\/uploads\/2025\/11\/44.jpg 1080w\" sizes=\"auto, (max-width: 320px) 100vw, 320px\" \/> <img loading=\"lazy\" decoding=\"async\" class=\"alignnone size-medium wp-image-80249\" src=\"http:\/\/sol.fm.br\/radio\/wp-content\/uploads\/2025\/11\/41-4-320x400.jpg\" alt=\"\" width=\"320\" height=\"400\" srcset=\"http:\/\/sol.fm.br\/radio\/wp-content\/uploads\/2025\/11\/41-4-320x400.jpg 320w, http:\/\/sol.fm.br\/radio\/wp-content\/uploads\/2025\/11\/41-4-768x960.jpg 768w, http:\/\/sol.fm.br\/radio\/wp-content\/uploads\/2025\/11\/41-4.jpg 1080w\" sizes=\"auto, (max-width: 320px) 100vw, 320px\" \/><\/p>\n<p style=\"text-align: center;\"><img loading=\"lazy\" decoding=\"async\" class=\"alignnone size-medium wp-image-80250\" src=\"http:\/\/sol.fm.br\/radio\/wp-content\/uploads\/2025\/11\/42-1-320x400.jpg\" alt=\"\" width=\"320\" height=\"400\" srcset=\"http:\/\/sol.fm.br\/radio\/wp-content\/uploads\/2025\/11\/42-1-320x400.jpg 320w, http:\/\/sol.fm.br\/radio\/wp-content\/uploads\/2025\/11\/42-1-768x960.jpg 768w, http:\/\/sol.fm.br\/radio\/wp-content\/uploads\/2025\/11\/42-1.jpg 1080w\" sizes=\"auto, (max-width: 320px) 100vw, 320px\" \/> <img loading=\"lazy\" decoding=\"async\" class=\"alignnone size-medium wp-image-80251\" src=\"http:\/\/sol.fm.br\/radio\/wp-content\/uploads\/2025\/11\/43-320x400.jpg\" alt=\"\" width=\"320\" height=\"400\" srcset=\"http:\/\/sol.fm.br\/radio\/wp-content\/uploads\/2025\/11\/43-320x400.jpg 320w, http:\/\/sol.fm.br\/radio\/wp-content\/uploads\/2025\/11\/43-768x960.jpg 768w, http:\/\/sol.fm.br\/radio\/wp-content\/uploads\/2025\/11\/43.jpg 1080w\" sizes=\"auto, (max-width: 320px) 100vw, 320px\" \/><\/p>\n<p><strong>Sobre a campanha Vinho Legal<\/strong><\/p>\n<p>Lan\u00e7ada em 2024, a campanha Vinho Legal \u00e9 uma iniciativa do Consevitis-RS, em parceria com o setor vitivin\u00edcola brasileiro e institui\u00e7\u00f5es p\u00fablicas e privadas, voltada ao combate \u00e0 informalidade e \u00e0 comercializa\u00e7\u00e3o de vinhos sem proced\u00eancia. A a\u00e7\u00e3o busca conscientizar produtores, comerciantes e consumidores sobre a import\u00e2ncia de fortalecer a cadeia produtiva formal, garantindo seguran\u00e7a alimentar, arrecada\u00e7\u00e3o justa e valoriza\u00e7\u00e3o do vinho nacional. O foco \u00e9 o combate \u00e0 informalidade e \u00e0 comercializa\u00e7\u00e3o de produtos irregulares, fortalecendo o consumo consciente e a valoriza\u00e7\u00e3o de vinhos produzidos e comercializados dentro da legalidade.<\/p>\n<p>A iniciativa conta com a participa\u00e7\u00e3o da C\u00e2mara Setorial de Viticultura, Vinhos e Derivados, vinculada ao Minist\u00e9rio da Agricultura e Pecu\u00e1ria (Mapa); da C\u00e2mara Setorial da Cadeia Produtiva da Uva e do Vinho do Rio Grande do Sul; da C\u00e2mara Setorial Viticultura, Vinhos e Derivados de S\u00e3o Paulo; do Sindicato da Ind\u00fastria do Vinho do Estado do Rio Grande do Sul (Sindivinho-RS); do Sindicato da Ind\u00fastria do Vinho de Minas Gerais (Sindvinho-MG); do Sindicato da Ind\u00fastria do Vinho de S\u00e3o Roque (Sindusvinho S\u00e3o Roque-SP); do Sindicato das Ind\u00fastrias do Vinho de Jundia\u00ed (Sindivinho Jundia\u00ed-SP); do Sindicato das Ind\u00fastrias do Vinho de Santa Catarina (Sindivinho-SC); da Associa\u00e7\u00e3o Brasileira de Enologia (ABE); da Associa\u00e7\u00e3o Brasileira das Ind\u00fastrias de Suco de Uva (Asbrasucos); da Associa\u00e7\u00e3o Brasileira dos Exportadores e Importadores de Alimentos e Bebidas (BFBA); da Associa\u00e7\u00e3o Brasileira de Bebidas (Abrabe); das entidades que comp\u00f5em o Instituto de Gest\u00e3o, Planejamento e Desenvolvimento da Vitivinicultura do Estado do Rio Grande do Sul (Consevitis-RS): Uni\u00e3o Brasileira de Vitivinicultura (Uvibra), Associa\u00e7\u00e3o Ga\u00facha de Vinicultores (Agavi), Federa\u00e7\u00e3o das Cooperativas Vitivin\u00edcolas do Rio Grande do Sul (Fecovinho) e Associa\u00e7\u00e3o Comiss\u00e3o Interestadual da Uva (ACIU); da Federa\u00e7\u00e3o das Ind\u00fastrias de Minas Gerais (FIEMG); Confedera\u00e7\u00e3o da Agricultura e Pecu\u00e1ria do Brasil (CNA); da da Organiza\u00e7\u00e3o das Cooperativas Brasileiras (OCB); da Vinhos de Altitude Produtores e Associados (SC), da Associa\u00e7\u00e3o Nacional de Produtores de Vinhos de Inverno (Anprovin), do Sindicato Rural da Serra Ga\u00facha (SRSG) do Instituto de Desenvolvimento Econ\u00f4mico e Social de Fronteiras (Idesf), Vinho Magazine, Brasil de Vinhos, Sublinha! Comunica\u00e7\u00e3o, E21 \u2013 Ag\u00eancia de Multicomunica\u00e7\u00e3o e de outras entidades representativas do setor e dos consumidores.<\/p>\n<hr \/>\n<h6><strong>Sublinha! Comunica\u00e7\u00e3o | Assessoria de Imprensa - Consevitis-RS\u00a0<\/strong><\/h6>\n\n\n<center><iframe loading=\"lazy\" class=\"jmvplayer\" src=\"https:\/\/player.jmvstream.com\/lvw\/YYGWo5wfZuZ8fEW7Qoq1ISwhLSEDhU\" allowfullscreen allow=\"autoplay; fullscreen\" frameborder=\"0\" width=\"640\" height=\"360\" ><\/iframe><\/center>\n\n\n\n<p><\/p>\n<\/div><\/div>","protected":false},"excerpt":{"rendered":"<p>Iniciativa refor\u00e7a import\u00e2ncia de verificar as principais informa\u00e7\u00f5es nos r\u00f3tulos e contrarr\u00f3tulos de vinhos brasileiros e importados, evitando riscos \u00e0 sa\u00fade e preju\u00edzos ao setor vitivin\u00edcola Dando continuidade \u00e0s a\u00e7\u00f5es da campanha Vinho Legal, o Instituto de Gest\u00e3o, Planejamento e Desenvolvimento da Vitivinicultura do Estado do Rio Grande do Sul (Consevitis-RS) e entidades do setor [&hellip;]<\/p>\n","protected":false},"author":4,"featured_media":80248,"comment_status":"open","ping_status":"open","sticky":false,"template":"","format":"standard","meta":{"footnotes":""},"categories":[1],"tags":[],"class_list":["post-80247","post","type-post","status-publish","format-standard","has-post-thumbnail","hentry","category-sem-categoria"],"_links":{"self":[{"href":"http:\/\/sol.fm.br\/radio\/wp-json\/wp\/v2\/posts\/80247","targetHints":{"allow":["GET"]}}],"collection":[{"href":"http:\/\/sol.fm.br\/radio\/wp-json\/wp\/v2\/posts"}],"about":[{"href":"http:\/\/sol.fm.br\/radio\/wp-json\/wp\/v2\/types\/post"}],"author":[{"embeddable":true,"href":"http:\/\/sol.fm.br\/radio\/wp-json\/wp\/v2\/users\/4"}],"replies":[{"embeddable":true,"href":"http:\/\/sol.fm.br\/radio\/wp-json\/wp\/v2\/comments?post=80247"}],"version-history":[{"count":1,"href":"http:\/\/sol.fm.br\/radio\/wp-json\/wp\/v2\/posts\/80247\/revisions"}],"predecessor-version":[{"id":80253,"href":"http:\/\/sol.fm.br\/radio\/wp-json\/wp\/v2\/posts\/80247\/revisions\/80253"}],"wp:featuredmedia":[{"embeddable":true,"href":"http:\/\/sol.fm.br\/radio\/wp-json\/wp\/v2\/media\/80248"}],"wp:attachment":[{"href":"http:\/\/sol.fm.br\/radio\/wp-json\/wp\/v2\/media?parent=80247"}],"wp:term":[{"taxonomy":"category","embeddable":true,"href":"http:\/\/sol.fm.br\/radio\/wp-json\/wp\/v2\/categories?post=80247"},{"taxonomy":"post_tag","embeddable":true,"href":"http:\/\/sol.fm.br\/radio\/wp-json\/wp\/v2\/tags?post=80247"}],"curies":[{"name":"wp","href":"https:\/\/api.w.org\/{rel}","templated":true}]}}