{"id":80297,"date":"2025-11-21T10:04:28","date_gmt":"2025-11-21T13:04:28","guid":{"rendered":"http:\/\/sol.fm.br\/radio\/?p=80297"},"modified":"2025-11-21T10:04:30","modified_gmt":"2025-11-21T13:04:30","slug":"palestrante-coloca-carreiras-no-diva-para-provocar-reflexoes-em-docentes-das-escolas-agricolas","status":"publish","type":"post","link":"http:\/\/sol.fm.br\/radio\/palestrante-coloca-carreiras-no-diva-para-provocar-reflexoes-em-docentes-das-escolas-agricolas\/","title":{"rendered":"Palestrante coloca carreiras no div\u00e3 para provocar reflex\u00f5es em \u00a0docentes das escolas agr\u00edcolas"},"content":{"rendered":"<div id=\"dslc-theme-content\"><div id=\"dslc-theme-content-inner\"><p style=\"text-align: center;\"><em>Renata Miranda quer falar de evolu\u00e7\u00e3o pessoal e profissional no \u00e2mbito escolar em evento da Agptea<\/em><\/p>\n<p>Por tr\u00e1s de um CNPJ existe um CPF e nenhum CNPJ vale um AVC. Esta \u00e9 uma das premissas da palestra \u201cCarreira no Div\u00e3 \u2013 A vida tamb\u00e9m tem safras\u201d, que a psicanalista e administradora Renata Miranda, da Universidade Federal do Pampa, apresentar\u00e1 no Encontro Estadual do Ensino Agr\u00edcola, no dia 27 de novembro. A proposta da palestrante, que \u00e9 uma das coordenadoras do Projeto Montes B\u00e1rbaros, \u00e9 convidar educadores a revisitar sua trajet\u00f3ria profissional e a compreender as diferentes fases que marcam a vida e o trabalho. O encontro, que est\u00e1 em sua 40\u00b0 edi\u00e7\u00e3o, \u00e9 organizado pela Associa\u00e7\u00e3o Ga\u00facha de Professores T\u00e9cnicos do Ensino Agr\u00edcola (Agptea).<\/p>\n<p>Muitos professores est\u00e3o vivendo ciclos internos completamente diferentes da carreira que escolheram l\u00e1 atr\u00e1s, afirma Renata. Segundo ela, eles mudaram biologicamente, emocionalmente e profissionalmente, mas continuam trabalhando como se fossem a mesma pessoa de 20 anos atr\u00e1s. <em>\u201cNa palestra, eu trago a teoria dos set\u00eanios para mostrar exatamente isso, que a nossa vida tem fases, ritmos, per\u00edodos de expans\u00e3o e de poda, e que a carreira precisa acompanhar quem n\u00f3s estamos nos tornando, e n\u00e3o quem fomos l\u00e1 no in\u00edcio\u201d<\/em>, detalha.<\/p>\n<p>Renata Miranda conta que tamb\u00e9m vai abordar perfil comportamental, intelig\u00eancias m\u00faltiplas, talento natural e lideran\u00e7a humanizada <em>\u201cPorque uma escola \u00e9 feita de pessoas, e quando a lideran\u00e7a sabe lidar com pessoas, os resultados aparecem naturalmente. \u00c9 simples e profundo ao mesmo tempo. A ideia \u00e9 ajudar o professor a fazer ajustes importantes na carreira e na vida. Ajustes que devolvem sentido, brilho, energia e at\u00e9 mesmo sa\u00fade<\/em>\u201d, complementa.<\/p>\n<p>Ao costurar conceitos da psican\u00e1lise com pr\u00e1ticas de gest\u00e3o humanizada, comportamento, prop\u00f3sito e experi\u00eancias reais vivenciadas no Projeto Montes B\u00e1rbaros, Renata Miranda se prop\u00f5e a apontar caminhos poss\u00edveis para a constru\u00e7\u00e3o de escolas mais humanas, fortes e verdadeiramente conectadas com as pessoas que as integram.<\/p>\n<hr \/>\n<h6><strong>AgroEffective | Assessoria de Comunica\u00e7\u00e3o da Associa\u00e7\u00e3o Ga\u00facha de Professores T\u00e9cnicos de Ensino Agr\u00edcola (Agptea) | <span style=\"font-size: revert; color: initial;\">Foto: Instituto Renata Miranda\/Divulga\u00e7\u00e3o | <\/span><span style=\"font-size: revert; color: initial;\">Texto: Ieda Risco\/AgroEffective<\/span><\/strong><\/h6>\n\n\n<center><iframe loading=\"lazy\" class=\"jmvplayer\" src=\"https:\/\/player.jmvstream.com\/lvw\/YYGWo5wfZuZ8fEW7Qoq1ISwhLSEDhU\" allowfullscreen allow=\"autoplay; fullscreen\" frameborder=\"0\" width=\"640\" height=\"360\" ><\/iframe><\/center>\n<\/div><\/div>","protected":false},"excerpt":{"rendered":"<p>Renata Miranda quer falar de evolu\u00e7\u00e3o pessoal e profissional no \u00e2mbito escolar em evento da Agptea Por tr\u00e1s de um CNPJ existe um CPF e nenhum CNPJ vale um AVC. Esta \u00e9 uma das premissas da palestra \u201cCarreira no Div\u00e3 \u2013 A vida tamb\u00e9m tem safras\u201d, que a psicanalista e administradora Renata Miranda, da Universidade [&hellip;]<\/p>\n","protected":false},"author":4,"featured_media":80298,"comment_status":"open","ping_status":"open","sticky":false,"template":"","format":"standard","meta":{"footnotes":""},"categories":[1],"tags":[],"class_list":["post-80297","post","type-post","status-publish","format-standard","has-post-thumbnail","hentry","category-sem-categoria"],"_links":{"self":[{"href":"http:\/\/sol.fm.br\/radio\/wp-json\/wp\/v2\/posts\/80297","targetHints":{"allow":["GET"]}}],"collection":[{"href":"http:\/\/sol.fm.br\/radio\/wp-json\/wp\/v2\/posts"}],"about":[{"href":"http:\/\/sol.fm.br\/radio\/wp-json\/wp\/v2\/types\/post"}],"author":[{"embeddable":true,"href":"http:\/\/sol.fm.br\/radio\/wp-json\/wp\/v2\/users\/4"}],"replies":[{"embeddable":true,"href":"http:\/\/sol.fm.br\/radio\/wp-json\/wp\/v2\/comments?post=80297"}],"version-history":[{"count":1,"href":"http:\/\/sol.fm.br\/radio\/wp-json\/wp\/v2\/posts\/80297\/revisions"}],"predecessor-version":[{"id":80299,"href":"http:\/\/sol.fm.br\/radio\/wp-json\/wp\/v2\/posts\/80297\/revisions\/80299"}],"wp:featuredmedia":[{"embeddable":true,"href":"http:\/\/sol.fm.br\/radio\/wp-json\/wp\/v2\/media\/80298"}],"wp:attachment":[{"href":"http:\/\/sol.fm.br\/radio\/wp-json\/wp\/v2\/media?parent=80297"}],"wp:term":[{"taxonomy":"category","embeddable":true,"href":"http:\/\/sol.fm.br\/radio\/wp-json\/wp\/v2\/categories?post=80297"},{"taxonomy":"post_tag","embeddable":true,"href":"http:\/\/sol.fm.br\/radio\/wp-json\/wp\/v2\/tags?post=80297"}],"curies":[{"name":"wp","href":"https:\/\/api.w.org\/{rel}","templated":true}]}}