{"id":80300,"date":"2025-11-21T10:23:07","date_gmt":"2025-11-21T13:23:07","guid":{"rendered":"http:\/\/sol.fm.br\/radio\/?p=80300"},"modified":"2025-11-21T10:23:10","modified_gmt":"2025-11-21T13:23:10","slug":"livro-que-traz-documentos-ineditos-sobre-as-origens-do-cooperativismo-brasileiro-e-lancado","status":"publish","type":"post","link":"http:\/\/sol.fm.br\/radio\/livro-que-traz-documentos-ineditos-sobre-as-origens-do-cooperativismo-brasileiro-e-lancado\/","title":{"rendered":"Livro que traz documentos in\u00e9ditos sobre as origens do cooperativismo brasileiro \u00e9 lan\u00e7ado"},"content":{"rendered":"<div id=\"dslc-theme-content\"><div id=\"dslc-theme-content-inner\"><p style=\"text-align: center;\"><em>Iniciativa da Sicredi Caminho das \u00c1guas, a obra apresenta documentos in\u00e9ditos sobre o Volksverein<\/em><\/p>\n<p>Um marco hist\u00f3rico: no \u00faltimo final de semana, em Nova Petr\u00f3polis (RS), ocorreu o lan\u00e7amento do livro \u201cOmnibus Omnia\u201d, uma realiza\u00e7\u00e3o da Sicredi Caminho das \u00c1guas, em parceria com a Sicredi Pioneira e a Casa Cooperativa. De autoria dos historiadores e escritores Arthur Blasio Rambo e Helena Sager, a obra apresenta documentos in\u00e9ditos sobre as bases do cooperativismo brasileiro, especialmente sobre o Volksverein (Sociedade Uni\u00e3o Popular), fundado pelo padre Theodor Amstad, patrono do cooperativismo brasileiro.<\/p>\n<p>O t\u00edtulo leva a express\u00e3o em latim que significa \u201cTudo para Todos\u201d, lema da entidade fundada em 1912 pelo padre em Ven\u00e2ncio Aires, que posteriormente teve sua sede alterada para Nova Petr\u00f3polis e passou a ser conhecida como Associa\u00e7\u00e3o Theodor Amstad. Sob a lideran\u00e7a do padre jesu\u00edta su\u00ed\u00e7o, o Volksverein desempenhou papel fundamental na primeira metade do s\u00e9culo XX junto \u00e0s col\u00f4nias de imigrantes germ\u00e2nicos no Rio Grande do Sul, com a\u00e7\u00f5es como acesso \u00e0 educa\u00e7\u00e3o, publica\u00e7\u00f5es de peri\u00f3dicos, constru\u00e7\u00e3o de hospitais e reassentamento.<\/p>\n<p>Fruto de documentos guardados por Walter Seger, pai de Helena, o \u201cOmnibus Omnia\u201d apresenta registros in\u00e9ditos como as atas originais do Volksverein e o di\u00e1rio do Pe. Baldu\u00edno Rambo. <em>\u201cPor meio de um incans\u00e1vel trabalho, com o apoio do Arthur, irm\u00e3o mais novo de Baldu\u00edno, que com seus 95 anos, traduziu do alem\u00e3o g\u00f3tico os achados, esses documentos foram organizados em uma obra monumental de quase 600 p\u00e1ginas\u201d<\/em>, destaca o presidente da Sicredi Caminho das \u00c1guas, \u00c1lvaro Link.<\/p>\n<p>Outro destaque \u00e9 o Pe. Jorge Anneken, fundador da Sicredi Caminho das \u00c1guas, que consta em diversas atas. \u201c<em>Se o Pe. Amstad foi um gigante, estamos cada dia mais, com a pesquisa do historiador Rodrigo Trespach, descobrindo que o nosso Padre Anneken foi tamb\u00e9m um gigante com in\u00fameras obras e iniciativas. A diferen\u00e7a \u00e9 que um registrou tudo em di\u00e1rios e o outro foi mais sucinto, n\u00e3o afeito a registros de suas andan\u00e7as<\/em>\u201d, explica.<\/p>\n<p><img loading=\"lazy\" decoding=\"async\" class=\"size-medium wp-image-80303 alignleft\" src=\"http:\/\/sol.fm.br\/radio\/wp-content\/uploads\/2025\/11\/52-400x267.jpg\" alt=\"\" width=\"400\" height=\"267\" srcset=\"http:\/\/sol.fm.br\/radio\/wp-content\/uploads\/2025\/11\/52-400x267.jpg 400w, http:\/\/sol.fm.br\/radio\/wp-content\/uploads\/2025\/11\/52-768x512.jpg 768w, http:\/\/sol.fm.br\/radio\/wp-content\/uploads\/2025\/11\/52-600x400.jpg 600w, http:\/\/sol.fm.br\/radio\/wp-content\/uploads\/2025\/11\/52-1536x1024.jpg 1536w, http:\/\/sol.fm.br\/radio\/wp-content\/uploads\/2025\/11\/52-2048x1365.jpg 2048w\" sizes=\"auto, (max-width: 400px) 100vw, 400px\" \/><\/p>\n<p>Conforme o presidente, ao apoiar o livro, a Sicredi Caminho das \u00c1guas assume sua responsabilidade na miss\u00e3o de resgatar e fortalecer a hist\u00f3ria do cooperativismo. \u201c<em>O lan\u00e7amento de \u2018Omnibus Omnia\u2019 \u00e9 uma homenagem ao passado, um fortalecimento do nosso presente e uma inspira\u00e7\u00e3o para o futuro, honrando aqueles que, com vis\u00e3o e esfor\u00e7o, pavimentaram este caminho. \u00c9 uma fonte indispens\u00e1vel para quem deseja explorar e valorizar a trajet\u00f3ria do cooperativismo no Brasil<\/em>\u201d, ressalta.<\/p>\n<p><img loading=\"lazy\" decoding=\"async\" class=\"size-medium wp-image-80301 alignright\" src=\"http:\/\/sol.fm.br\/radio\/wp-content\/uploads\/2025\/11\/5-10-400x267.jpg\" alt=\"\" width=\"400\" height=\"267\" srcset=\"http:\/\/sol.fm.br\/radio\/wp-content\/uploads\/2025\/11\/5-10-400x267.jpg 400w, http:\/\/sol.fm.br\/radio\/wp-content\/uploads\/2025\/11\/5-10-768x512.jpg 768w, http:\/\/sol.fm.br\/radio\/wp-content\/uploads\/2025\/11\/5-10-600x400.jpg 600w, http:\/\/sol.fm.br\/radio\/wp-content\/uploads\/2025\/11\/5-10-1536x1024.jpg 1536w, http:\/\/sol.fm.br\/radio\/wp-content\/uploads\/2025\/11\/5-10-2048x1365.jpg 2048w\" sizes=\"auto, (max-width: 400px) 100vw, 400px\" \/><\/p>\n<p>Para a historiadora Helena Seger, o livro \u00e9 uma retrata\u00e7\u00e3o. <em>\u201cEncontramos palavras e atos do Pe. Amstad que n\u00e3o foram ainda ditos. Retrata\u00e7\u00e3o tamb\u00e9m de outros nomes, que lutaram pelos ideais do padre su\u00ed\u00e7o, mas que at\u00e9 agora eram an\u00f4nimos. Temos a hist\u00f3ria do Volksverein, desde o primeiro discurso, o do Pe. Amstad em 1912, at\u00e9 o \u00faltimo, em 2020. Ap\u00f3s a descoberta desses materiais no escrit\u00f3rio do meu pai, soube que n\u00e3o poderia guard\u00e1-los novamente nas gavetas<\/em>\u201d, narra.<\/p>\n<p>\u201c<em>Este livro \u00e9 um tributo \u00e0queles que acreditaram que a uni\u00e3o \u00e9 o caminho, e que a comunidade \u00e9 o cora\u00e7\u00e3o pulsante de qualquer transforma\u00e7\u00e3o duradoura\u201d<\/em>, afirma o presidente da Sicredi Pioneira, Tiago Schmidt. Um v\u00eddeo com detalhes sobre a obra pode ser conferido no YouTube. Para adquirir o \u201cOmnibus Omnia\u201d, basta entrar em contato com Helena, pelo WhatsApp (54) 99111-2731.<\/p>\n<p><img loading=\"lazy\" decoding=\"async\" class=\"alignnone size-medium wp-image-80302 aligncenter\" src=\"http:\/\/sol.fm.br\/radio\/wp-content\/uploads\/2025\/11\/51-1-400x267.jpg\" alt=\"\" width=\"400\" height=\"267\" srcset=\"http:\/\/sol.fm.br\/radio\/wp-content\/uploads\/2025\/11\/51-1-400x267.jpg 400w, http:\/\/sol.fm.br\/radio\/wp-content\/uploads\/2025\/11\/51-1-768x512.jpg 768w, http:\/\/sol.fm.br\/radio\/wp-content\/uploads\/2025\/11\/51-1-600x400.jpg 600w, http:\/\/sol.fm.br\/radio\/wp-content\/uploads\/2025\/11\/51-1-1536x1024.jpg 1536w, http:\/\/sol.fm.br\/radio\/wp-content\/uploads\/2025\/11\/51-1-2048x1365.jpg 2048w\" sizes=\"auto, (max-width: 400px) 100vw, 400px\" \/><\/p>\n<p><strong>Sobre a Sicredi Caminho das \u00c1guas<\/strong><\/p>\n<p>Constitu\u00edda em 1923, a Sicredi Caminho das \u00c1guas integra o Sistema Sicredi \u2013 composto por mais de 100 cooperativas em todo o Brasil. A institui\u00e7\u00e3o oferece um portf\u00f3lio completo com mais de 300 solu\u00e7\u00f5es financeiras para liberar o potencial de pessoas e neg\u00f3cios. Com sede em Rolante (RS), re\u00fane mais de 90 mil associados em uma \u00e1rea de atua\u00e7\u00e3o que abrange 33 munic\u00edpios do Vale do Paranhana e do Litoral Norte ga\u00facho, como Igrejinha, Sapiranga, Taquara, Cap\u00e3o da Canoa, Torres, Os\u00f3rio, Tramanda\u00ed, entre outros.<\/p>\n<hr \/>\n<h6><strong>Sublinha! Comunica\u00e7\u00e3o | Assessoria de Imprensa - Sicredi Caminho das \u00c1guas | Fotos: Vinicius Martins<\/strong><\/h6>\n\n\n<center><iframe loading=\"lazy\" class=\"jmvplayer\" src=\"https:\/\/player.jmvstream.com\/lvw\/YYGWo5wfZuZ8fEW7Qoq1ISwhLSEDhU\" allowfullscreen allow=\"autoplay; fullscreen\" frameborder=\"0\" width=\"640\" height=\"360\" ><\/iframe><\/center>\n<\/div><\/div>","protected":false},"excerpt":{"rendered":"<p>Iniciativa da Sicredi Caminho das \u00c1guas, a obra apresenta documentos in\u00e9ditos sobre o Volksverein Um marco hist\u00f3rico: no \u00faltimo final de semana, em Nova Petr\u00f3polis (RS), ocorreu o lan\u00e7amento do livro \u201cOmnibus Omnia\u201d, uma realiza\u00e7\u00e3o da Sicredi Caminho das \u00c1guas, em parceria com a Sicredi Pioneira e a Casa Cooperativa. De autoria dos historiadores e [&hellip;]<\/p>\n","protected":false},"author":4,"featured_media":80304,"comment_status":"open","ping_status":"open","sticky":false,"template":"","format":"standard","meta":{"footnotes":""},"categories":[1],"tags":[],"class_list":["post-80300","post","type-post","status-publish","format-standard","has-post-thumbnail","hentry","category-sem-categoria"],"_links":{"self":[{"href":"http:\/\/sol.fm.br\/radio\/wp-json\/wp\/v2\/posts\/80300","targetHints":{"allow":["GET"]}}],"collection":[{"href":"http:\/\/sol.fm.br\/radio\/wp-json\/wp\/v2\/posts"}],"about":[{"href":"http:\/\/sol.fm.br\/radio\/wp-json\/wp\/v2\/types\/post"}],"author":[{"embeddable":true,"href":"http:\/\/sol.fm.br\/radio\/wp-json\/wp\/v2\/users\/4"}],"replies":[{"embeddable":true,"href":"http:\/\/sol.fm.br\/radio\/wp-json\/wp\/v2\/comments?post=80300"}],"version-history":[{"count":1,"href":"http:\/\/sol.fm.br\/radio\/wp-json\/wp\/v2\/posts\/80300\/revisions"}],"predecessor-version":[{"id":80305,"href":"http:\/\/sol.fm.br\/radio\/wp-json\/wp\/v2\/posts\/80300\/revisions\/80305"}],"wp:featuredmedia":[{"embeddable":true,"href":"http:\/\/sol.fm.br\/radio\/wp-json\/wp\/v2\/media\/80304"}],"wp:attachment":[{"href":"http:\/\/sol.fm.br\/radio\/wp-json\/wp\/v2\/media?parent=80300"}],"wp:term":[{"taxonomy":"category","embeddable":true,"href":"http:\/\/sol.fm.br\/radio\/wp-json\/wp\/v2\/categories?post=80300"},{"taxonomy":"post_tag","embeddable":true,"href":"http:\/\/sol.fm.br\/radio\/wp-json\/wp\/v2\/tags?post=80300"}],"curies":[{"name":"wp","href":"https:\/\/api.w.org\/{rel}","templated":true}]}}