{"id":80314,"date":"2025-11-21T10:37:11","date_gmt":"2025-11-21T13:37:11","guid":{"rendered":"http:\/\/sol.fm.br\/radio\/?p=80314"},"modified":"2025-11-21T10:37:13","modified_gmt":"2025-11-21T13:37:13","slug":"prematuridade-ainda-desafia-a-saude-neonatal-e-exige-atencao-desde-o-pre-natal","status":"publish","type":"post","link":"http:\/\/sol.fm.br\/radio\/prematuridade-ainda-desafia-a-saude-neonatal-e-exige-atencao-desde-o-pre-natal\/","title":{"rendered":"Prematuridade ainda desafia a sa\u00fade neonatal e exige aten\u00e7\u00e3o desde o pr\u00e9-natal"},"content":{"rendered":"<div id=\"dslc-theme-content\"><div id=\"dslc-theme-content-inner\"><p style=\"text-align: center;\"><i data-olk-copy-source=\"MessageBody\">Campanha Novembro Roxo e o Dia Mundial da Prematuridade alertam para preven\u00e7\u00e3o e avan\u00e7os no cuidado aos beb\u00eas que nascem antes das 37 semanas<\/i><\/p>\n<div>\n<p>A chegada de um beb\u00ea antes das 37 semanas de gesta\u00e7\u00e3o \u00e9 um desafio que mobiliza fam\u00edlias e equipes de sa\u00fade em todo o mundo. O Dia Mundial da Prematuridade, celebrado em 17 de novembro, integra a campanha Novembro Roxo e busca conscientizar sobre o parto prematuro e os cuidados necess\u00e1rios para garantir sobrevida e qualidade de vida aos rec\u00e9m-nascidos.<\/p>\n<p>Apesar dos progressos, o Brasil ainda apresenta taxas elevadas de prematuridade, em torno de 11% a 12%, superiores \u00e0s de pa\u00edses de alta renda. Entre as principais causas est\u00e3o o alto n\u00famero de cesarianas eletivas, as desigualdades sociais e o acesso desigual ao pr\u00e9-natal de qualidade.\u00a0No Rio Grande do Sul, a Sociedade de Pediatria do Rio Grande do Sul (SPRS) refor\u00e7a o alerta sobre a import\u00e2ncia do pr\u00e9-natal adequado e do acompanhamento especializado para prevenir complica\u00e7\u00f5es graves.\u00a0<\/p>\n<p><em>\u201cA maior parte dos casos de morte pode ser evitada com um pr\u00e9-natal de qualidade, iniciado precocemente, com acompanhamento cont\u00ednuo e identifica\u00e7\u00e3o de fatores de risco. O cuidado preventivo \u00e9 essencial para prolongar o tempo de gesta\u00e7\u00e3o e reduzir complica\u00e7\u00f5es ao nascer<\/em>\u201d, afirma o 2\u00ba vice-presidente da SPRS, Dr. Leandro Meirelles Nunes.<\/p>\n<p>Entre as doen\u00e7as mais recorrentes em beb\u00eas prematuros est\u00e1 a s\u00edndrome do desconforto respirat\u00f3rio neonatal (SDRN), causada pela imaturidade pulmonar e pela falta de surfactante \u2014 subst\u00e2ncia que mant\u00e9m os alv\u00e9olos abertos e facilita a respira\u00e7\u00e3o. A condi\u00e7\u00e3o provoca dificuldade respirat\u00f3ria logo nas primeiras horas de vida e pode exigir suporte ventilat\u00f3rio, oxig\u00eanio e uso de surfactante artificial. \u201c<em>Mesmo com os avan\u00e7os tecnol\u00f3gicos, a SDRN ainda \u00e9 uma das principais causas de morbidade em rec\u00e9m-nascidos prematuros, e seu manejo requer equipes altamente capacitadas<\/em>\u201d, explica o pediatra.<\/p>\n<p>Os fatores que mais contribuem para partos antes do tempo incluem hist\u00f3rico pr\u00e9vio de prematuridade, gesta\u00e7\u00e3o m\u00faltipla, infec\u00e7\u00f5es geniturin\u00e1rias, hipertens\u00e3o, tabagismo e pr\u00e9-natal inadequado. De acordo com Dr. Leandro Nunes, interven\u00e7\u00f5es simples e baseadas em evid\u00eancias \u2014 como o uso de progesterona vaginal em casos de colo curto, a cerclagem cervical quando indicada e o espa\u00e7amento adequado entre as gesta\u00e7\u00f5es \u2014 reduzem significativamente o risco.<\/p>\n<p>\u00a0<\/p>\n<p aria-hidden=\"true\"><strong style=\"color: initial;\">Sobre a Sociedade de Pediatria do RS<\/strong><\/p>\n<\/div>\n<div>A Sociedade de Pediatria do Rio Grande do Sul foi fundada em 25 de junho de 1936 com o nome de Sociedade de Pediatria e Puericultura do Rio Grande do Sul pelo Prof. Raul Moreira e um grupo de m\u00e9dicos precursores da forma\u00e7\u00e3o pedi\u00e1trica no Estado. A entidade cresceu e se desenvolveu com o esp\u00edrito de seus idealizadores, que, preocupados com os avan\u00e7os da \u00e1rea m\u00e9dica e da pr\u00f3pria especialidade, uniram esfor\u00e7os na constru\u00e7\u00e3o de uma entidade que congregasse os colegas que a cada ano se multiplicavam no atendimento espec\u00edfico da popula\u00e7\u00e3o infantil. Atualmente conta com cerca de 1.750 s\u00f3cios, e se constitui em orgulho para a classe m\u00e9dica brasileira e, em especial, para a fam\u00edlia pedi\u00e1trica.<\/div>\n<hr \/>\n<h6><strong>PlayPress | SPRS - Sociedade de Pediatria do Rio Grande do Sul | Reda\u00e7\u00e3o: Marcelo Matusiak<\/strong><\/h6>\n\n\n<center><iframe loading=\"lazy\" class=\"jmvplayer\" src=\"https:\/\/player.jmvstream.com\/lvw\/YYGWo5wfZuZ8fEW7Qoq1ISwhLSEDhU\" allowfullscreen allow=\"autoplay; fullscreen\" frameborder=\"0\" width=\"640\" height=\"360\" ><\/iframe><\/center>\n<\/div><\/div>","protected":false},"excerpt":{"rendered":"<p>Campanha Novembro Roxo e o Dia Mundial da Prematuridade alertam para preven\u00e7\u00e3o e avan\u00e7os no cuidado aos beb\u00eas que nascem antes das 37 semanas A chegada de um beb\u00ea antes das 37 semanas de gesta\u00e7\u00e3o \u00e9 um desafio que mobiliza fam\u00edlias e equipes de sa\u00fade em todo o mundo. O Dia Mundial da Prematuridade, celebrado [&hellip;]<\/p>\n","protected":false},"author":4,"featured_media":80315,"comment_status":"open","ping_status":"open","sticky":false,"template":"","format":"standard","meta":{"footnotes":""},"categories":[1],"tags":[],"class_list":["post-80314","post","type-post","status-publish","format-standard","has-post-thumbnail","hentry","category-sem-categoria"],"_links":{"self":[{"href":"http:\/\/sol.fm.br\/radio\/wp-json\/wp\/v2\/posts\/80314","targetHints":{"allow":["GET"]}}],"collection":[{"href":"http:\/\/sol.fm.br\/radio\/wp-json\/wp\/v2\/posts"}],"about":[{"href":"http:\/\/sol.fm.br\/radio\/wp-json\/wp\/v2\/types\/post"}],"author":[{"embeddable":true,"href":"http:\/\/sol.fm.br\/radio\/wp-json\/wp\/v2\/users\/4"}],"replies":[{"embeddable":true,"href":"http:\/\/sol.fm.br\/radio\/wp-json\/wp\/v2\/comments?post=80314"}],"version-history":[{"count":1,"href":"http:\/\/sol.fm.br\/radio\/wp-json\/wp\/v2\/posts\/80314\/revisions"}],"predecessor-version":[{"id":80316,"href":"http:\/\/sol.fm.br\/radio\/wp-json\/wp\/v2\/posts\/80314\/revisions\/80316"}],"wp:featuredmedia":[{"embeddable":true,"href":"http:\/\/sol.fm.br\/radio\/wp-json\/wp\/v2\/media\/80315"}],"wp:attachment":[{"href":"http:\/\/sol.fm.br\/radio\/wp-json\/wp\/v2\/media?parent=80314"}],"wp:term":[{"taxonomy":"category","embeddable":true,"href":"http:\/\/sol.fm.br\/radio\/wp-json\/wp\/v2\/categories?post=80314"},{"taxonomy":"post_tag","embeddable":true,"href":"http:\/\/sol.fm.br\/radio\/wp-json\/wp\/v2\/tags?post=80314"}],"curies":[{"name":"wp","href":"https:\/\/api.w.org\/{rel}","templated":true}]}}