{"id":80317,"date":"2025-11-21T10:43:00","date_gmt":"2025-11-21T13:43:00","guid":{"rendered":"http:\/\/sol.fm.br\/radio\/?p=80317"},"modified":"2025-11-21T10:43:02","modified_gmt":"2025-11-21T13:43:02","slug":"36a-oktoberfest-de-igrejinha-reune-mais-de-200-mil-visitantes-e-celebra-a-forca-da-comunidade","status":"publish","type":"post","link":"http:\/\/sol.fm.br\/radio\/36a-oktoberfest-de-igrejinha-reune-mais-de-200-mil-visitantes-e-celebra-a-forca-da-comunidade\/","title":{"rendered":"36\u00aa Oktoberfest de Igrejinha re\u00fane mais de 200 mil visitantes e celebra a for\u00e7a da comunidade"},"content":{"rendered":"<div id=\"dslc-theme-content\"><div id=\"dslc-theme-content-inner\"><p class=\"x_yiv7338698090ydpfb2280fcyiv6852796198MsoNormal\" align=\"center\"><i data-olk-copy-source=\"MessageBody\">Maior festa comunit\u00e1ria do Brasil anuncia resultados positivos da edi\u00e7\u00e3o deste ano<\/i><\/p>\n<p class=\"x_yiv7338698090ydpfb2280fcyiv6852796198MsoNormal\" aria-hidden=\"true\">\u00a0<\/p>\n<p class=\"x_yiv7338698090ydpfb2280fcyiv6852796198MsoNormal\">Mantendo viva uma tradi\u00e7\u00e3o de mais de tr\u00eas d\u00e9cadas, a Oktoberfest de Igrejinha encerrou a 36\u00aa edi\u00e7\u00e3o marcada pela alegria, cultura e a for\u00e7a do voluntariado. Nesta quarta-feira (19), a Associa\u00e7\u00e3o de Amigos da Oktoberfest de Igrejinha (Amifest) divulgou os resultados de p\u00fablico e consumo deste ano. Mais de\u00a0202 mil pessoas\u00a0participaram das atividades da festa, ultrapassando o consumo de\u00a0221 mil litros de chopp\u00a0e de\u00a060 mil litros de \u00e1gua e refrigerante. A festa ocorreu de 17 a 26 de outubro, no Parque Almiro Grings, consolidando-se como uma das celebra\u00e7\u00f5es mais tradicionais do Rio Grande do Sul.<\/p>\n<p class=\"x_yiv7338698090ydpfb2280fcyiv6852796198MsoNormal\">Reconhecida como a maior festa comunit\u00e1ria do Brasil, a Oktoberfest de Igrejinha \u00e9 organizada por cerca de tr\u00eas mil volunt\u00e1rios, que dedicam tempo e trabalho para garantir uma experi\u00eancia inesquec\u00edvel ao p\u00fablico. \u201c<em>Tivemos resultados muito positivos. A cada edi\u00e7\u00e3o sempre temos alguns desafios a serem superados e, neste ano, n\u00e3o foi diferente. A adversidade do clima foi um dos fatores, mas que n\u00e3o atrapalhou a experi\u00eancia de quem esteve no parque durante os nove dias de 36\u00aa Oktoberfest de Igrejinha\u201d<\/em>, avalia Falcon Jost, presidente da 36\u00aa Oktoberfest de Igrejinha.<\/p>\n<p class=\"x_yiv7338698090ydpfb2280fcyiv6852796198MsoNormal\">Para ele, o principal resultado do evento vai al\u00e9m dos n\u00fameros. Jost define a edi\u00e7\u00e3o deste ano atrav\u00e9s da palavra \u201ctradi\u00e7\u00e3o\u201d. <em>\u201cIsso porque foi um ano de trabalho e dedica\u00e7\u00e3o para manter viva as tradi\u00e7\u00f5es da Oktoberfest de Igrejinha, que \u00e9 muito mais que uma simples festa. Neste ano, a Oktober continuou contribuindo com a sociedade, mantendo o legado deixado por muitos que j\u00e1 passaram - presidentes, diretorias e tantos volunt\u00e1rios que fizeram e fazem dessa festa o que ela \u00e9\u201d,<\/em> define, explicando que nesta edi\u00e7\u00e3o foram promovidas mais atividades culturais dentro da programa\u00e7\u00e3o da festa, aumentando as oportunidades de contato dos visitantes com a cultura alem\u00e3.<\/p>\n<p><img loading=\"lazy\" decoding=\"async\" class=\"alignnone size-medium wp-image-80319 aligncenter\" src=\"http:\/\/sol.fm.br\/radio\/wp-content\/uploads\/2025\/11\/71-400x267.jpg\" alt=\"\" width=\"400\" height=\"267\" srcset=\"http:\/\/sol.fm.br\/radio\/wp-content\/uploads\/2025\/11\/71-400x267.jpg 400w, http:\/\/sol.fm.br\/radio\/wp-content\/uploads\/2025\/11\/71-768x512.jpg 768w, http:\/\/sol.fm.br\/radio\/wp-content\/uploads\/2025\/11\/71-600x400.jpg 600w, http:\/\/sol.fm.br\/radio\/wp-content\/uploads\/2025\/11\/71.jpg 1250w\" sizes=\"auto, (max-width: 400px) 100vw, 400px\" \/><\/p>\n<p class=\"x_yiv7338698090ydpfb2280fcyiv6852796198MsoNormal\">Al\u00e9m disso, a festa trouxe outras novidades, incluindo o acesso por biometria facial, a cria\u00e7\u00e3o de novos espa\u00e7os, como o Multipalco, e a amplia\u00e7\u00e3o do Biergarten. <em>\u201cA cria\u00e7\u00e3o do Multipalco foi aprovada pela comunidade, que sempre esteve presente no local, mostrando que j\u00e1 \u00e9 ponto de encontro de muitas fam\u00edlias, bem como a amplia\u00e7\u00e3o do Biergarten, espa\u00e7o j\u00e1 consagrado, que conseguiu atender um n\u00famero maior de visitantes nesta edi\u00e7\u00e3o<\/em>\u201d, relata Jost. Outra inova\u00e7\u00e3o desta edi\u00e7\u00e3o foi a implementa\u00e7\u00e3o da biometria facial em alguns setores, ampliando a seguran\u00e7a e a agilidade no acesso ao evento. \u201c<em>Realizamos pequenos ajustes durante a festa e o sistema foi aprovado pela nossa comunidade e visitantes<\/em>\u201d, avalia. <em>\u201cTodos os anos sempre \u00e9 tradi\u00e7\u00e3o por parte da Amifest buscar excel\u00eancia nos servi\u00e7os prestados\u201d<\/em>, complementa Jost.<\/p>\n<p class=\"x_yiv7338698090ydpfb2280fcyiv6852796198MsoNormal\">Com uma programa\u00e7\u00e3o diversificada, a 36\u00aa edi\u00e7\u00e3o contou com 70 atra\u00e7\u00f5es culturais e musicais em sete palcos, entre elas: apresenta\u00e7\u00f5es de Lauana Prado, Rea\u00e7\u00e3o em Cadeia, Z\u00e9 Neto &amp; Cristiano, Israel &amp; Rodolffo, Nenhum de N\u00f3s e Menos \u00e9 Mais. Al\u00e9m disso, grupos de dan\u00e7as folcl\u00f3ricas, bandinhas t\u00edpicas e jogos germ\u00e2nicos marcaram a edi\u00e7\u00e3o. O evento tamb\u00e9m manteve suas tradicionais programa\u00e7\u00f5es especiais, como o Kindertag (Oktoberfest Infantil), o Seniorentag (Oktoberfest da Terceira Idade) e o Besonderertag (Dia Especial para APAEs e Pessoas com Defici\u00eancia), refor\u00e7ando o car\u00e1ter inclusivo da festa.<\/p>\n<p class=\"x_yiv7338698090ydpfb2280fcyiv6852796198MsoNormal\">Na gastronomia, mais de 40 opera\u00e7\u00f5es ofereceram uma imers\u00e3o na culin\u00e1ria regional, com pratos t\u00edpicos e lanches variados. Os alimentos vendidos no parque s\u00e3o comercializados por entidades da regi\u00e3o, que contam com espa\u00e7os cedidos pela Amifest, sem custo. Com isso, todo o lucro das vendas \u00e9 destinado pelas institui\u00e7\u00f5es a iniciativas que beneficiam a comunidade. A 36\u00aa edi\u00e7\u00e3o registou a venda de mais de 150 mil unidades de alimentos.<\/p>\n<p class=\"x_yiv7338698090ydpfb2280fcyiv6852796198MsoNormal\" aria-hidden=\"true\">\u00a0<\/p>\n<p class=\"x_yiv7338698090ydpfb2280fcyiv6852796198MsoNormal\"><b>Festa da Colheita marca encerramento da edi\u00e7\u00e3o e an\u00fancio dos repasses solid\u00e1rios<\/b><\/p>\n<p class=\"x_yiv7338698090ydpfb2280fcyiv6852796198MsoNormal\">S\u00edmbolo do esp\u00edrito comunit\u00e1rio que move a Oktoberfest de Igrejinha, a Festa da Colheita ser\u00e1 o momento de compartilhar com a comunidade os resultados financeiros da edi\u00e7\u00e3o deste ano. O encontro, que acontecer\u00e1 no dia 11 de dezembro, a partir das 19 horas, no Pavilh\u00e3o do Kerb do Parque de Eventos Almiro Grings, reunir\u00e1 volunt\u00e1rios, entidades e visitantes para celebrar o encerramento da 36\u00aa edi\u00e7\u00e3o. Durante o evento, a Amifest apresentar\u00e1 o balan\u00e7o oficial e divulgar\u00e1 os valores que ser\u00e3o destinados \u00e0s institui\u00e7\u00f5es beneficiadas da regi\u00e3o.<\/p>\n<p class=\"x_yiv7338698090ydpfb2280fcyiv6852796198MsoNormal\">Realizada e organizada por mais de tr\u00eas mil volunt\u00e1rios, a Oktoberfest de Igrejinha tem no compromisso social uma de suas principais marcas. Desde sua cria\u00e7\u00e3o, o evento j\u00e1 destinou mais de R$ 33 milh\u00f5es a organiza\u00e7\u00f5es do Vale do Paranhana, incluindo escolas, hospitais, for\u00e7as de seguran\u00e7a e entidades assistenciais.<\/p>\n<p class=\"x_yiv7338698090ydpfb2280fcyiv6852796198MsoNormal\">Aberta ao p\u00fablico, a programa\u00e7\u00e3o da Festa da Colheita contar\u00e1 com apresenta\u00e7\u00f5es da Banda Brilha Som e Porto do Som, em um momento de confraterniza\u00e7\u00e3o e agradecimento a todos que contribu\u00edram para mais um ano de trabalho e solidariedade. \u201c<em>A Festa da Colheita sempre \u00e9 um momento importante e muito especial, pois marca o fim de uma edi\u00e7\u00e3o e enaltece o principal diferencial da Oktoberfest de Igrejinha: o voluntariado e o car\u00e1ter social da festa, atrav\u00e9s da distribui\u00e7\u00e3o dos resultados para entidades de sa\u00fade, educa\u00e7\u00e3o, seguran\u00e7a e cultura do munic\u00edpio e regi\u00e3o<\/em>\u201d, destaca Jost.<\/p>\n<p class=\"x_yiv7338698090ydpfb2280fcyiv6852796198MsoNormal\" aria-hidden=\"true\">\u00a0<\/p>\n<p class=\"x_yiv7338698090ydpfb2280fcyiv6852796198MsoNormal\"><b>N\u00fameros de p\u00fablico e consumo da 36<sup>a<\/sup>\u00a0Oktoberfest de Igrejinha<\/b><\/p>\n<p class=\"x_yiv7338698090ydpfb2280fcyiv6852796198MsoNormal\">P\u00fablico total de todas as atividades da Oktoberfest: 202.086<\/p>\n<p class=\"x_yiv7338698090ydpfb2280fcyiv6852796198MsoNormal\">N\u00famero de Volunt\u00e1rios que trabalharam na festa: mais de 3 mil<\/p>\n<p class=\"x_yiv7338698090ydpfb2280fcyiv6852796198MsoNormal\">Consumo de Chopp: 221.940 litros<\/p>\n<p class=\"x_yiv7338698090ydpfb2280fcyiv6852796198MsoNormal\">Consumo de \u00c1gua e Refrigerante: 60.861 litros<\/p>\n<p class=\"x_yiv7338698090ydpfb2280fcyiv6852796198MsoNormal\">Consumo de Alimentos: 150.164 unidades<\/p>\n<p class=\"x_yiv7338698090ydpfb2280fcyiv6852796198MsoNormal\" aria-hidden=\"true\">\u00a0<\/p>\n<p class=\"x_yiv7338698090ydpfb2280fcyiv6852796198MsoNormal\"><b>Sobre a 36\u00aa Oktoberfest de Igrejinha<\/b>\u00a0\u2013 A festa aconteceu de 17 a 26 de outubro de 2025, no Parque de Eventos Almiro Grings. O evento foi promovido pela Associa\u00e7\u00e3o de Amigos da Oktoberfest de Igrejinha (Amifest) e contou com patroc\u00ednio da Eisenbahn, Coca-Cola, Piccadilly, Cal\u00e7ados Beira Rio, Usaflex, Sicoob, Ambiente Verde, Bebec\u00ea, Voltec, A\u00e7oriana Alimentos, Bibi, Construarte, Madeireira Status, Tacosola, Tintas Killing e Banrisul Cons\u00f3rcio. Al\u00e9m disso, teve patroc\u00ednio institucional da SECOM. Mais informa\u00e7\u00f5es atrav\u00e9s do site oficial\u00a0<a title=\"http:\/\/www.oktoberfest.org.br\" href=\"http:\/\/www.oktoberfest.org.br\/\" target=\"_blank\" rel=\"nofollow noopener noreferrer\" shape=\"rect\" data-auth=\"NotApplicable\" data-linkindex=\"0\">www.oktoberfest.org.br<\/a>\u00a0e das redes sociais.<\/p>\n<p class=\"x_yiv7338698090ydpfb2280fcyiv6852796198MsoNormal\" aria-hidden=\"true\">\u00a0<\/p>\n<p class=\"x_yiv7338698090ydpfb2280fcyiv6852796198MsoNormal\"><b>Pr\u00f3xima edi\u00e7\u00e3o<\/b>: a 37\u00aa edi\u00e7\u00e3o da Oktoberfest de Igrejinha j\u00e1 est\u00e1 confirmada e acontecer\u00e1 de 09 a 18 de outubro de 2026, sob a presid\u00eancia de Aline Hess e Tiago Rech, que assumem os trabalhos ap\u00f3s a Festa da Colheita, em dezembro. Ao lado deles, Kenny Thomas e Marqueli Heidrich ser\u00e3o vice-presidentes, dando continuidade ao legado de uni\u00e3o, voluntariado e amor pela comunidade que marca a hist\u00f3ria da festa.<\/p>\n<hr \/>\n<h6 class=\"x_yiv7338698090ydpfb2280fcyiv6852796198MsoNormal\" aria-hidden=\"true\"><strong>Assessoria de Imprensa - Talenttare | Fotos: Siete e capa: Cleiton Miguel<\/strong><\/h6>\n\n\n<center><iframe loading=\"lazy\" class=\"jmvplayer\" src=\"https:\/\/player.jmvstream.com\/lvw\/YYGWo5wfZuZ8fEW7Qoq1ISwhLSEDhU\" allowfullscreen allow=\"autoplay; fullscreen\" frameborder=\"0\" width=\"640\" height=\"360\" ><\/iframe><\/center>\n<\/div><\/div>","protected":false},"excerpt":{"rendered":"<p>Maior festa comunit\u00e1ria do Brasil anuncia resultados positivos da edi\u00e7\u00e3o deste ano \u00a0 Mantendo viva uma tradi\u00e7\u00e3o de mais de tr\u00eas d\u00e9cadas, a Oktoberfest de Igrejinha encerrou a 36\u00aa edi\u00e7\u00e3o marcada pela alegria, cultura e a for\u00e7a do voluntariado. Nesta quarta-feira (19), a Associa\u00e7\u00e3o de Amigos da Oktoberfest de Igrejinha (Amifest) divulgou os resultados de [&hellip;]<\/p>\n","protected":false},"author":4,"featured_media":80318,"comment_status":"open","ping_status":"open","sticky":false,"template":"","format":"standard","meta":{"footnotes":""},"categories":[1],"tags":[],"class_list":["post-80317","post","type-post","status-publish","format-standard","has-post-thumbnail","hentry","category-sem-categoria"],"_links":{"self":[{"href":"http:\/\/sol.fm.br\/radio\/wp-json\/wp\/v2\/posts\/80317","targetHints":{"allow":["GET"]}}],"collection":[{"href":"http:\/\/sol.fm.br\/radio\/wp-json\/wp\/v2\/posts"}],"about":[{"href":"http:\/\/sol.fm.br\/radio\/wp-json\/wp\/v2\/types\/post"}],"author":[{"embeddable":true,"href":"http:\/\/sol.fm.br\/radio\/wp-json\/wp\/v2\/users\/4"}],"replies":[{"embeddable":true,"href":"http:\/\/sol.fm.br\/radio\/wp-json\/wp\/v2\/comments?post=80317"}],"version-history":[{"count":1,"href":"http:\/\/sol.fm.br\/radio\/wp-json\/wp\/v2\/posts\/80317\/revisions"}],"predecessor-version":[{"id":80320,"href":"http:\/\/sol.fm.br\/radio\/wp-json\/wp\/v2\/posts\/80317\/revisions\/80320"}],"wp:featuredmedia":[{"embeddable":true,"href":"http:\/\/sol.fm.br\/radio\/wp-json\/wp\/v2\/media\/80318"}],"wp:attachment":[{"href":"http:\/\/sol.fm.br\/radio\/wp-json\/wp\/v2\/media?parent=80317"}],"wp:term":[{"taxonomy":"category","embeddable":true,"href":"http:\/\/sol.fm.br\/radio\/wp-json\/wp\/v2\/categories?post=80317"},{"taxonomy":"post_tag","embeddable":true,"href":"http:\/\/sol.fm.br\/radio\/wp-json\/wp\/v2\/tags?post=80317"}],"curies":[{"name":"wp","href":"https:\/\/api.w.org\/{rel}","templated":true}]}}