{"id":80321,"date":"2025-11-21T10:46:39","date_gmt":"2025-11-21T13:46:39","guid":{"rendered":"http:\/\/sol.fm.br\/radio\/?p=80321"},"modified":"2025-11-21T10:46:42","modified_gmt":"2025-11-21T13:46:42","slug":"dias-de-campo-inovadores-levam-novas-tecnologias-e-praticas-de-manejo-para-produtores-de-sp-e-sc","status":"publish","type":"post","link":"http:\/\/sol.fm.br\/radio\/dias-de-campo-inovadores-levam-novas-tecnologias-e-praticas-de-manejo-para-produtores-de-sp-e-sc\/","title":{"rendered":"Dias de campo inovadores levam novas tecnologias e pr\u00e1ticas de manejo para produtores de SP e SC"},"content":{"rendered":"<div id=\"dslc-theme-content\"><div id=\"dslc-theme-content-inner\"><p style=\"text-align: center;\"><i data-olk-copy-source=\"MessageBody\">De forma gratuita e in\u00e9dita, as duas edi\u00e7\u00f5es do evento promovem, juntas, mais de 50 variedades hort\u00edcolas, al\u00e9m de intera\u00e7\u00e3o com especialistas e solu\u00e7\u00f5es de empresas do setor<\/i><\/p>\n<div>\n<p data-olk-copy-source=\"MessageBody\">A multinacional japonesa de sementes Sakata realizar\u00e1, nos dias 26 e 27 de novembro de 2025, duas edi\u00e7\u00f5es in\u00e9ditas do evento \u201cVem pro Campo!\u201d, sendo uma em Itapetininga (SP), em parceria com a F. Pezzato Agr\u00edcola, e outra em Santo Amaro da Imperatriz (SC), junto ao distribuidor BBS Agrocenter. Totalmente gratuitos e voltados \u00e0 difus\u00e3o de conhecimento t\u00e9cnico, ambos os dias de campo refor\u00e7am a estrat\u00e9gia da empresa de ampliar o acesso dos produtores brasileiros \u00e0 gen\u00e9tica de alta performance e \u00e0s tecnologias mais atuais para a horticultura.<\/p>\n<p>As duas regi\u00f5es escolhidas concentram polos produtivos estrat\u00e9gicos. No total, ser\u00e3o apresentadas mais de\u00a050 variedades de hortali\u00e7as a campo, entre tomates, ab\u00f3boras, piment\u00f5es, alfaces, porta-enxertos e materiais adaptados a diferentes condi\u00e7\u00f5es de cultivo. Al\u00e9m disso, empresas parceiras apresentar\u00e3o solu\u00e7\u00f5es complementares para a produ\u00e7\u00e3o, ampliando a relev\u00e2ncia do evento e oferecendo aos produtores acesso direto a tecnologias que aumentam a efici\u00eancia e fortalecem uma vis\u00e3o integrada sobre as necessidades do campo.<\/p>\n<p>Outro grande diferencial do \u201cVem pro Campo!\u201d \u00e9 a intera\u00e7\u00e3o direta entre os participantes e a equipe t\u00e9cnica da Sakata. Ao longo da programa\u00e7\u00e3o, os especialistas, pesquisadores e profissionais da \u00e1rea Comercial estar\u00e3o dispon\u00edveis para apresentar os resultados a campo, discutir estrat\u00e9gias de manejo e orientar sobre as caracter\u00edsticas e os diferenciais de cada variedade. Os participantes tamb\u00e9m ter\u00e3o acesso a condi\u00e7\u00f5es comerciais especiais, dispon\u00edveis exclusivamente durante os eventos.<\/p>\n<p><strong>Compromisso com o desenvolvimento das regi\u00f5es produtoras<\/strong><\/p>\n<p>Heriton Felisbino, Gerente de Marketing da Sakata, explica que cada edi\u00e7\u00e3o do \u201cVem pro Campo!\u201d \u00e9 planejada de acordo com a realidade produtiva local, com o prop\u00f3sito de proporcionar ao produtor uma experi\u00eancia completa, com demonstra\u00e7\u00e3o do potencial das cultivares, orienta\u00e7\u00e3o t\u00e9cnica qualificada e acesso a solu\u00e7\u00f5es inovadoras. Por isso, <em>\u201clevar o evento de forma in\u00e9dita \u00e0s cidades de Itapetininga (SP) e Santo Amaro da Imperatriz (SC) demonstra nosso compromisso com o desenvolvimento regional e com o avan\u00e7o da horticultura brasileira\u201d,<\/em> afirma o gestor.<\/p>\n<p><strong>Dois polos e uma mesma proposta: conhecimento t\u00e9cnico aplicado ao campo<\/strong><\/p>\n<p><img loading=\"lazy\" decoding=\"async\" class=\"size-medium wp-image-80323 alignleft\" src=\"http:\/\/sol.fm.br\/radio\/wp-content\/uploads\/2025\/11\/81-2-400x225.jpg\" alt=\"\" width=\"400\" height=\"225\" srcset=\"http:\/\/sol.fm.br\/radio\/wp-content\/uploads\/2025\/11\/81-2-400x225.jpg 400w, http:\/\/sol.fm.br\/radio\/wp-content\/uploads\/2025\/11\/81-2-768x432.jpg 768w, http:\/\/sol.fm.br\/radio\/wp-content\/uploads\/2025\/11\/81-2-1536x864.jpg 1536w, http:\/\/sol.fm.br\/radio\/wp-content\/uploads\/2025\/11\/81-2.jpg 1601w\" sizes=\"auto, (max-width: 400px) 100vw, 400px\" \/><\/p>\n<p data-olk-copy-source=\"MessageBody\">Em\u00a0Itapetininga (SP), o p\u00fablico ter\u00e1 acesso a mais de\u00a020 variedades de hortali\u00e7as\u00a0expostas a campo, incluindo\u00a0tomates, piment\u00f5es, al\u00e9m de materiais cultivados em ambiente protegido, permitindo observar a performance das cultivares sob diferentes condi\u00e7\u00f5es produtivas. A a\u00e7\u00e3o conta com a parceria da distribuidora F. Pezzato Agr\u00edcola e coordena\u00e7\u00e3o de Bruno Rezende, Assistente T\u00e9cnico Comercial da Sakata. A programa\u00e7\u00e3o ser\u00e1 das 14h \u00e0s 18h, nos dois dias, e as inscri\u00e7\u00f5es devem ser feitas pelo site:\u00a0<a title=\"https:\/\/vemprocampo.sakata.com.br\/itapetininga-sp\" href=\"https:\/\/vemprocampo.sakata.com.br\/itapetininga-sp\" target=\"_blank\" rel=\"noreferrer noopener\" shape=\"rect\" data-auth=\"NotApplicable\" data-linkindex=\"0\">https:\/\/vemprocampo.sakata.com.br\/itapetininga-sp<\/a><\/p>\n<p>J\u00e1 em\u00a0Santo Amaro da Imperatriz (SC), o dia de campo apresentar\u00e1\u00a0mais de 30 variedades\u00a0de hortali\u00e7as, entre tomates, ab\u00f3boras, alfaces e outras culturas de destaque para o mercado catarinense. A realiza\u00e7\u00e3o acontece em parceria com a BBS Agrocenter, sob a coordena\u00e7\u00e3o de Michael Lemke, Assistente T\u00e9cnico Comercial da Sakata. O evento acontecer\u00e1 das 9h \u00e0s 17h, nos dois dias, e as inscri\u00e7\u00f5es devem ser feitas pelo site:\u00a0<a title=\"https:\/\/vemprocampo.sakata.com.br\/sto-amaro-da-imperatriz-sc\" href=\"https:\/\/vemprocampo.sakata.com.br\/sto-amaro-da-imperatriz-sc\" target=\"_blank\" rel=\"noreferrer noopener\" shape=\"rect\" data-auth=\"NotApplicable\" data-linkindex=\"1\">https:\/\/vemprocampo.sakata.com.br\/sto-amaro-da-imperatriz-sc<\/a><\/p>\n<p><strong><u>SERVI\u00c7O<\/u><\/strong><\/p>\n<blockquote>\n<p><strong>&gt;&gt; \u201cVem pro Campo!\u201d em Itapetininga (SP)<\/strong><br clear=\"none\" \/><strong>Data:<\/strong>\u00a026 e 27 de novembro de 2025<br clear=\"none\" \/><strong>Hor\u00e1rio:<\/strong>\u00a0das 14h \u00e0s 18h<br clear=\"none\" \/><strong>Local:<\/strong>\u00a0Estrada Municipal Jos\u00e9 Corr\u00eaa de Moraes - Chapada Grande, em Itapetininga (SP), 18200-000<br clear=\"none\" \/><strong>Inscri\u00e7\u00f5es no link:\u00a0<\/strong><a title=\"https:\/\/vemprocampo.sakata.com.br\/itapetininga-sp\" href=\"https:\/\/vemprocampo.sakata.com.br\/itapetininga-sp\" target=\"_blank\" rel=\"noreferrer noopener\" shape=\"rect\" data-auth=\"NotApplicable\" data-linkindex=\"2\">https:\/\/vemprocampo.sakata.com.br\/itapetininga-sp<\/a><\/p>\n<\/blockquote>\n<blockquote>\n<p><strong>&gt;&gt; \u201cVem pro Campo!\u201d em Santo Amaro da Imperatriz (SC)<\/strong><br clear=\"none\" \/><strong>Data:<\/strong>\u00a026 e 27 de novembro de 2025<br clear=\"none\" \/><strong>Hor\u00e1rio:<\/strong>\u00a0das 9h \u00e0s 17h<br clear=\"none\" \/><strong>Local:<\/strong>\u00a0R. Natividade, n\u00b0 3.740 - Vila Becker, em Santo Amaro da Imperatriz (SC), 88140-000<br clear=\"none\" \/><strong>Inscri\u00e7\u00f5es no link:<\/strong>\u00a0<a title=\"https:\/\/vemprocampo.sakata.com.br\/sto-amaro-da-imperatriz-sc\" href=\"https:\/\/vemprocampo.sakata.com.br\/sto-amaro-da-imperatriz-sc\" target=\"_blank\" rel=\"noreferrer noopener\" shape=\"rect\" data-auth=\"NotApplicable\" data-linkindex=\"3\">https:\/\/vemprocampo.sakata.com.br\/sto-amaro-da-imperatriz-sc<\/a>\u00a0<\/p>\n<\/blockquote>\n<hr \/>\n<h6><strong>MyPress &amp; Co. | Fotos: Divulga\u00e7\u00e3o - Sakata<\/strong><\/h6>\n<\/div>\n\n\n<center><iframe loading=\"lazy\" class=\"jmvplayer\" src=\"https:\/\/player.jmvstream.com\/lvw\/YYGWo5wfZuZ8fEW7Qoq1ISwhLSEDhU\" allowfullscreen allow=\"autoplay; fullscreen\" frameborder=\"0\" width=\"640\" height=\"360\" ><\/iframe><\/center>\n\n\n\n<p><\/p>\n<\/div><\/div>","protected":false},"excerpt":{"rendered":"<p>De forma gratuita e in\u00e9dita, as duas edi\u00e7\u00f5es do evento promovem, juntas, mais de 50 variedades hort\u00edcolas, al\u00e9m de intera\u00e7\u00e3o com especialistas e solu\u00e7\u00f5es de empresas do setor A multinacional japonesa de sementes Sakata realizar\u00e1, nos dias 26 e 27 de novembro de 2025, duas edi\u00e7\u00f5es in\u00e9ditas do evento \u201cVem pro Campo!\u201d, sendo uma em [&hellip;]<\/p>\n","protected":false},"author":4,"featured_media":80322,"comment_status":"open","ping_status":"open","sticky":false,"template":"","format":"standard","meta":{"footnotes":""},"categories":[1],"tags":[],"class_list":["post-80321","post","type-post","status-publish","format-standard","has-post-thumbnail","hentry","category-sem-categoria"],"_links":{"self":[{"href":"http:\/\/sol.fm.br\/radio\/wp-json\/wp\/v2\/posts\/80321","targetHints":{"allow":["GET"]}}],"collection":[{"href":"http:\/\/sol.fm.br\/radio\/wp-json\/wp\/v2\/posts"}],"about":[{"href":"http:\/\/sol.fm.br\/radio\/wp-json\/wp\/v2\/types\/post"}],"author":[{"embeddable":true,"href":"http:\/\/sol.fm.br\/radio\/wp-json\/wp\/v2\/users\/4"}],"replies":[{"embeddable":true,"href":"http:\/\/sol.fm.br\/radio\/wp-json\/wp\/v2\/comments?post=80321"}],"version-history":[{"count":1,"href":"http:\/\/sol.fm.br\/radio\/wp-json\/wp\/v2\/posts\/80321\/revisions"}],"predecessor-version":[{"id":80324,"href":"http:\/\/sol.fm.br\/radio\/wp-json\/wp\/v2\/posts\/80321\/revisions\/80324"}],"wp:featuredmedia":[{"embeddable":true,"href":"http:\/\/sol.fm.br\/radio\/wp-json\/wp\/v2\/media\/80322"}],"wp:attachment":[{"href":"http:\/\/sol.fm.br\/radio\/wp-json\/wp\/v2\/media?parent=80321"}],"wp:term":[{"taxonomy":"category","embeddable":true,"href":"http:\/\/sol.fm.br\/radio\/wp-json\/wp\/v2\/categories?post=80321"},{"taxonomy":"post_tag","embeddable":true,"href":"http:\/\/sol.fm.br\/radio\/wp-json\/wp\/v2\/tags?post=80321"}],"curies":[{"name":"wp","href":"https:\/\/api.w.org\/{rel}","templated":true}]}}