{"id":80328,"date":"2025-11-24T09:28:05","date_gmt":"2025-11-24T12:28:05","guid":{"rendered":"http:\/\/sol.fm.br\/radio\/?p=80328"},"modified":"2025-11-24T09:28:08","modified_gmt":"2025-11-24T12:28:08","slug":"defesa-civil-estadual-apoia-cidade-de-erechim-apos-danos-decorrentes-de-queda-de-granizo","status":"publish","type":"post","link":"http:\/\/sol.fm.br\/radio\/defesa-civil-estadual-apoia-cidade-de-erechim-apos-danos-decorrentes-de-queda-de-granizo\/","title":{"rendered":"Defesa Civil Estadual apoia cidade de Erechim ap\u00f3s danos decorrentes de queda de granizo"},"content":{"rendered":"<div id=\"dslc-theme-content\"><div id=\"dslc-theme-content-inner\"><p>Na tarde deste domingo (23\/11), o munic\u00edpio de Erechim foi atingido por forte queda de granizo. A Defesa Civil Estadual, por meio das equipes da 2\u00aa Coordenadoria Regional, sediada em Passo Fundo, j\u00e1 est\u00e1 no local para apoiar o munic\u00edpio na avalia\u00e7\u00e3o dos danos e aux\u00edlio aos atingidos.\u00a0<\/p>\n<p>\u00a0O coordenador estadual de Prote\u00e7\u00e3o e Defesa Civil, coronel Luciano Chaves Boeira, se desloca para o munic\u00edpio de Erechim, assim como equipes do Departamento de Gest\u00e3o de Desastres.\u00a0\u00a0<\/p>\n<p>\u00a0O Centro Log\u00edstico da Defesa Civil enviou caminh\u00f5es com rolos de lona e telhas para apoiar a gest\u00e3o municipal no atendimento da popula\u00e7\u00e3o afetada.\u00a0\u00a0<\/p>\n<p>\u00a0Conforme o Centro de Monitoramento da Defesa Civil (CMDEC), a queda de granizo foi causada devido \u00e0 atua\u00e7\u00e3o de uma \u00e1rea de baixa press\u00e3o combinada ao calor e umidade presentes na regi\u00e3o, condi\u00e7\u00e3o que foi identificada pela equipe do monitoramento e subsidiou a elabora\u00e7\u00e3o de tr\u00eas alertas que foram enviados pelo Centro de Opera\u00e7\u00f5es da Defesa Civil do RS com foco naquela regi\u00e3o.\u00a0<\/p>\n<p><img loading=\"lazy\" decoding=\"async\" class=\"alignnone size-medium wp-image-80330\" src=\"http:\/\/sol.fm.br\/radio\/wp-content\/uploads\/2025\/11\/1.2-400x319.jpeg\" alt=\"\" width=\"400\" height=\"319\" srcset=\"http:\/\/sol.fm.br\/radio\/wp-content\/uploads\/2025\/11\/1.2-400x319.jpeg 400w, http:\/\/sol.fm.br\/radio\/wp-content\/uploads\/2025\/11\/1.2-768x612.jpeg 768w, http:\/\/sol.fm.br\/radio\/wp-content\/uploads\/2025\/11\/1.2.jpeg 800w\" sizes=\"auto, (max-width: 400px) 100vw, 400px\" \/> <img loading=\"lazy\" decoding=\"async\" class=\"alignnone size-medium wp-image-80331\" src=\"http:\/\/sol.fm.br\/radio\/wp-content\/uploads\/2025\/11\/1.1-1-400x341.jpeg\" alt=\"\" width=\"400\" height=\"341\" srcset=\"http:\/\/sol.fm.br\/radio\/wp-content\/uploads\/2025\/11\/1.1-1-400x341.jpeg 400w, http:\/\/sol.fm.br\/radio\/wp-content\/uploads\/2025\/11\/1.1-1-768x654.jpeg 768w, http:\/\/sol.fm.br\/radio\/wp-content\/uploads\/2025\/11\/1.1-1.jpeg 800w\" sizes=\"auto, (max-width: 400px) 100vw, 400px\" \/><\/p>\n<hr \/>\n<h6><strong>GOV RS | Casa Militar Defesa Civil RS | Foto: Tenente Eduardo\/CREPDEC 2\/Defesa Civil RS<\/strong><\/h6>\n\n\n<center><iframe loading=\"lazy\" class=\"jmvplayer\" src=\"https:\/\/player.jmvstream.com\/lvw\/YYGWo5wfZuZ8fEW7Qoq1ISwhLSEDhU\" allowfullscreen allow=\"autoplay; fullscreen\" frameborder=\"0\" width=\"640\" height=\"360\" ><\/iframe><\/center>\n<\/div><\/div>","protected":false},"excerpt":{"rendered":"<p>Na tarde deste domingo (23\/11), o munic\u00edpio de Erechim foi atingido por forte queda de granizo. A Defesa Civil Estadual, por meio das equipes da 2\u00aa Coordenadoria Regional, sediada em Passo Fundo, j\u00e1 est\u00e1 no local para apoiar o munic\u00edpio na avalia\u00e7\u00e3o dos danos e aux\u00edlio aos atingidos.\u00a0 \u00a0O coordenador estadual de Prote\u00e7\u00e3o e Defesa [&hellip;]<\/p>\n","protected":false},"author":4,"featured_media":80329,"comment_status":"open","ping_status":"open","sticky":false,"template":"","format":"standard","meta":{"footnotes":""},"categories":[1],"tags":[],"class_list":["post-80328","post","type-post","status-publish","format-standard","has-post-thumbnail","hentry","category-sem-categoria"],"_links":{"self":[{"href":"http:\/\/sol.fm.br\/radio\/wp-json\/wp\/v2\/posts\/80328","targetHints":{"allow":["GET"]}}],"collection":[{"href":"http:\/\/sol.fm.br\/radio\/wp-json\/wp\/v2\/posts"}],"about":[{"href":"http:\/\/sol.fm.br\/radio\/wp-json\/wp\/v2\/types\/post"}],"author":[{"embeddable":true,"href":"http:\/\/sol.fm.br\/radio\/wp-json\/wp\/v2\/users\/4"}],"replies":[{"embeddable":true,"href":"http:\/\/sol.fm.br\/radio\/wp-json\/wp\/v2\/comments?post=80328"}],"version-history":[{"count":1,"href":"http:\/\/sol.fm.br\/radio\/wp-json\/wp\/v2\/posts\/80328\/revisions"}],"predecessor-version":[{"id":80332,"href":"http:\/\/sol.fm.br\/radio\/wp-json\/wp\/v2\/posts\/80328\/revisions\/80332"}],"wp:featuredmedia":[{"embeddable":true,"href":"http:\/\/sol.fm.br\/radio\/wp-json\/wp\/v2\/media\/80329"}],"wp:attachment":[{"href":"http:\/\/sol.fm.br\/radio\/wp-json\/wp\/v2\/media?parent=80328"}],"wp:term":[{"taxonomy":"category","embeddable":true,"href":"http:\/\/sol.fm.br\/radio\/wp-json\/wp\/v2\/categories?post=80328"},{"taxonomy":"post_tag","embeddable":true,"href":"http:\/\/sol.fm.br\/radio\/wp-json\/wp\/v2\/tags?post=80328"}],"curies":[{"name":"wp","href":"https:\/\/api.w.org\/{rel}","templated":true}]}}