{"id":80336,"date":"2025-11-24T09:46:00","date_gmt":"2025-11-24T12:46:00","guid":{"rendered":"http:\/\/sol.fm.br\/radio\/?p=80336"},"modified":"2025-11-24T09:46:02","modified_gmt":"2025-11-24T12:46:02","slug":"alice-imoveis-celebra-mais-uma-edicao-do-natal-ideal-no-bairro-ideal-em-taquara","status":"publish","type":"post","link":"http:\/\/sol.fm.br\/radio\/alice-imoveis-celebra-mais-uma-edicao-do-natal-ideal-no-bairro-ideal-em-taquara\/","title":{"rendered":"Alice Im\u00f3veis celebra mais uma edi\u00e7\u00e3o do Natal Ideal no bairro Ideal, em Taquara"},"content":{"rendered":"<div id=\"dslc-theme-content\"><div id=\"dslc-theme-content-inner\"><p>A Imobili\u00e1ria Alice Im\u00f3veis realiza, em 2025, mais uma edi\u00e7\u00e3o do projeto \u201cNatal Ideal\u201d, uma campanha solid\u00e1ria que j\u00e1 se tornou tradi\u00e7\u00e3o na comunidade taquarense. A iniciativa tem como objetivo levar alegria, esperan\u00e7a e momentos especiais \u00e0s crian\u00e7as e moradores do bairro Ideal, em Taquara.<\/p>\n<p><strong>Um projeto que transforma desde 2014<\/strong><\/p>\n<p>Criado em 2014, o Natal Ideal nasceu do desejo da Alice Im\u00f3veis de estar mais pr\u00f3xima da comunidade e de retribuir o acolhimento recebido ao longo dos anos. Desde ent\u00e3o, anualmente a equipe da empresa visita o bairro Ideal para distribuir amor, presentes e muita alegria. O projeto se consolidou como uma das a\u00e7\u00f5es sociais mais importantes da empresa, fortalecendo v\u00ednculos e levando impacto positivo para dezenas de fam\u00edlias.<\/p>\n<p><strong>Como participar da campanha<\/strong><\/p>\n<p>As doa\u00e7\u00f5es \u2014 exclusivamente de brinquedos novos \u2014 podem ser entregues at\u00e9 o dia 10 de dezembro nas unidades da Alice Im\u00f3veis em Taquara, Parob\u00e9 e Igrejinha. Toda a comunidade \u00e9 convidada a contribuir para fazer deste momento ainda mais especial para as crian\u00e7as.<\/p>\n<p><strong>Dia da entrega<\/strong><\/p>\n<p>A distribui\u00e7\u00e3o dos brinquedos e lanches ser\u00e1 realizada no dia 14 de dezembro de 2025, diretamente no bairro Ideal, pela diretoria e colaboradores da Alice Im\u00f3veis. Al\u00e9m da presen\u00e7a do Papai Noel, a programa\u00e7\u00e3o contar\u00e1 com brinquedos infl\u00e1veis para garantir ainda mais divers\u00e3o, e todas as crian\u00e7as receber\u00e3o um lanchinho especial, refor\u00e7ando o clima de celebra\u00e7\u00e3o e cuidado.<\/p>\n<p>Quem desejar participar da a\u00e7\u00e3o no dia da entrega ou contribuir de outras formas pode entrar em contato pelo telefone (51) 3541-0400.<\/p>\n<p><img loading=\"lazy\" decoding=\"async\" class=\"alignnone size-medium wp-image-80338 aligncenter\" src=\"http:\/\/sol.fm.br\/radio\/wp-content\/uploads\/2025\/11\/31-400x324.png\" alt=\"\" width=\"400\" height=\"324\" srcset=\"http:\/\/sol.fm.br\/radio\/wp-content\/uploads\/2025\/11\/31-400x324.png 400w, http:\/\/sol.fm.br\/radio\/wp-content\/uploads\/2025\/11\/31-768x622.png 768w, http:\/\/sol.fm.br\/radio\/wp-content\/uploads\/2025\/11\/31.png 1316w\" sizes=\"auto, (max-width: 400px) 100vw, 400px\" \/><\/p>\n<p><strong>Sobre o Natal Ideal<\/strong><\/p>\n<p>Criado pela Alice Im\u00f3veis, o projeto refor\u00e7a o compromisso da empresa com a responsabilidade social e com o desenvolvimento das comunidades onde atua. O Natal Ideal leva, todos os anos, divers\u00e3o, acolhimento e solidariedade a dezenas de crian\u00e7as, fortalecendo la\u00e7os e inspirando mais pessoas a fazer o bem.<\/p>\n<hr \/>\n<h6><strong>Camila Vargas RP\u00a0<\/strong><\/h6>\n\n\n<center><iframe loading=\"lazy\" class=\"jmvplayer\" src=\"https:\/\/player.jmvstream.com\/lvw\/YYGWo5wfZuZ8fEW7Qoq1ISwhLSEDhU\" allowfullscreen allow=\"autoplay; fullscreen\" frameborder=\"0\" width=\"640\" height=\"360\" ><\/iframe><\/center>\n<\/div><\/div>","protected":false},"excerpt":{"rendered":"<p>A Imobili\u00e1ria Alice Im\u00f3veis realiza, em 2025, mais uma edi\u00e7\u00e3o do projeto \u201cNatal Ideal\u201d, uma campanha solid\u00e1ria que j\u00e1 se tornou tradi\u00e7\u00e3o na comunidade taquarense. A iniciativa tem como objetivo levar alegria, esperan\u00e7a e momentos especiais \u00e0s crian\u00e7as e moradores do bairro Ideal, em Taquara. Um projeto que transforma desde 2014 Criado em 2014, o [&hellip;]<\/p>\n","protected":false},"author":4,"featured_media":80337,"comment_status":"open","ping_status":"open","sticky":false,"template":"","format":"standard","meta":{"footnotes":""},"categories":[1],"tags":[],"class_list":["post-80336","post","type-post","status-publish","format-standard","has-post-thumbnail","hentry","category-sem-categoria"],"_links":{"self":[{"href":"http:\/\/sol.fm.br\/radio\/wp-json\/wp\/v2\/posts\/80336","targetHints":{"allow":["GET"]}}],"collection":[{"href":"http:\/\/sol.fm.br\/radio\/wp-json\/wp\/v2\/posts"}],"about":[{"href":"http:\/\/sol.fm.br\/radio\/wp-json\/wp\/v2\/types\/post"}],"author":[{"embeddable":true,"href":"http:\/\/sol.fm.br\/radio\/wp-json\/wp\/v2\/users\/4"}],"replies":[{"embeddable":true,"href":"http:\/\/sol.fm.br\/radio\/wp-json\/wp\/v2\/comments?post=80336"}],"version-history":[{"count":1,"href":"http:\/\/sol.fm.br\/radio\/wp-json\/wp\/v2\/posts\/80336\/revisions"}],"predecessor-version":[{"id":80339,"href":"http:\/\/sol.fm.br\/radio\/wp-json\/wp\/v2\/posts\/80336\/revisions\/80339"}],"wp:featuredmedia":[{"embeddable":true,"href":"http:\/\/sol.fm.br\/radio\/wp-json\/wp\/v2\/media\/80337"}],"wp:attachment":[{"href":"http:\/\/sol.fm.br\/radio\/wp-json\/wp\/v2\/media?parent=80336"}],"wp:term":[{"taxonomy":"category","embeddable":true,"href":"http:\/\/sol.fm.br\/radio\/wp-json\/wp\/v2\/categories?post=80336"},{"taxonomy":"post_tag","embeddable":true,"href":"http:\/\/sol.fm.br\/radio\/wp-json\/wp\/v2\/tags?post=80336"}],"curies":[{"name":"wp","href":"https:\/\/api.w.org\/{rel}","templated":true}]}}