{"id":80340,"date":"2025-11-24T10:22:29","date_gmt":"2025-11-24T13:22:29","guid":{"rendered":"http:\/\/sol.fm.br\/radio\/?p=80340"},"modified":"2025-11-24T10:22:31","modified_gmt":"2025-11-24T13:22:31","slug":"governo-do-estado-inaugura-jardim-sensorial-e-contemplativo-no-setimo-andar-da-casa-de-cultura-mario-quintana","status":"publish","type":"post","link":"http:\/\/sol.fm.br\/radio\/governo-do-estado-inaugura-jardim-sensorial-e-contemplativo-no-setimo-andar-da-casa-de-cultura-mario-quintana\/","title":{"rendered":"Governo do Estado inaugura jardim sensorial e contemplativo no s\u00e9timo andar da Casa de Cultura Mario Quintana"},"content":{"rendered":"<div id=\"dslc-theme-content\"><div id=\"dslc-theme-content-inner\"><p class=\"artigo__subtitulo\" style=\"text-align: center;\"><em>Cerim\u00f4nia de apresenta\u00e7\u00e3o do Terra\u00e7o Petrobras ocorre \u00e0s 18h de ter\u00e7a-feira (25\/11)<\/em><\/p>\n<p dir=\"ltr\">O governo Eduardo Leite ir\u00e1 inaugurar, na ter\u00e7a-feira (25\/11), um novo ambiente na Casa de Cultura Mario Quintana (CCMQ), institui\u00e7\u00e3o da Secretaria da Cultura do Estado (Sedac). Denominado Terra\u00e7o Petrobras, o espa\u00e7o est\u00e1 localizado no s\u00e9timo andar do edif\u00edcio do antigo Hotel Majestic, pr\u00e9dio tombado pelo patrim\u00f4nio hist\u00f3rico e cultural do Rio Grande do Sul. A inaugura\u00e7\u00e3o, que ocorrer\u00e1 em ato \u00e0s 18h, integra as atividades alusivas pela passagem dos 35 anos da CCMQ, celebrados em 25 de setembro.<\/p>\n<p dir=\"ltr\">O ambiente possui vista panor\u00e2mica para cen\u00e1rios de Porto Alegre e foi configurado como um jardim sensorial, sob a proposta de tornar-se um ref\u00fagio para contempla\u00e7\u00e3o e descompress\u00e3o. Al\u00e9m de explorar os aspectos visuais da pr\u00f3pria Casa de Cultura, o local conta com paisagismo e composi\u00e7\u00e3o que estimulam olfato, tato, vis\u00e3o, audi\u00e7\u00e3o e paladar, reunindo plantas nativas, al\u00e9m de caixas de seixos rolados, areia, saibro e brita.<\/p>\n<ul>\n<li dir=\"ltr\"><a href=\"https:\/\/www.estado.rs.gov.br\/governo-do-estado-retoma-participacao-na-noite-dos-museus-com-programacao-especial-na-ccmq-e-no-margs\" target=\"_blank\" rel=\"noopener\"><b>Governo do Estado retoma participa\u00e7\u00e3o na Noite dos Museus com programa\u00e7\u00e3o especial na CCMQ e no Margs<\/b><\/a><\/li>\n<\/ul>\n<p dir=\"ltr\">O projeto foi concebido pelos arquitetos Jos\u00e9 Roberto Weber Salvi e Raimundo Giorgi, com paisagismo sustent\u00e1vel orientado pela agr\u00f4noma Cl\u00e1udia Litvin. O trabalho preservou as caracter\u00edsticas do pr\u00e9dio hist\u00f3rico com uma constru\u00e7\u00e3o leve, modular e sobreposta, utilizando t\u00e9cnicas de montagem sem perfura\u00e7\u00f5es nos pisos originais. O ambiente conta com acessibilidade universal.<\/p>\n<p dir=\"ltr\">O terra\u00e7o poder\u00e1 ser visitado pelo p\u00fablico, sem necessidade de agendamento pr\u00e9vio, de ter\u00e7a-feira a domingo, das 10h \u00e0s 20h, e far\u00e1 parte dos passeios guiados\u00a0 gratuitos oferecidos pela institui\u00e7\u00e3o. <em>\u201cO Terra\u00e7o Petrobras oferece uma das vistas mais privilegiadas da Casa de Cultura Mario Quintana, agora aberto ao p\u00fablico com seguran\u00e7a e acessibilidade, atendendo \u00e0s normas de PPCI e equipado com um moderno guarda-corpo\u201d<\/em>, pontua a diretora da CCMQ, Adriana Sperandir.<\/p>\n<p dir=\"ltr\"><strong>Est\u00edmulos sensoriais<\/strong><\/p>\n<p dir=\"ltr\">Durante o evento inaugural, a sutilizadora corporal e artista Carina Sehn, e a compositora e designer de sons Carina Levitan v\u00e3o ministrar a performance \u201cEscuta do Agora no Jardim Sensorial\u201d. A meta \u00e9 oferecer um tempo de pausa e sintonia com est\u00edmulos sensoriais, como uma forma de contempla\u00e7\u00e3o e conex\u00e3o com a natureza por meio dos cinco sentidos.<\/p>\n<p dir=\"ltr\"><img loading=\"lazy\" decoding=\"async\" class=\"size-medium wp-image-80342 alignleft\" src=\"http:\/\/sol.fm.br\/radio\/wp-content\/uploads\/2025\/11\/41-5-267x400.jpg\" alt=\"\" width=\"267\" height=\"400\" srcset=\"http:\/\/sol.fm.br\/radio\/wp-content\/uploads\/2025\/11\/41-5-267x400.jpg 267w, http:\/\/sol.fm.br\/radio\/wp-content\/uploads\/2025\/11\/41-5.jpg 600w\" sizes=\"auto, (max-width: 267px) 100vw, 267px\" \/><\/p>\n<p dir=\"ltr\"><span style=\"color: initial; font-size: revert;\">A performance ainda inclui a distribui\u00e7\u00e3o de mudas de algumas das plantas presentes no local, estendendo ao p\u00fablico a oportunidade de levar uma extens\u00e3o do jardim sensorial para casa.<\/span><\/p>\n<p dir=\"ltr\">O novo recanto valoriza a biodiversidade ga\u00facha, reunindo esp\u00e9cies representativas dos biomas Pampa e Mata Atl\u00e2ntica, como Erva Pompom, Farroupilha, \u00cdris, Buti\u00e1, Erva-Mate, Guaimb\u00e9 e Capim dos Pampas.<\/p>\n<p dir=\"ltr\">Dessa forma, estimula os sentidos por meio de cores, aromas, texturas, sons e sabores, seja pela vegeta\u00e7\u00e3o ou pelos percursos que podem ser realizados no terra\u00e7o, provocando uma esp\u00e9cie de jogo sens\u00f3rio e l\u00fadico a quem o visita.<\/p>\n<p dir=\"ltr\"><strong>Nova patrocinadora<\/strong><\/p>\n<p dir=\"ltr\">O terra\u00e7o foi viabilizado pela Petrobras, que ingressou recentemente como patrocinadora da CCMQ, por meio de edital do Programa Petrobras Cultural.<\/p>\n<p dir=\"ltr\"><img loading=\"lazy\" decoding=\"async\" class=\"size-medium wp-image-80343 alignright\" src=\"http:\/\/sol.fm.br\/radio\/wp-content\/uploads\/2025\/11\/42-2-265x400.jpg\" alt=\"\" width=\"265\" height=\"400\" srcset=\"http:\/\/sol.fm.br\/radio\/wp-content\/uploads\/2025\/11\/42-2-265x400.jpg 265w, http:\/\/sol.fm.br\/radio\/wp-content\/uploads\/2025\/11\/42-2.jpg 600w\" sizes=\"auto, (max-width: 265px) 100vw, 265px\" \/><\/p>\n<p dir=\"ltr\">A empresa ainda vai proporcionar o Plano Bianual da Casa, que teve in\u00edcio no m\u00eas de agosto e ter\u00e1 vig\u00eancia at\u00e9 julho de 2027, com investimento de R$ 3,2 milh\u00f5es pela Lei Federal de Incentivo \u00e0 Cultura (Lei Rouanet).<\/p>\n<p dir=\"ltr\">O valor corresponde a mais de 50% dos recursos necess\u00e1rios para executar o plano, garantindo a manuten\u00e7\u00e3o de diversas atividades culturais gratuitas.<\/p>\n<p dir=\"ltr\">A Petrobras se soma aos outros parceiros, cujo apoio permite que a institui\u00e7\u00e3o avance em qualifica\u00e7\u00e3o art\u00edstica e oferta de espa\u00e7os, equipamentos e equipes t\u00e9cnicas para o usufruto da comunidade.<\/p>\n<p dir=\"ltr\"><strong>Sobre a CCMQ<\/strong><\/p>\n<p dir=\"ltr\">A Casa de Cultura Mario Quintana possui 11 mil m\u00b2 que abrigam livraria, caf\u00e9, restaurante, loja especializada e bar; espa\u00e7os expositivos e quatro galerias de arte, quarto do poeta e acervo pessoal os quais comp\u00f5em a mem\u00f3ria de Mario Quintana, duas bibliotecas, dois teatros e um audit\u00f3rio, salas multiuso de ensaio, oficinas e cursos, memoriais dedicados a Theodor Wiederspahn e ao poeta Oliveira Silveira, Acervo Elis Regina, Discoteca Natho Henn e tr\u00eas salas de cinema.<\/p>\n<ul>\n<li dir=\"ltr\"><a href=\"https:\/\/www.estado.rs.gov.br\/governo-eduardo-leite-anuncia-reforma-no-palacinho-sede-da-escola-de-musica-da-ospa\" target=\"_blank\" rel=\"noopener\"><b>Governo Eduardo Leite anuncia reforma no Palacinho, sede da Escola de M\u00fasica da Ospa<\/b><\/a><\/li>\n<\/ul>\n<p dir=\"ltr\">Trata-se de um dos principais centros tur\u00edsticos e culturais do Sul do Brasil, recebendo cerca de 360 mil visitantes ao ano, entre grupos escolares, turistas, artistas e comunidade em geral.\u00a0A edifica\u00e7\u00e3o onde est\u00e1 instalada a CCMQ foi projetada pelo arquiteto alem\u00e3o Theodor Wiederspahn, sendo originalmente constru\u00edda para ser o Hotel Majestic, a partir de 1916. Um de seus h\u00f3spedes ilustres foi o poeta Mario Quintana, que morou no hotel por 12 anos, de 1968 at\u00e9 1980.<\/p>\n<p dir=\"ltr\">Em 1983, o pr\u00e9dio foi arrolado como patrim\u00f4nio hist\u00f3rico, tendo in\u00edcio sua transforma\u00e7\u00e3o em centro cultural. A obra de transforma\u00e7\u00e3o f\u00edsica do espa\u00e7o desenvolveu-se de 1987 a 1990, com projeto assinado pelos arquitetos Fl\u00e1vio Kiefer e Joel Gorski. A institui\u00e7\u00e3o foi oficialmente inaugurada em 25 de setembro de 1990.<\/p>\n<hr \/>\n<h6 dir=\"ltr\"><strong>GOV RS | Texto: Ascom Sedac | Edi\u00e7\u00e3o: Secom | Fotos: Guilherme Rangel\/Divulga\u00e7\u00e3o CCMQ e Thiele Elissa\/Divulga\u00e7\u00e3o CCMQ<\/strong><\/h6>\n\n\n<center><iframe loading=\"lazy\" class=\"jmvplayer\" src=\"https:\/\/player.jmvstream.com\/lvw\/YYGWo5wfZuZ8fEW7Qoq1ISwhLSEDhU\" allowfullscreen allow=\"autoplay; fullscreen\" frameborder=\"0\" width=\"640\" height=\"360\" ><\/iframe><\/center>\n<\/div><\/div>","protected":false},"excerpt":{"rendered":"<p>Cerim\u00f4nia de apresenta\u00e7\u00e3o do Terra\u00e7o Petrobras ocorre \u00e0s 18h de ter\u00e7a-feira (25\/11) O governo Eduardo Leite ir\u00e1 inaugurar, na ter\u00e7a-feira (25\/11), um novo ambiente na Casa de Cultura Mario Quintana (CCMQ), institui\u00e7\u00e3o da Secretaria da Cultura do Estado (Sedac). Denominado Terra\u00e7o Petrobras, o espa\u00e7o est\u00e1 localizado no s\u00e9timo andar do edif\u00edcio do antigo Hotel Majestic, [&hellip;]<\/p>\n","protected":false},"author":4,"featured_media":80341,"comment_status":"open","ping_status":"open","sticky":false,"template":"","format":"standard","meta":{"footnotes":""},"categories":[1],"tags":[],"class_list":["post-80340","post","type-post","status-publish","format-standard","has-post-thumbnail","hentry","category-sem-categoria"],"_links":{"self":[{"href":"http:\/\/sol.fm.br\/radio\/wp-json\/wp\/v2\/posts\/80340","targetHints":{"allow":["GET"]}}],"collection":[{"href":"http:\/\/sol.fm.br\/radio\/wp-json\/wp\/v2\/posts"}],"about":[{"href":"http:\/\/sol.fm.br\/radio\/wp-json\/wp\/v2\/types\/post"}],"author":[{"embeddable":true,"href":"http:\/\/sol.fm.br\/radio\/wp-json\/wp\/v2\/users\/4"}],"replies":[{"embeddable":true,"href":"http:\/\/sol.fm.br\/radio\/wp-json\/wp\/v2\/comments?post=80340"}],"version-history":[{"count":1,"href":"http:\/\/sol.fm.br\/radio\/wp-json\/wp\/v2\/posts\/80340\/revisions"}],"predecessor-version":[{"id":80344,"href":"http:\/\/sol.fm.br\/radio\/wp-json\/wp\/v2\/posts\/80340\/revisions\/80344"}],"wp:featuredmedia":[{"embeddable":true,"href":"http:\/\/sol.fm.br\/radio\/wp-json\/wp\/v2\/media\/80341"}],"wp:attachment":[{"href":"http:\/\/sol.fm.br\/radio\/wp-json\/wp\/v2\/media?parent=80340"}],"wp:term":[{"taxonomy":"category","embeddable":true,"href":"http:\/\/sol.fm.br\/radio\/wp-json\/wp\/v2\/categories?post=80340"},{"taxonomy":"post_tag","embeddable":true,"href":"http:\/\/sol.fm.br\/radio\/wp-json\/wp\/v2\/tags?post=80340"}],"curies":[{"name":"wp","href":"https:\/\/api.w.org\/{rel}","templated":true}]}}